{"id":15412,"date":"2024-10-06T09:17:14","date_gmt":"2024-10-06T07:17:14","guid":{"rendered":"https:\/\/www.mairie-villemur-sur-tarn.fr\/site\/?p=15412"},"modified":"2024-10-07T09:17:44","modified_gmt":"2024-10-07T07:17:44","slug":"ateliers-dinitiation-a-la-langue-francaise","status":"publish","type":"post","link":"https:\/\/www.mairie-villemur-sur-tarn.fr\/site\/ateliers-dinitiation-a-la-langue-francaise\/","title":{"rendered":"Ateliers d&rsquo;initiation \u00e0 la langue fran\u00e7aise"},"content":{"rendered":"<p>\ud83d\udc13 \ud835\udde3\ud835\uddee\ud835\uddff\ud835\uddf9\ud835\uddf2\ud835\ude07-\ud835\ude03\ud835\uddfc\ud835\ude02\ud835\ude00 \ud835\uddf3\ud835\uddff\ud835\uddee\ud835\uddfb\ud835\uddf0\u0327\ud835\uddee\ud835\uddf6\ud835\ude00 ? \ud83d\udce2<\/p>\n<p>Si vous souhaitez apprendre le fran\u00e7ais \ud83e\ude75\ud83e\udd0d\u2764\ufe0f, rendez-vous dans nos ateliers d&rsquo;initiation \u00e0 la langue fran\u00e7aise, tous les lundis au P\u00f4le social de 13h30 \u00e0 14h45 et de 14h45 \u00e0 16h.<\/p>\n<p>\u2705 Au programme : le fran\u00e7ais du quotidien adapt\u00e9 aux situations de tous les jours (\u00e9cole, emploi, cuisine, m\u00e9decin, d\u00e9marches administratives&#8230;).<\/p>\n<p>Ateliers gratuits, r\u00e9serv\u00e9s aux habitants de Villemur et sous conditions d&rsquo;\u00e9ligibilit\u00e9.<\/p>\n<p>\ud835\udddc\ud835\uddfb\ud835\uddf3\ud835\uddfc\ud835\ude00 \ud835\uddfd\ud835\uddff\ud835\uddee\ud835\ude01\ud835\uddf6\ud835\uddfe\ud835\ude02\ud835\uddf2\ud835\ude00 :<br \/>\n\ud83d\udcc5 Chaque lundi<br \/>\n\ud83d\udd70\ufe0f 13h30-14h45 et 14h45-16h<br \/>\n\ud83d\udccd P\u00f4le Social, 2 Avenue Saint Exup\u00e9ry, 31340 Villemur-sur-Tarn<\/p>\n<p>\ud835\udde3\ud835\uddf9\ud835\ude02\ud835\ude00 \ud835\uddf1&rsquo;\ud835\uddf6\ud835\uddfb\ud835\uddf3\ud835\uddfc\ud835\uddff\ud835\uddfa\ud835\uddee\ud835\ude01\ud835\uddf6\ud835\uddfc\ud835\uddfb\ud835\ude00 \ud835\uddf2\ud835\ude01 \ud835\uddf6\ud835\uddfb\ud835\ude00\ud835\uddf0\ud835\uddff\ud835\uddf6\ud835\uddfd\ud835\ude01\ud835\uddf6\ud835\uddfc\ud835\uddfb\ud835\ude00 :<br \/>\n\ud83d\udcde 05 61 09 91 38<br \/>\n\u2709\ufe0f contact@valaigo.fr<\/p>\n","protected":false},"excerpt":{"rendered":"<p>\ud83d\udc13 \ud835\udde3\ud835\uddee\ud835\uddff\ud835\uddf9\ud835\uddf2\ud835\ude07-\ud835\ude03\ud835\uddfc\ud835\ude02\ud835\ude00 \ud835\uddf3\ud835\uddff\ud835\uddee\ud835\uddfb\ud835\uddf0\u0327\ud835\uddee\ud835\uddf6\ud835\ude00 ? \ud83d\udce2 Si vous souhaitez apprendre le fran\u00e7ais \ud83e\ude75\ud83e\udd0d\u2764\ufe0f, rendez-vous dans nos ateliers d&rsquo;initiation \u00e0 la langue fran\u00e7aise, tous les lundis au P\u00f4le social de 13h30 \u00e0 14h45 et de 14h45 \u00e0 16h. \u2705 Au programme : le fran\u00e7ais du quotidien adapt\u00e9 aux situations de tous les jours (\u00e9cole, emploi, cuisine, m\u00e9decin, [&hellip;]<\/p>\n","protected":false},"author":10,"featured_media":15413,"comment_status":"closed","ping_status":"open","sticky":false,"template":"","format":"standard","meta":{"_uag_custom_page_level_css":"","ngg_post_thumbnail":0,"footnotes":""},"categories":[1,42,71],"tags":[],"class_list":["post-15412","post","type-post","status-publish","format-standard","has-post-thumbnail","hentry","category-actualites","category-solidarite-actualites","category-vie-locale"],"yoast_head":"<!-- This site is optimized with the Yoast SEO plugin v27.5 - https:\/\/yoast.com\/product\/yoast-seo-wordpress\/ -->\n<title>Ateliers d&#039;initiation \u00e0 la langue fran\u00e7aise - Mairie Villemur-sur-Tarn<\/title>\n<meta name=\"description\" content=\"Le P\u00f4le Social propose des ateliers d&#039;initiation \u00e0 la langue fran\u00e7aise \u00e0 Villemur-sur-Tarn pour les personnes qui souhaitent apprendre.\" \/>\n<meta name=\"robots\" content=\"index, follow, max-snippet:-1, max-image-preview:large, max-video-preview:-1\" \/>\n<link rel=\"canonical\" href=\"https:\/\/www.mairie-villemur-sur-tarn.fr\/site\/ateliers-dinitiation-a-la-langue-francaise\/\" \/>\n<meta property=\"og:locale\" content=\"fr_FR\" \/>\n<meta property=\"og:type\" content=\"article\" \/>\n<meta property=\"og:title\" content=\"Ateliers d&#039;initiation \u00e0 la langue fran\u00e7aise - Mairie Villemur-sur-Tarn\" \/>\n<meta property=\"og:description\" content=\"Le P\u00f4le Social propose des ateliers d&#039;initiation \u00e0 la langue fran\u00e7aise \u00e0 Villemur-sur-Tarn pour les personnes qui souhaitent apprendre.\" \/>\n<meta property=\"og:url\" content=\"https:\/\/www.mairie-villemur-sur-tarn.fr\/site\/ateliers-dinitiation-a-la-langue-francaise\/\" \/>\n<meta property=\"og:site_name\" content=\"Mairie Villemur-sur-Tarn\" \/>\n<meta property=\"article:publisher\" content=\"https:\/\/www.facebook.com\/mairievillemursurtarn\" \/>\n<meta property=\"article:published_time\" content=\"2024-10-06T07:17:14+00:00\" \/>\n<meta property=\"article:modified_time\" content=\"2024-10-07T07:17:44+00:00\" \/>\n<meta property=\"og:image\" content=\"https:\/\/www.mairie-villemur-sur-tarn.fr\/site\/wp-content\/uploads\/Img-mise-en-avant-WP-1200x630px-19.jpg\" \/>\n\t<meta property=\"og:image:width\" content=\"1600\" \/>\n\t<meta property=\"og:image:height\" content=\"840\" \/>\n\t<meta property=\"og:image:type\" content=\"image\/jpeg\" \/>\n<meta name=\"author\" content=\"Marie Roum\u00e9goux\" \/>\n<meta name=\"twitter:card\" content=\"summary_large_image\" \/>\n<meta name=\"twitter:label1\" content=\"\u00c9crit par\" \/>\n\t<meta name=\"twitter:data1\" content=\"Marie Roum\u00e9goux\" \/>\n\t<meta name=\"twitter:label2\" content=\"Dur\u00e9e de lecture estim\u00e9e\" \/>\n\t<meta name=\"twitter:data2\" content=\"1 minute\" \/>\n<script type=\"application\/ld+json\" class=\"yoast-schema-graph\">{\"@context\":\"https:\\\/\\\/schema.org\",\"@graph\":[{\"@type\":\"Article\",\"@id\":\"https:\\\/\\\/www.mairie-villemur-sur-tarn.fr\\\/site\\\/ateliers-dinitiation-a-la-langue-francaise\\\/#article\",\"isPartOf\":{\"@id\":\"https:\\\/\\\/www.mairie-villemur-sur-tarn.fr\\\/site\\\/ateliers-dinitiation-a-la-langue-francaise\\\/\"},\"author\":{\"name\":\"Marie Roum\u00e9goux\",\"@id\":\"https:\\\/\\\/www.mairie-villemur-sur-tarn.fr\\\/site\\\/#\\\/schema\\\/person\\\/6cacfac2211423e8819455594290c42d\"},\"headline\":\"Ateliers d&rsquo;initiation \u00e0 la langue fran\u00e7aise\",\"datePublished\":\"2024-10-06T07:17:14+00:00\",\"dateModified\":\"2024-10-07T07:17:44+00:00\",\"mainEntityOfPage\":{\"@id\":\"https:\\\/\\\/www.mairie-villemur-sur-tarn.fr\\\/site\\\/ateliers-dinitiation-a-la-langue-francaise\\\/\"},\"wordCount\":94,\"publisher\":{\"@id\":\"https:\\\/\\\/www.mairie-villemur-sur-tarn.fr\\\/site\\\/#organization\"},\"image\":{\"@id\":\"https:\\\/\\\/www.mairie-villemur-sur-tarn.fr\\\/site\\\/ateliers-dinitiation-a-la-langue-francaise\\\/#primaryimage\"},\"thumbnailUrl\":\"https:\\\/\\\/www.mairie-villemur-sur-tarn.fr\\\/site\\\/wp-content\\\/uploads\\\/Img-mise-en-avant-WP-1200x630px-19.jpg\",\"articleSection\":[\"Actualit\u00e9s\",\"Solidarit\u00e9\",\"Vie locale\"],\"inLanguage\":\"fr-FR\"},{\"@type\":\"WebPage\",\"@id\":\"https:\\\/\\\/www.mairie-villemur-sur-tarn.fr\\\/site\\\/ateliers-dinitiation-a-la-langue-francaise\\\/\",\"url\":\"https:\\\/\\\/www.mairie-villemur-sur-tarn.fr\\\/site\\\/ateliers-dinitiation-a-la-langue-francaise\\\/\",\"name\":\"Ateliers d'initiation \u00e0 la langue fran\u00e7aise - Mairie Villemur-sur-Tarn\",\"isPartOf\":{\"@id\":\"https:\\\/\\\/www.mairie-villemur-sur-tarn.fr\\\/site\\\/#website\"},\"primaryImageOfPage\":{\"@id\":\"https:\\\/\\\/www.mairie-villemur-sur-tarn.fr\\\/site\\\/ateliers-dinitiation-a-la-langue-francaise\\\/#primaryimage\"},\"image\":{\"@id\":\"https:\\\/\\\/www.mairie-villemur-sur-tarn.fr\\\/site\\\/ateliers-dinitiation-a-la-langue-francaise\\\/#primaryimage\"},\"thumbnailUrl\":\"https:\\\/\\\/www.mairie-villemur-sur-tarn.fr\\\/site\\\/wp-content\\\/uploads\\\/Img-mise-en-avant-WP-1200x630px-19.jpg\",\"datePublished\":\"2024-10-06T07:17:14+00:00\",\"dateModified\":\"2024-10-07T07:17:44+00:00\",\"description\":\"Le P\u00f4le Social propose des ateliers d'initiation \u00e0 la langue fran\u00e7aise \u00e0 Villemur-sur-Tarn pour les personnes qui souhaitent apprendre.\",\"breadcrumb\":{\"@id\":\"https:\\\/\\\/www.mairie-villemur-sur-tarn.fr\\\/site\\\/ateliers-dinitiation-a-la-langue-francaise\\\/#breadcrumb\"},\"inLanguage\":\"fr-FR\",\"potentialAction\":[{\"@type\":\"ReadAction\",\"target\":[\"https:\\\/\\\/www.mairie-villemur-sur-tarn.fr\\\/site\\\/ateliers-dinitiation-a-la-langue-francaise\\\/\"]}]},{\"@type\":\"ImageObject\",\"inLanguage\":\"fr-FR\",\"@id\":\"https:\\\/\\\/www.mairie-villemur-sur-tarn.fr\\\/site\\\/ateliers-dinitiation-a-la-langue-francaise\\\/#primaryimage\",\"url\":\"https:\\\/\\\/www.mairie-villemur-sur-tarn.fr\\\/site\\\/wp-content\\\/uploads\\\/Img-mise-en-avant-WP-1200x630px-19.jpg\",\"contentUrl\":\"https:\\\/\\\/www.mairie-villemur-sur-tarn.fr\\\/site\\\/wp-content\\\/uploads\\\/Img-mise-en-avant-WP-1200x630px-19.jpg\",\"width\":1600,\"height\":840,\"caption\":\"Ateliers langue fran\u00e7aise villemur sur Tarn\"},{\"@type\":\"BreadcrumbList\",\"@id\":\"https:\\\/\\\/www.mairie-villemur-sur-tarn.fr\\\/site\\\/ateliers-dinitiation-a-la-langue-francaise\\\/#breadcrumb\",\"itemListElement\":[{\"@type\":\"ListItem\",\"position\":1,\"name\":\"Accueil\",\"item\":\"https:\\\/\\\/www.mairie-villemur-sur-tarn.fr\\\/site\\\/\"},{\"@type\":\"ListItem\",\"position\":2,\"name\":\"Ateliers d&#8217;initiation \u00e0 la langue fran\u00e7aise\"}]},{\"@type\":\"WebSite\",\"@id\":\"https:\\\/\\\/www.mairie-villemur-sur-tarn.fr\\\/site\\\/#website\",\"url\":\"https:\\\/\\\/www.mairie-villemur-sur-tarn.fr\\\/site\\\/\",\"name\":\"Mairie Villemur-sur-Tarn\",\"description\":\"Site officiel canton Villemur Toulouse Nord. D\u00e9marches en ligne, conseil municipal, actualit\u00e9s Villemur, Annuaire Villemur, March\u00e9s...\",\"publisher\":{\"@id\":\"https:\\\/\\\/www.mairie-villemur-sur-tarn.fr\\\/site\\\/#organization\"},\"potentialAction\":[{\"@type\":\"SearchAction\",\"target\":{\"@type\":\"EntryPoint\",\"urlTemplate\":\"https:\\\/\\\/www.mairie-villemur-sur-tarn.fr\\\/site\\\/?s={search_term_string}\"},\"query-input\":{\"@type\":\"PropertyValueSpecification\",\"valueRequired\":true,\"valueName\":\"search_term_string\"}}],\"inLanguage\":\"fr-FR\"},{\"@type\":\"Organization\",\"@id\":\"https:\\\/\\\/www.mairie-villemur-sur-tarn.fr\\\/site\\\/#organization\",\"name\":\"Mairie Villemur-sur-Tarn\",\"url\":\"https:\\\/\\\/www.mairie-villemur-sur-tarn.fr\\\/site\\\/\",\"logo\":{\"@type\":\"ImageObject\",\"inLanguage\":\"fr-FR\",\"@id\":\"https:\\\/\\\/www.mairie-villemur-sur-tarn.fr\\\/site\\\/#\\\/schema\\\/logo\\\/image\\\/\",\"url\":\"https:\\\/\\\/www.mairie-villemur-sur-tarn.fr\\\/site\\\/wp-content\\\/uploads\\\/Villemur-LOGO-carre-PNG.png\",\"contentUrl\":\"https:\\\/\\\/www.mairie-villemur-sur-tarn.fr\\\/site\\\/wp-content\\\/uploads\\\/Villemur-LOGO-carre-PNG.png\",\"width\":887,\"height\":886,\"caption\":\"Mairie Villemur-sur-Tarn\"},\"image\":{\"@id\":\"https:\\\/\\\/www.mairie-villemur-sur-tarn.fr\\\/site\\\/#\\\/schema\\\/logo\\\/image\\\/\"},\"sameAs\":[\"https:\\\/\\\/www.facebook.com\\\/mairievillemursurtarn\",\"https:\\\/\\\/www.instagram.com\\\/villemur_sur_tarn\\\/\"]},{\"@type\":\"Person\",\"@id\":\"https:\\\/\\\/www.mairie-villemur-sur-tarn.fr\\\/site\\\/#\\\/schema\\\/person\\\/6cacfac2211423e8819455594290c42d\",\"name\":\"Marie Roum\u00e9goux\",\"image\":{\"@type\":\"ImageObject\",\"inLanguage\":\"fr-FR\",\"@id\":\"https:\\\/\\\/secure.gravatar.com\\\/avatar\\\/b28c392ce9b953ddf7e1aaca2fd50fc1d59e58def58364aacd0194b4cea74754?s=96&d=mm&r=g\",\"url\":\"https:\\\/\\\/secure.gravatar.com\\\/avatar\\\/b28c392ce9b953ddf7e1aaca2fd50fc1d59e58def58364aacd0194b4cea74754?s=96&d=mm&r=g\",\"contentUrl\":\"https:\\\/\\\/secure.gravatar.com\\\/avatar\\\/b28c392ce9b953ddf7e1aaca2fd50fc1d59e58def58364aacd0194b4cea74754?s=96&d=mm&r=g\",\"caption\":\"Marie Roum\u00e9goux\"},\"url\":\"https:\\\/\\\/www.mairie-villemur-sur-tarn.fr\\\/site\\\/author\\\/marie_graphiste_31340\\\/\"}]}<\/script>\n<!-- \/ Yoast SEO plugin. -->","yoast_head_json":{"title":"Ateliers d'initiation \u00e0 la langue fran\u00e7aise - Mairie Villemur-sur-Tarn","description":"Le P\u00f4le Social propose des ateliers d'initiation \u00e0 la langue fran\u00e7aise \u00e0 Villemur-sur-Tarn pour les personnes qui souhaitent apprendre.","robots":{"index":"index","follow":"follow","max-snippet":"max-snippet:-1","max-image-preview":"max-image-preview:large","max-video-preview":"max-video-preview:-1"},"canonical":"https:\/\/www.mairie-villemur-sur-tarn.fr\/site\/ateliers-dinitiation-a-la-langue-francaise\/","og_locale":"fr_FR","og_type":"article","og_title":"Ateliers d'initiation \u00e0 la langue fran\u00e7aise - Mairie Villemur-sur-Tarn","og_description":"Le P\u00f4le Social propose des ateliers d'initiation \u00e0 la langue fran\u00e7aise \u00e0 Villemur-sur-Tarn pour les personnes qui souhaitent apprendre.","og_url":"https:\/\/www.mairie-villemur-sur-tarn.fr\/site\/ateliers-dinitiation-a-la-langue-francaise\/","og_site_name":"Mairie Villemur-sur-Tarn","article_publisher":"https:\/\/www.facebook.com\/mairievillemursurtarn","article_published_time":"2024-10-06T07:17:14+00:00","article_modified_time":"2024-10-07T07:17:44+00:00","og_image":[{"width":1600,"height":840,"url":"https:\/\/www.mairie-villemur-sur-tarn.fr\/site\/wp-content\/uploads\/Img-mise-en-avant-WP-1200x630px-19.jpg","type":"image\/jpeg"}],"author":"Marie Roum\u00e9goux","twitter_card":"summary_large_image","twitter_misc":{"\u00c9crit par":"Marie Roum\u00e9goux","Dur\u00e9e de lecture estim\u00e9e":"1 minute"},"schema":{"@context":"https:\/\/schema.org","@graph":[{"@type":"Article","@id":"https:\/\/www.mairie-villemur-sur-tarn.fr\/site\/ateliers-dinitiation-a-la-langue-francaise\/#article","isPartOf":{"@id":"https:\/\/www.mairie-villemur-sur-tarn.fr\/site\/ateliers-dinitiation-a-la-langue-francaise\/"},"author":{"name":"Marie Roum\u00e9goux","@id":"https:\/\/www.mairie-villemur-sur-tarn.fr\/site\/#\/schema\/person\/6cacfac2211423e8819455594290c42d"},"headline":"Ateliers d&rsquo;initiation \u00e0 la langue fran\u00e7aise","datePublished":"2024-10-06T07:17:14+00:00","dateModified":"2024-10-07T07:17:44+00:00","mainEntityOfPage":{"@id":"https:\/\/www.mairie-villemur-sur-tarn.fr\/site\/ateliers-dinitiation-a-la-langue-francaise\/"},"wordCount":94,"publisher":{"@id":"https:\/\/www.mairie-villemur-sur-tarn.fr\/site\/#organization"},"image":{"@id":"https:\/\/www.mairie-villemur-sur-tarn.fr\/site\/ateliers-dinitiation-a-la-langue-francaise\/#primaryimage"},"thumbnailUrl":"https:\/\/www.mairie-villemur-sur-tarn.fr\/site\/wp-content\/uploads\/Img-mise-en-avant-WP-1200x630px-19.jpg","articleSection":["Actualit\u00e9s","Solidarit\u00e9","Vie locale"],"inLanguage":"fr-FR"},{"@type":"WebPage","@id":"https:\/\/www.mairie-villemur-sur-tarn.fr\/site\/ateliers-dinitiation-a-la-langue-francaise\/","url":"https:\/\/www.mairie-villemur-sur-tarn.fr\/site\/ateliers-dinitiation-a-la-langue-francaise\/","name":"Ateliers d'initiation \u00e0 la langue fran\u00e7aise - Mairie Villemur-sur-Tarn","isPartOf":{"@id":"https:\/\/www.mairie-villemur-sur-tarn.fr\/site\/#website"},"primaryImageOfPage":{"@id":"https:\/\/www.mairie-villemur-sur-tarn.fr\/site\/ateliers-dinitiation-a-la-langue-francaise\/#primaryimage"},"image":{"@id":"https:\/\/www.mairie-villemur-sur-tarn.fr\/site\/ateliers-dinitiation-a-la-langue-francaise\/#primaryimage"},"thumbnailUrl":"https:\/\/www.mairie-villemur-sur-tarn.fr\/site\/wp-content\/uploads\/Img-mise-en-avant-WP-1200x630px-19.jpg","datePublished":"2024-10-06T07:17:14+00:00","dateModified":"2024-10-07T07:17:44+00:00","description":"Le P\u00f4le Social propose des ateliers d'initiation \u00e0 la langue fran\u00e7aise \u00e0 Villemur-sur-Tarn pour les personnes qui souhaitent apprendre.","breadcrumb":{"@id":"https:\/\/www.mairie-villemur-sur-tarn.fr\/site\/ateliers-dinitiation-a-la-langue-francaise\/#breadcrumb"},"inLanguage":"fr-FR","potentialAction":[{"@type":"ReadAction","target":["https:\/\/www.mairie-villemur-sur-tarn.fr\/site\/ateliers-dinitiation-a-la-langue-francaise\/"]}]},{"@type":"ImageObject","inLanguage":"fr-FR","@id":"https:\/\/www.mairie-villemur-sur-tarn.fr\/site\/ateliers-dinitiation-a-la-langue-francaise\/#primaryimage","url":"https:\/\/www.mairie-villemur-sur-tarn.fr\/site\/wp-content\/uploads\/Img-mise-en-avant-WP-1200x630px-19.jpg","contentUrl":"https:\/\/www.mairie-villemur-sur-tarn.fr\/site\/wp-content\/uploads\/Img-mise-en-avant-WP-1200x630px-19.jpg","width":1600,"height":840,"caption":"Ateliers langue fran\u00e7aise villemur sur Tarn"},{"@type":"BreadcrumbList","@id":"https:\/\/www.mairie-villemur-sur-tarn.fr\/site\/ateliers-dinitiation-a-la-langue-francaise\/#breadcrumb","itemListElement":[{"@type":"ListItem","position":1,"name":"Accueil","item":"https:\/\/www.mairie-villemur-sur-tarn.fr\/site\/"},{"@type":"ListItem","position":2,"name":"Ateliers d&#8217;initiation \u00e0 la langue fran\u00e7aise"}]},{"@type":"WebSite","@id":"https:\/\/www.mairie-villemur-sur-tarn.fr\/site\/#website","url":"https:\/\/www.mairie-villemur-sur-tarn.fr\/site\/","name":"Mairie Villemur-sur-Tarn","description":"Site officiel canton Villemur Toulouse Nord. D\u00e9marches en ligne, conseil municipal, actualit\u00e9s Villemur, Annuaire Villemur, March\u00e9s...","publisher":{"@id":"https:\/\/www.mairie-villemur-sur-tarn.fr\/site\/#organization"},"potentialAction":[{"@type":"SearchAction","target":{"@type":"EntryPoint","urlTemplate":"https:\/\/www.mairie-villemur-sur-tarn.fr\/site\/?s={search_term_string}"},"query-input":{"@type":"PropertyValueSpecification","valueRequired":true,"valueName":"search_term_string"}}],"inLanguage":"fr-FR"},{"@type":"Organization","@id":"https:\/\/www.mairie-villemur-sur-tarn.fr\/site\/#organization","name":"Mairie Villemur-sur-Tarn","url":"https:\/\/www.mairie-villemur-sur-tarn.fr\/site\/","logo":{"@type":"ImageObject","inLanguage":"fr-FR","@id":"https:\/\/www.mairie-villemur-sur-tarn.fr\/site\/#\/schema\/logo\/image\/","url":"https:\/\/www.mairie-villemur-sur-tarn.fr\/site\/wp-content\/uploads\/Villemur-LOGO-carre-PNG.png","contentUrl":"https:\/\/www.mairie-villemur-sur-tarn.fr\/site\/wp-content\/uploads\/Villemur-LOGO-carre-PNG.png","width":887,"height":886,"caption":"Mairie Villemur-sur-Tarn"},"image":{"@id":"https:\/\/www.mairie-villemur-sur-tarn.fr\/site\/#\/schema\/logo\/image\/"},"sameAs":["https:\/\/www.facebook.com\/mairievillemursurtarn","https:\/\/www.instagram.com\/villemur_sur_tarn\/"]},{"@type":"Person","@id":"https:\/\/www.mairie-villemur-sur-tarn.fr\/site\/#\/schema\/person\/6cacfac2211423e8819455594290c42d","name":"Marie Roum\u00e9goux","image":{"@type":"ImageObject","inLanguage":"fr-FR","@id":"https:\/\/secure.gravatar.com\/avatar\/b28c392ce9b953ddf7e1aaca2fd50fc1d59e58def58364aacd0194b4cea74754?s=96&d=mm&r=g","url":"https:\/\/secure.gravatar.com\/avatar\/b28c392ce9b953ddf7e1aaca2fd50fc1d59e58def58364aacd0194b4cea74754?s=96&d=mm&r=g","contentUrl":"https:\/\/secure.gravatar.com\/avatar\/b28c392ce9b953ddf7e1aaca2fd50fc1d59e58def58364aacd0194b4cea74754?s=96&d=mm&r=g","caption":"Marie Roum\u00e9goux"},"url":"https:\/\/www.mairie-villemur-sur-tarn.fr\/site\/author\/marie_graphiste_31340\/"}]}},"uagb_featured_image_src":{"full":["https:\/\/www.mairie-villemur-sur-tarn.fr\/site\/wp-content\/uploads\/Img-mise-en-avant-WP-1200x630px-19.jpg",1600,840,false],"thumbnail":["https:\/\/www.mairie-villemur-sur-tarn.fr\/site\/wp-content\/uploads\/Img-mise-en-avant-WP-1200x630px-19-150x150.jpg",150,150,true],"medium":["https:\/\/www.mairie-villemur-sur-tarn.fr\/site\/wp-content\/uploads\/Img-mise-en-avant-WP-1200x630px-19-300x300.jpg",300,300,true],"medium_large":["https:\/\/www.mairie-villemur-sur-tarn.fr\/site\/wp-content\/uploads\/Img-mise-en-avant-WP-1200x630px-19-768x403.jpg",768,403,true],"large":["https:\/\/www.mairie-villemur-sur-tarn.fr\/site\/wp-content\/uploads\/Img-mise-en-avant-WP-1200x630px-19-1024x538.jpg",900,473,true],"1536x1536":["https:\/\/www.mairie-villemur-sur-tarn.fr\/site\/wp-content\/uploads\/Img-mise-en-avant-WP-1200x630px-19-1536x806.jpg",1536,806,true],"2048x2048":["https:\/\/www.mairie-villemur-sur-tarn.fr\/site\/wp-content\/uploads\/Img-mise-en-avant-WP-1200x630px-19.jpg",1600,840,false],"post-thumbnail":["https:\/\/www.mairie-villemur-sur-tarn.fr\/site\/wp-content\/uploads\/Img-mise-en-avant-WP-1200x630px-19-600x315.jpg",600,315,true],"winnex_medium":["https:\/\/www.mairie-villemur-sur-tarn.fr\/site\/wp-content\/uploads\/Img-mise-en-avant-WP-1200x630px-19-500x375.jpg",500,375,true],"winnex_height":["https:\/\/www.mairie-villemur-sur-tarn.fr\/site\/wp-content\/uploads\/Img-mise-en-avant-WP-1200x630px-19-400x468.jpg",400,468,true]},"uagb_author_info":{"display_name":"Marie Roum\u00e9goux","author_link":"https:\/\/www.mairie-villemur-sur-tarn.fr\/site\/author\/marie_graphiste_31340\/"},"uagb_comment_info":0,"uagb_excerpt":"\ud83d\udc13 \ud835\udde3\ud835\uddee\ud835\uddff\ud835\uddf9\ud835\uddf2\ud835\ude07-\ud835\ude03\ud835\uddfc\ud835\ude02\ud835\ude00 \ud835\uddf3\ud835\uddff\ud835\uddee\ud835\uddfb\ud835\uddf0\u0327\ud835\uddee\ud835\uddf6\ud835\ude00 ? \ud83d\udce2 Si vous souhaitez apprendre le fran\u00e7ais \ud83e\ude75\ud83e\udd0d\u2764\ufe0f, rendez-vous dans nos ateliers d&rsquo;initiation \u00e0 la langue fran\u00e7aise, tous les lundis au P\u00f4le social de 13h30 \u00e0 14h45 et de 14h45 \u00e0 16h. \u2705 Au programme : le fran\u00e7ais du quotidien adapt\u00e9 aux situations de tous les jours (\u00e9cole, emploi, cuisine, m\u00e9decin,\u2026","_links":{"self":[{"href":"https:\/\/www.mairie-villemur-sur-tarn.fr\/site\/wp-json\/wp\/v2\/posts\/15412","targetHints":{"allow":["GET"]}}],"collection":[{"href":"https:\/\/www.mairie-villemur-sur-tarn.fr\/site\/wp-json\/wp\/v2\/posts"}],"about":[{"href":"https:\/\/www.mairie-villemur-sur-tarn.fr\/site\/wp-json\/wp\/v2\/types\/post"}],"author":[{"embeddable":true,"href":"https:\/\/www.mairie-villemur-sur-tarn.fr\/site\/wp-json\/wp\/v2\/users\/10"}],"replies":[{"embeddable":true,"href":"https:\/\/www.mairie-villemur-sur-tarn.fr\/site\/wp-json\/wp\/v2\/comments?post=15412"}],"version-history":[{"count":2,"href":"https:\/\/www.mairie-villemur-sur-tarn.fr\/site\/wp-json\/wp\/v2\/posts\/15412\/revisions"}],"predecessor-version":[{"id":15415,"href":"https:\/\/www.mairie-villemur-sur-tarn.fr\/site\/wp-json\/wp\/v2\/posts\/15412\/revisions\/15415"}],"wp:featuredmedia":[{"embeddable":true,"href":"https:\/\/www.mairie-villemur-sur-tarn.fr\/site\/wp-json\/wp\/v2\/media\/15413"}],"wp:attachment":[{"href":"https:\/\/www.mairie-villemur-sur-tarn.fr\/site\/wp-json\/wp\/v2\/media?parent=15412"}],"wp:term":[{"taxonomy":"category","embeddable":true,"href":"https:\/\/www.mairie-villemur-sur-tarn.fr\/site\/wp-json\/wp\/v2\/categories?post=15412"},{"taxonomy":"post_tag","embeddable":true,"href":"https:\/\/www.mairie-villemur-sur-tarn.fr\/site\/wp-json\/wp\/v2\/tags?post=15412"}],"curies":[{"name":"wp","href":"https:\/\/api.w.org\/{rel}","templated":true}]}}