{"id":17056,"date":"2025-04-30T09:38:29","date_gmt":"2025-04-30T07:38:29","guid":{"rendered":"https:\/\/www.mairie-villemur-sur-tarn.fr\/site\/?p=17056"},"modified":"2025-04-30T09:38:29","modified_gmt":"2025-04-30T07:38:29","slug":"permanences-ma-commune-ma-sante","status":"publish","type":"post","link":"https:\/\/www.mairie-villemur-sur-tarn.fr\/site\/permanences-ma-commune-ma-sante\/","title":{"rendered":"Permanences Ma Commune Ma Sant\u00e9"},"content":{"rendered":"<p>[vc_row][vc_column width=\u00a0\u00bb2\/3&Prime;][vc_column_text]<em>Vous n\u2019avez plus de mutuelle parce que c\u2019est trop cher ? Vous ne savez plus vers quelle mutuelle vous tourner au vu du nombre d\u2019offres diff\u00e9rentes ? Le Centre intercommunal d\u2019Action Sociale vous accompagne gr\u00e2ce au dispositif Ma Commune Ma Sant\u00e9.<\/em>[\/vc_column_text][vc_column_text]Le dispositif <strong>Ma Commune Ma Sant\u00e9<\/strong> est une solution de sant\u00e9 mutualis\u00e9e permettant aux habitants de Villemur, <strong>gr\u00e2ce \u00e0 la Communaut\u00e9 de communes Val\u2019A\u00efgo<\/strong>, de b\u00e9n\u00e9ficier des conseils d\u2019une <strong>r\u00e9f\u00e9rente mutuelle<\/strong> dans le choix de leur propre compl\u00e9mentaire de sant\u00e9 ou bien de la pr\u00e9sentation des diff\u00e9rentes offres existantes au meilleur prix. Le conseil est 100% gratuit et sur rendez-vous. Les diff\u00e9rentes offres de mutuelle propos\u00e9es par le dispositif tiennent compte des besoins et des budgets de chacun.<\/p>\n<p><strong>N\u2019h\u00e9sitez pas \u00e0 vous renseigner, gratuitement, aupr\u00e8s de l\u2019accueil du P\u00f4le social.<\/strong>[\/vc_column_text][vc_column_text css=\u00a0\u00bb.vc_custom_1745998562007{border-top-width: 2px !important;border-right-width: 2px !important;border-bottom-width: 2px !important;border-left-width: 2px !important;padding-top: 20px !important;padding-right: 20px !important;padding-bottom: 20px !important;padding-left: 20px !important;background-color: #248921 !important;}\u00a0\u00bb]<span style=\"color: #ffffff;\">Si vous ne pouvez absolument pas vous d\u00e9placer, ou si les horaires des permanences ne vous permettent pas d\u2019\u00eatre pr\u00e9sent, la r\u00e9f\u00e9rente Ma Commune Ma Sant\u00e9 peut se d\u00e9placer \u00e0 votre domicile de mani\u00e8re exceptionnelle. N\u2019h\u00e9sitez pas \u00e0 la contacter directement pour prendre rendez-vous au <a style=\"color: #ffffff;\" href=\"tel:0616268807\">06 16 26 88 07<\/a>.<\/span>[\/vc_column_text][\/vc_column][vc_column width=\u00a0\u00bb1\/3&Prime;][vc_column_text]<\/p>\n<h4><span style=\"color: #ff6600;\">Les infos pratiques<\/span><\/h4>\n<p>Permanences mensuelles sur rendez-vous \u00e0 l\u2019accueil du P\u00f4le social<\/p>\n<p><strong><span style=\"color: #ff6600;\"><i class=\"fas fa-phone-alt \" ><\/i><\/span> <\/strong>05 61 09 91 38<\/p>\n<p>&nbsp;[\/vc_column_text][vc_column_text css=\u00a0\u00bb.vc_custom_1745998482093{margin-top: -50px !important;border-top-width: 2px !important;border-right-width: 2px !important;border-bottom-width: 2px !important;border-left-width: 2px !important;padding-top: 20px !important;padding-right: 20px !important;padding-bottom: 20px !important;padding-left: 20px !important;border-left-color: #dd9933 !important;border-left-style: dotted !important;border-right-color: #dd9933 !important;border-right-style: dotted !important;border-top-color: #dd9933 !important;border-top-style: dotted !important;border-bottom-color: #dd9933 !important;border-bottom-style: dotted !important;border-radius: 5px !important;}\u00a0\u00bb]<\/p>\n<h4><span style=\"color: #ff6600;\">Les permanences<\/span><\/h4>\n<p>N&rsquo;h\u00e9sitez pas \u00e0 prendre rendez-vous si l&rsquo;une de ces permanences vous int\u00e9resse.<\/p>\n<ul>\n<li>jeudi 15 mai, de 14h \u00e0 17h<\/li>\n<li>jeudi 5 juin, de 14h \u00e0 17h<\/li>\n<li>jeudi 3 juillet, de 14h \u00e0 17h<\/li>\n<li>jeudi 28 ao\u00fbt, de 14h \u00e0 17h<\/li>\n<li>jeudi 18 septembre, de 14h \u00e0 17h<\/li>\n<li>jeudi 19 octobre, de 14h \u00e0 17h<\/li>\n<li>jeudi 6 novembre, de 14h \u00e0 17h<\/li>\n<li>jeudi 18 d\u00e9cembre, de 14h \u00e0 17h<\/li>\n<\/ul>\n<p>[\/vc_column_text][\/vc_column][\/vc_row]<\/p>\n","protected":false},"excerpt":{"rendered":"<p>[vc_row][vc_column width=\u00a0\u00bb2\/3&Prime;][vc_column_text]Vous n\u2019avez plus de mutuelle parce que c\u2019est trop cher ? Vous ne savez plus vers quelle mutuelle vous tourner au vu du nombre d\u2019offres diff\u00e9rentes ? Le Centre intercommunal d\u2019Action Sociale vous accompagne gr\u00e2ce au dispositif Ma Commune Ma Sant\u00e9.[\/vc_column_text][vc_column_text]Le dispositif Ma Commune Ma Sant\u00e9 est une solution de sant\u00e9 mutualis\u00e9e permettant aux [&hellip;]<\/p>\n","protected":false},"author":1,"featured_media":17059,"comment_status":"closed","ping_status":"open","sticky":false,"template":"","format":"standard","meta":{"_uag_custom_page_level_css":"","ngg_post_thumbnail":0,"footnotes":""},"categories":[1,42,48],"tags":[],"class_list":["post-17056","post","type-post","status-publish","format-standard","has-post-thumbnail","hentry","category-actualites","category-solidarite-actualites","category-vos-services"],"yoast_head":"<!-- This site is optimized with the Yoast SEO plugin v27.5 - https:\/\/yoast.com\/product\/yoast-seo-wordpress\/ -->\n<title>Permanences Ma Commune Ma Sant\u00e9 - Mairie Villemur-sur-Tarn<\/title>\n<meta name=\"description\" content=\"Ma Commune Ma Sant\u00e9 est un dispositif propos\u00e9 \u00e0 tous les habitants pour leur permettre de mieux comprendre les offres des mutuelles.\" \/>\n<meta name=\"robots\" content=\"index, follow, max-snippet:-1, max-image-preview:large, max-video-preview:-1\" \/>\n<link rel=\"canonical\" href=\"https:\/\/www.mairie-villemur-sur-tarn.fr\/site\/permanences-ma-commune-ma-sante\/\" \/>\n<meta property=\"og:locale\" content=\"fr_FR\" \/>\n<meta property=\"og:type\" content=\"article\" \/>\n<meta property=\"og:title\" content=\"Permanences Ma Commune Ma Sant\u00e9 - Mairie Villemur-sur-Tarn\" \/>\n<meta property=\"og:description\" content=\"Ma Commune Ma Sant\u00e9 est un dispositif propos\u00e9 \u00e0 tous les habitants pour leur permettre de mieux comprendre les offres des mutuelles.\" \/>\n<meta property=\"og:url\" content=\"https:\/\/www.mairie-villemur-sur-tarn.fr\/site\/permanences-ma-commune-ma-sante\/\" \/>\n<meta property=\"og:site_name\" content=\"Mairie Villemur-sur-Tarn\" \/>\n<meta property=\"article:publisher\" content=\"https:\/\/www.facebook.com\/mairievillemursurtarn\" \/>\n<meta property=\"article:published_time\" content=\"2025-04-30T07:38:29+00:00\" \/>\n<meta property=\"og:image\" content=\"https:\/\/www.mairie-villemur-sur-tarn.fr\/site\/wp-content\/uploads\/Decli-wp.jpg\" \/>\n\t<meta property=\"og:image:width\" content=\"2500\" \/>\n\t<meta property=\"og:image:height\" content=\"1313\" \/>\n\t<meta property=\"og:image:type\" content=\"image\/jpeg\" \/>\n<meta name=\"author\" content=\"Mairie de Villemur-sur-Tarn\" \/>\n<meta name=\"twitter:card\" content=\"summary_large_image\" \/>\n<meta name=\"twitter:label1\" content=\"\u00c9crit par\" \/>\n\t<meta name=\"twitter:data1\" content=\"Mairie de Villemur-sur-Tarn\" \/>\n\t<meta name=\"twitter:label2\" content=\"Dur\u00e9e de lecture estim\u00e9e\" \/>\n\t<meta name=\"twitter:data2\" content=\"2 minutes\" \/>\n<script type=\"application\/ld+json\" class=\"yoast-schema-graph\">{\"@context\":\"https:\\\/\\\/schema.org\",\"@graph\":[{\"@type\":\"Article\",\"@id\":\"https:\\\/\\\/www.mairie-villemur-sur-tarn.fr\\\/site\\\/permanences-ma-commune-ma-sante\\\/#article\",\"isPartOf\":{\"@id\":\"https:\\\/\\\/www.mairie-villemur-sur-tarn.fr\\\/site\\\/permanences-ma-commune-ma-sante\\\/\"},\"author\":{\"name\":\"Mairie de Villemur-sur-Tarn\",\"@id\":\"https:\\\/\\\/www.mairie-villemur-sur-tarn.fr\\\/site\\\/#\\\/schema\\\/person\\\/3318652f2f5aec5902bf70eca266c017\"},\"headline\":\"Permanences Ma Commune Ma Sant\u00e9\",\"datePublished\":\"2025-04-30T07:38:29+00:00\",\"mainEntityOfPage\":{\"@id\":\"https:\\\/\\\/www.mairie-villemur-sur-tarn.fr\\\/site\\\/permanences-ma-commune-ma-sante\\\/\"},\"wordCount\":418,\"publisher\":{\"@id\":\"https:\\\/\\\/www.mairie-villemur-sur-tarn.fr\\\/site\\\/#organization\"},\"image\":{\"@id\":\"https:\\\/\\\/www.mairie-villemur-sur-tarn.fr\\\/site\\\/permanences-ma-commune-ma-sante\\\/#primaryimage\"},\"thumbnailUrl\":\"https:\\\/\\\/www.mairie-villemur-sur-tarn.fr\\\/site\\\/wp-content\\\/uploads\\\/Decli-wp.jpg\",\"articleSection\":[\"Actualit\u00e9s\",\"Solidarit\u00e9\",\"Vos services\"],\"inLanguage\":\"fr-FR\"},{\"@type\":\"WebPage\",\"@id\":\"https:\\\/\\\/www.mairie-villemur-sur-tarn.fr\\\/site\\\/permanences-ma-commune-ma-sante\\\/\",\"url\":\"https:\\\/\\\/www.mairie-villemur-sur-tarn.fr\\\/site\\\/permanences-ma-commune-ma-sante\\\/\",\"name\":\"Permanences Ma Commune Ma Sant\u00e9 - Mairie Villemur-sur-Tarn\",\"isPartOf\":{\"@id\":\"https:\\\/\\\/www.mairie-villemur-sur-tarn.fr\\\/site\\\/#website\"},\"primaryImageOfPage\":{\"@id\":\"https:\\\/\\\/www.mairie-villemur-sur-tarn.fr\\\/site\\\/permanences-ma-commune-ma-sante\\\/#primaryimage\"},\"image\":{\"@id\":\"https:\\\/\\\/www.mairie-villemur-sur-tarn.fr\\\/site\\\/permanences-ma-commune-ma-sante\\\/#primaryimage\"},\"thumbnailUrl\":\"https:\\\/\\\/www.mairie-villemur-sur-tarn.fr\\\/site\\\/wp-content\\\/uploads\\\/Decli-wp.jpg\",\"datePublished\":\"2025-04-30T07:38:29+00:00\",\"description\":\"Ma Commune Ma Sant\u00e9 est un dispositif propos\u00e9 \u00e0 tous les habitants pour leur permettre de mieux comprendre les offres des mutuelles.\",\"breadcrumb\":{\"@id\":\"https:\\\/\\\/www.mairie-villemur-sur-tarn.fr\\\/site\\\/permanences-ma-commune-ma-sante\\\/#breadcrumb\"},\"inLanguage\":\"fr-FR\",\"potentialAction\":[{\"@type\":\"ReadAction\",\"target\":[\"https:\\\/\\\/www.mairie-villemur-sur-tarn.fr\\\/site\\\/permanences-ma-commune-ma-sante\\\/\"]}]},{\"@type\":\"ImageObject\",\"inLanguage\":\"fr-FR\",\"@id\":\"https:\\\/\\\/www.mairie-villemur-sur-tarn.fr\\\/site\\\/permanences-ma-commune-ma-sante\\\/#primaryimage\",\"url\":\"https:\\\/\\\/www.mairie-villemur-sur-tarn.fr\\\/site\\\/wp-content\\\/uploads\\\/Decli-wp.jpg\",\"contentUrl\":\"https:\\\/\\\/www.mairie-villemur-sur-tarn.fr\\\/site\\\/wp-content\\\/uploads\\\/Decli-wp.jpg\",\"width\":2500,\"height\":1313},{\"@type\":\"BreadcrumbList\",\"@id\":\"https:\\\/\\\/www.mairie-villemur-sur-tarn.fr\\\/site\\\/permanences-ma-commune-ma-sante\\\/#breadcrumb\",\"itemListElement\":[{\"@type\":\"ListItem\",\"position\":1,\"name\":\"Accueil\",\"item\":\"https:\\\/\\\/www.mairie-villemur-sur-tarn.fr\\\/site\\\/\"},{\"@type\":\"ListItem\",\"position\":2,\"name\":\"Permanences Ma Commune Ma Sant\u00e9\"}]},{\"@type\":\"WebSite\",\"@id\":\"https:\\\/\\\/www.mairie-villemur-sur-tarn.fr\\\/site\\\/#website\",\"url\":\"https:\\\/\\\/www.mairie-villemur-sur-tarn.fr\\\/site\\\/\",\"name\":\"Mairie Villemur-sur-Tarn\",\"description\":\"Site officiel canton Villemur Toulouse Nord. D\u00e9marches en ligne, conseil municipal, actualit\u00e9s Villemur, Annuaire Villemur, March\u00e9s...\",\"publisher\":{\"@id\":\"https:\\\/\\\/www.mairie-villemur-sur-tarn.fr\\\/site\\\/#organization\"},\"potentialAction\":[{\"@type\":\"SearchAction\",\"target\":{\"@type\":\"EntryPoint\",\"urlTemplate\":\"https:\\\/\\\/www.mairie-villemur-sur-tarn.fr\\\/site\\\/?s={search_term_string}\"},\"query-input\":{\"@type\":\"PropertyValueSpecification\",\"valueRequired\":true,\"valueName\":\"search_term_string\"}}],\"inLanguage\":\"fr-FR\"},{\"@type\":\"Organization\",\"@id\":\"https:\\\/\\\/www.mairie-villemur-sur-tarn.fr\\\/site\\\/#organization\",\"name\":\"Mairie Villemur-sur-Tarn\",\"url\":\"https:\\\/\\\/www.mairie-villemur-sur-tarn.fr\\\/site\\\/\",\"logo\":{\"@type\":\"ImageObject\",\"inLanguage\":\"fr-FR\",\"@id\":\"https:\\\/\\\/www.mairie-villemur-sur-tarn.fr\\\/site\\\/#\\\/schema\\\/logo\\\/image\\\/\",\"url\":\"https:\\\/\\\/www.mairie-villemur-sur-tarn.fr\\\/site\\\/wp-content\\\/uploads\\\/Villemur-LOGO-carre-PNG.png\",\"contentUrl\":\"https:\\\/\\\/www.mairie-villemur-sur-tarn.fr\\\/site\\\/wp-content\\\/uploads\\\/Villemur-LOGO-carre-PNG.png\",\"width\":887,\"height\":886,\"caption\":\"Mairie Villemur-sur-Tarn\"},\"image\":{\"@id\":\"https:\\\/\\\/www.mairie-villemur-sur-tarn.fr\\\/site\\\/#\\\/schema\\\/logo\\\/image\\\/\"},\"sameAs\":[\"https:\\\/\\\/www.facebook.com\\\/mairievillemursurtarn\",\"https:\\\/\\\/www.instagram.com\\\/villemur_sur_tarn\\\/\"]},{\"@type\":\"Person\",\"@id\":\"https:\\\/\\\/www.mairie-villemur-sur-tarn.fr\\\/site\\\/#\\\/schema\\\/person\\\/3318652f2f5aec5902bf70eca266c017\",\"name\":\"Mairie de Villemur-sur-Tarn\",\"image\":{\"@type\":\"ImageObject\",\"inLanguage\":\"fr-FR\",\"@id\":\"https:\\\/\\\/secure.gravatar.com\\\/avatar\\\/85f71256c4710d707e4b698b3b804ce8e2f0b784b59af41d4da67373b81658c9?s=96&d=mm&r=g\",\"url\":\"https:\\\/\\\/secure.gravatar.com\\\/avatar\\\/85f71256c4710d707e4b698b3b804ce8e2f0b784b59af41d4da67373b81658c9?s=96&d=mm&r=g\",\"contentUrl\":\"https:\\\/\\\/secure.gravatar.com\\\/avatar\\\/85f71256c4710d707e4b698b3b804ce8e2f0b784b59af41d4da67373b81658c9?s=96&d=mm&r=g\",\"caption\":\"Mairie de Villemur-sur-Tarn\"},\"url\":\"https:\\\/\\\/www.mairie-villemur-sur-tarn.fr\\\/site\\\/author\\\/villmurtarn_admin\\\/\"}]}<\/script>\n<!-- \/ Yoast SEO plugin. -->","yoast_head_json":{"title":"Permanences Ma Commune Ma Sant\u00e9 - Mairie Villemur-sur-Tarn","description":"Ma Commune Ma Sant\u00e9 est un dispositif propos\u00e9 \u00e0 tous les habitants pour leur permettre de mieux comprendre les offres des mutuelles.","robots":{"index":"index","follow":"follow","max-snippet":"max-snippet:-1","max-image-preview":"max-image-preview:large","max-video-preview":"max-video-preview:-1"},"canonical":"https:\/\/www.mairie-villemur-sur-tarn.fr\/site\/permanences-ma-commune-ma-sante\/","og_locale":"fr_FR","og_type":"article","og_title":"Permanences Ma Commune Ma Sant\u00e9 - Mairie Villemur-sur-Tarn","og_description":"Ma Commune Ma Sant\u00e9 est un dispositif propos\u00e9 \u00e0 tous les habitants pour leur permettre de mieux comprendre les offres des mutuelles.","og_url":"https:\/\/www.mairie-villemur-sur-tarn.fr\/site\/permanences-ma-commune-ma-sante\/","og_site_name":"Mairie Villemur-sur-Tarn","article_publisher":"https:\/\/www.facebook.com\/mairievillemursurtarn","article_published_time":"2025-04-30T07:38:29+00:00","og_image":[{"width":2500,"height":1313,"url":"https:\/\/www.mairie-villemur-sur-tarn.fr\/site\/wp-content\/uploads\/Decli-wp.jpg","type":"image\/jpeg"}],"author":"Mairie de Villemur-sur-Tarn","twitter_card":"summary_large_image","twitter_misc":{"\u00c9crit par":"Mairie de Villemur-sur-Tarn","Dur\u00e9e de lecture estim\u00e9e":"2 minutes"},"schema":{"@context":"https:\/\/schema.org","@graph":[{"@type":"Article","@id":"https:\/\/www.mairie-villemur-sur-tarn.fr\/site\/permanences-ma-commune-ma-sante\/#article","isPartOf":{"@id":"https:\/\/www.mairie-villemur-sur-tarn.fr\/site\/permanences-ma-commune-ma-sante\/"},"author":{"name":"Mairie de Villemur-sur-Tarn","@id":"https:\/\/www.mairie-villemur-sur-tarn.fr\/site\/#\/schema\/person\/3318652f2f5aec5902bf70eca266c017"},"headline":"Permanences Ma Commune Ma Sant\u00e9","datePublished":"2025-04-30T07:38:29+00:00","mainEntityOfPage":{"@id":"https:\/\/www.mairie-villemur-sur-tarn.fr\/site\/permanences-ma-commune-ma-sante\/"},"wordCount":418,"publisher":{"@id":"https:\/\/www.mairie-villemur-sur-tarn.fr\/site\/#organization"},"image":{"@id":"https:\/\/www.mairie-villemur-sur-tarn.fr\/site\/permanences-ma-commune-ma-sante\/#primaryimage"},"thumbnailUrl":"https:\/\/www.mairie-villemur-sur-tarn.fr\/site\/wp-content\/uploads\/Decli-wp.jpg","articleSection":["Actualit\u00e9s","Solidarit\u00e9","Vos services"],"inLanguage":"fr-FR"},{"@type":"WebPage","@id":"https:\/\/www.mairie-villemur-sur-tarn.fr\/site\/permanences-ma-commune-ma-sante\/","url":"https:\/\/www.mairie-villemur-sur-tarn.fr\/site\/permanences-ma-commune-ma-sante\/","name":"Permanences Ma Commune Ma Sant\u00e9 - Mairie Villemur-sur-Tarn","isPartOf":{"@id":"https:\/\/www.mairie-villemur-sur-tarn.fr\/site\/#website"},"primaryImageOfPage":{"@id":"https:\/\/www.mairie-villemur-sur-tarn.fr\/site\/permanences-ma-commune-ma-sante\/#primaryimage"},"image":{"@id":"https:\/\/www.mairie-villemur-sur-tarn.fr\/site\/permanences-ma-commune-ma-sante\/#primaryimage"},"thumbnailUrl":"https:\/\/www.mairie-villemur-sur-tarn.fr\/site\/wp-content\/uploads\/Decli-wp.jpg","datePublished":"2025-04-30T07:38:29+00:00","description":"Ma Commune Ma Sant\u00e9 est un dispositif propos\u00e9 \u00e0 tous les habitants pour leur permettre de mieux comprendre les offres des mutuelles.","breadcrumb":{"@id":"https:\/\/www.mairie-villemur-sur-tarn.fr\/site\/permanences-ma-commune-ma-sante\/#breadcrumb"},"inLanguage":"fr-FR","potentialAction":[{"@type":"ReadAction","target":["https:\/\/www.mairie-villemur-sur-tarn.fr\/site\/permanences-ma-commune-ma-sante\/"]}]},{"@type":"ImageObject","inLanguage":"fr-FR","@id":"https:\/\/www.mairie-villemur-sur-tarn.fr\/site\/permanences-ma-commune-ma-sante\/#primaryimage","url":"https:\/\/www.mairie-villemur-sur-tarn.fr\/site\/wp-content\/uploads\/Decli-wp.jpg","contentUrl":"https:\/\/www.mairie-villemur-sur-tarn.fr\/site\/wp-content\/uploads\/Decli-wp.jpg","width":2500,"height":1313},{"@type":"BreadcrumbList","@id":"https:\/\/www.mairie-villemur-sur-tarn.fr\/site\/permanences-ma-commune-ma-sante\/#breadcrumb","itemListElement":[{"@type":"ListItem","position":1,"name":"Accueil","item":"https:\/\/www.mairie-villemur-sur-tarn.fr\/site\/"},{"@type":"ListItem","position":2,"name":"Permanences Ma Commune Ma Sant\u00e9"}]},{"@type":"WebSite","@id":"https:\/\/www.mairie-villemur-sur-tarn.fr\/site\/#website","url":"https:\/\/www.mairie-villemur-sur-tarn.fr\/site\/","name":"Mairie Villemur-sur-Tarn","description":"Site officiel canton Villemur Toulouse Nord. D\u00e9marches en ligne, conseil municipal, actualit\u00e9s Villemur, Annuaire Villemur, March\u00e9s...","publisher":{"@id":"https:\/\/www.mairie-villemur-sur-tarn.fr\/site\/#organization"},"potentialAction":[{"@type":"SearchAction","target":{"@type":"EntryPoint","urlTemplate":"https:\/\/www.mairie-villemur-sur-tarn.fr\/site\/?s={search_term_string}"},"query-input":{"@type":"PropertyValueSpecification","valueRequired":true,"valueName":"search_term_string"}}],"inLanguage":"fr-FR"},{"@type":"Organization","@id":"https:\/\/www.mairie-villemur-sur-tarn.fr\/site\/#organization","name":"Mairie Villemur-sur-Tarn","url":"https:\/\/www.mairie-villemur-sur-tarn.fr\/site\/","logo":{"@type":"ImageObject","inLanguage":"fr-FR","@id":"https:\/\/www.mairie-villemur-sur-tarn.fr\/site\/#\/schema\/logo\/image\/","url":"https:\/\/www.mairie-villemur-sur-tarn.fr\/site\/wp-content\/uploads\/Villemur-LOGO-carre-PNG.png","contentUrl":"https:\/\/www.mairie-villemur-sur-tarn.fr\/site\/wp-content\/uploads\/Villemur-LOGO-carre-PNG.png","width":887,"height":886,"caption":"Mairie Villemur-sur-Tarn"},"image":{"@id":"https:\/\/www.mairie-villemur-sur-tarn.fr\/site\/#\/schema\/logo\/image\/"},"sameAs":["https:\/\/www.facebook.com\/mairievillemursurtarn","https:\/\/www.instagram.com\/villemur_sur_tarn\/"]},{"@type":"Person","@id":"https:\/\/www.mairie-villemur-sur-tarn.fr\/site\/#\/schema\/person\/3318652f2f5aec5902bf70eca266c017","name":"Mairie de Villemur-sur-Tarn","image":{"@type":"ImageObject","inLanguage":"fr-FR","@id":"https:\/\/secure.gravatar.com\/avatar\/85f71256c4710d707e4b698b3b804ce8e2f0b784b59af41d4da67373b81658c9?s=96&d=mm&r=g","url":"https:\/\/secure.gravatar.com\/avatar\/85f71256c4710d707e4b698b3b804ce8e2f0b784b59af41d4da67373b81658c9?s=96&d=mm&r=g","contentUrl":"https:\/\/secure.gravatar.com\/avatar\/85f71256c4710d707e4b698b3b804ce8e2f0b784b59af41d4da67373b81658c9?s=96&d=mm&r=g","caption":"Mairie de Villemur-sur-Tarn"},"url":"https:\/\/www.mairie-villemur-sur-tarn.fr\/site\/author\/villmurtarn_admin\/"}]}},"uagb_featured_image_src":{"full":["https:\/\/www.mairie-villemur-sur-tarn.fr\/site\/wp-content\/uploads\/Decli-wp.jpg",2500,1313,false],"thumbnail":["https:\/\/www.mairie-villemur-sur-tarn.fr\/site\/wp-content\/uploads\/Decli-wp-150x150.jpg",150,150,true],"medium":["https:\/\/www.mairie-villemur-sur-tarn.fr\/site\/wp-content\/uploads\/Decli-wp-300x300.jpg",300,300,true],"medium_large":["https:\/\/www.mairie-villemur-sur-tarn.fr\/site\/wp-content\/uploads\/Decli-wp-768x403.jpg",768,403,true],"large":["https:\/\/www.mairie-villemur-sur-tarn.fr\/site\/wp-content\/uploads\/Decli-wp-1024x538.jpg",900,473,true],"1536x1536":["https:\/\/www.mairie-villemur-sur-tarn.fr\/site\/wp-content\/uploads\/Decli-wp-1536x807.jpg",1536,807,true],"2048x2048":["https:\/\/www.mairie-villemur-sur-tarn.fr\/site\/wp-content\/uploads\/Decli-wp-2048x1076.jpg",2048,1076,true],"post-thumbnail":["https:\/\/www.mairie-villemur-sur-tarn.fr\/site\/wp-content\/uploads\/Decli-wp-600x315.jpg",600,315,true],"winnex_medium":["https:\/\/www.mairie-villemur-sur-tarn.fr\/site\/wp-content\/uploads\/Decli-wp-500x375.jpg",500,375,true],"winnex_height":["https:\/\/www.mairie-villemur-sur-tarn.fr\/site\/wp-content\/uploads\/Decli-wp-400x468.jpg",400,468,true]},"uagb_author_info":{"display_name":"Mairie de Villemur-sur-Tarn","author_link":"https:\/\/www.mairie-villemur-sur-tarn.fr\/site\/author\/villmurtarn_admin\/"},"uagb_comment_info":0,"uagb_excerpt":"[vc_row][vc_column width=\u00a0\u00bb2\/3&Prime;][vc_column_text]Vous n\u2019avez plus de mutuelle parce que c\u2019est trop cher ? Vous ne savez plus vers quelle mutuelle vous tourner au vu du nombre d\u2019offres diff\u00e9rentes ? Le Centre intercommunal d\u2019Action Sociale vous accompagne gr\u00e2ce au dispositif Ma Commune Ma Sant\u00e9.[\/vc_column_text][vc_column_text]Le dispositif Ma Commune Ma Sant\u00e9 est une solution de sant\u00e9 mutualis\u00e9e permettant aux\u2026","_links":{"self":[{"href":"https:\/\/www.mairie-villemur-sur-tarn.fr\/site\/wp-json\/wp\/v2\/posts\/17056","targetHints":{"allow":["GET"]}}],"collection":[{"href":"https:\/\/www.mairie-villemur-sur-tarn.fr\/site\/wp-json\/wp\/v2\/posts"}],"about":[{"href":"https:\/\/www.mairie-villemur-sur-tarn.fr\/site\/wp-json\/wp\/v2\/types\/post"}],"author":[{"embeddable":true,"href":"https:\/\/www.mairie-villemur-sur-tarn.fr\/site\/wp-json\/wp\/v2\/users\/1"}],"replies":[{"embeddable":true,"href":"https:\/\/www.mairie-villemur-sur-tarn.fr\/site\/wp-json\/wp\/v2\/comments?post=17056"}],"version-history":[{"count":3,"href":"https:\/\/www.mairie-villemur-sur-tarn.fr\/site\/wp-json\/wp\/v2\/posts\/17056\/revisions"}],"predecessor-version":[{"id":17060,"href":"https:\/\/www.mairie-villemur-sur-tarn.fr\/site\/wp-json\/wp\/v2\/posts\/17056\/revisions\/17060"}],"wp:featuredmedia":[{"embeddable":true,"href":"https:\/\/www.mairie-villemur-sur-tarn.fr\/site\/wp-json\/wp\/v2\/media\/17059"}],"wp:attachment":[{"href":"https:\/\/www.mairie-villemur-sur-tarn.fr\/site\/wp-json\/wp\/v2\/media?parent=17056"}],"wp:term":[{"taxonomy":"category","embeddable":true,"href":"https:\/\/www.mairie-villemur-sur-tarn.fr\/site\/wp-json\/wp\/v2\/categories?post=17056"},{"taxonomy":"post_tag","embeddable":true,"href":"https:\/\/www.mairie-villemur-sur-tarn.fr\/site\/wp-json\/wp\/v2\/tags?post=17056"}],"curies":[{"name":"wp","href":"https:\/\/api.w.org\/{rel}","templated":true}]}}