{"id":17613,"date":"2026-09-05T10:57:50","date_gmt":"2026-09-05T08:57:50","guid":{"rendered":"https:\/\/www.mairie-villemur-sur-tarn.fr\/site\/?p=17613"},"modified":"2026-08-19T14:50:46","modified_gmt":"2026-08-19T12:50:46","slug":"lart-sinvite-dans-nos-commerces","status":"publish","type":"post","link":"https:\/\/www.mairie-villemur-sur-tarn.fr\/site\/lart-sinvite-dans-nos-commerces\/","title":{"rendered":"L&rsquo;Art s&rsquo;invite dans nos commerces !"},"content":{"rendered":"<p>[vc_row][vc_column width=\u00a0\u00bb2\/3&Prime;][vc_column_text]Du 15 septembre au 1<sup>er<\/sup> novembre 2026 se tiendra la 6e \u00e9dition de \u00ab\u00a0L&rsquo;Art s&rsquo;invite dans nos commerces\u00a0\u00bb.<\/p>\n<h3>De l&rsquo;art dans notre quotidien<\/h3>\n<p>Avec d\u00e9j\u00e0 cinq \u00e9ditions r\u00e9ussies, la manifestation propose d&rsquo;introduire l&rsquo;art dans les commerces de proximit\u00e9. Cette ann\u00e9e, elle investit \u00e0 nouveau de nombreux \u00e9tablissements. Pour cette \u00e9dition 2026, ce sont 31 commer\u00e7ants qui se sont port\u00e9s volontaires et ont choisi de mettre en avant les \u0153uvres de 13 artistes.<\/p>\n<h3>O\u00f9 aller ?<\/h3>\n<p>Retrouvez la liste des artistes et des lieux investis ci-dessous !<br \/>\n(<em>Cliquez sur le plan pour l&rsquo;agrandir ou le t\u00e9l\u00e9charger<\/em>)[\/vc_column_text][vc_single_image image=\u00a0\u00bb20905&Prime; img_size=\u00a0\u00bbfull\u00a0\u00bb alignment=\u00a0\u00bbcenter\u00a0\u00bb onclick=\u00a0\u00bbcustom_link\u00a0\u00bb img_link_target=\u00a0\u00bb_blank\u00a0\u00bb link=\u00a0\u00bbhttps:\/\/www.mairie-villemur-sur-tarn.fr\/site\/wp-content\/uploads\/2026-PLAN-ville-et-lieuxA3.pdf\u00a0\u00bb][vc_column_text css=\u00a0\u00bb.vc_custom_1786525838605{margin-top: 30px !important;}\u00a0\u00bb]<\/p>\n<h3 style=\"text-align: center;\"><span style=\"color: #e60d5c;\">Liste des commer\u00e7ants et lieux participants<\/span><\/h3>\n<h5 style=\"text-align: center;\"><img loading=\"lazy\" decoding=\"async\" class=\"mapici alignnone wp-image-15156 size-full\" src=\"https:\/\/www.mairie-villemur-sur-tarn.fr\/site\/wp-content\/uploads\/Map-orange.png\" alt=\"\" width=\"30\" height=\"45\"><br \/>\nRue de la R\u00e9publique<\/h5>\n<p style=\"text-align: center;\">N\u00b04 : Arts et Couleurs<br \/>\nN\u00b09 : Damil Coiffure<br \/>\nN\u00b013 : Potamo<br \/>\nN\u00b014 : P\u00e2tisserie Barat<br \/>\nN\u00b017 : Pharmacie Gay-Terrancle<br \/>\nN\u00b028 : Lafor\u00eat Immo<br \/>\nN\u00b029 : Mod\u2019line Coiffure<br \/>\nN\u00b035 : Boucherie la Bortja<br \/>\nN\u00b037 : Tabac Miatto<br \/>\nN\u00b047 : Regards et Visions<\/p>\n<h5 style=\"text-align: center;\"><img loading=\"lazy\" decoding=\"async\" class=\"mapici alignnone wp-image-15155 size-full\" src=\"https:\/\/www.mairie-villemur-sur-tarn.fr\/site\/wp-content\/uploads\/Map-rose.png\" alt=\"\" width=\"30\" height=\"45\"><br \/>\nPlace Charles Ourgaut<\/h5>\n<p style=\"text-align: center;\">N\u00b05 : Natur House<br \/>\nN\u00b07 : Naturel Concept<br \/>\nAn\u00e9mone et coquelicot<br \/>\nN\u00b010 : Centre auditif<br \/>\nN\u00b015 : Marie C couture<br \/>\nN\u00b017 : Bar La Renaissance<br \/>\nN\u00b018 : Mairie de Villemur<\/p>\n<h5 style=\"text-align: center;\"><img loading=\"lazy\" decoding=\"async\" class=\"mapici alignnone wp-image-15154 size-full\" src=\"https:\/\/www.mairie-villemur-sur-tarn.fr\/site\/wp-content\/uploads\/Map-verte.png\" alt=\"\" width=\"30\" height=\"45\"><br \/>\nRue Saint-Michel<\/h5>\n<p style=\"text-align: center;\">N\u00b04 : Pharmacie Saint-Michel<\/p>\n<h5 style=\"text-align: center;\"><img loading=\"lazy\" decoding=\"async\" class=\"mapici alignnone wp-image-15152 size-full\" src=\"https:\/\/www.mairie-villemur-sur-tarn.fr\/site\/wp-content\/uploads\/Map-bleue.png\" alt=\"\" width=\"30\" height=\"45\"><br \/>\nRue Saint-Jean<\/h5>\n<p style=\"text-align: center;\">N\u00b01 : M\u00e9diath\u00e8que L\u00e9on Eeckhoutte<br \/>\nN\u00b012 : Boulangerie Bake &amp; Break<br \/>\nN\u00b014 : Rive Beaut\u00e9<br \/>\nN\u00b022 : Du Pr\u00e9 \u00e0 la Bouche<\/p>\n<h5 style=\"text-align: center;\"><img loading=\"lazy\" decoding=\"async\" class=\"mapici alignnone wp-image-15157 size-full\" src=\"https:\/\/www.mairie-villemur-sur-tarn.fr\/site\/wp-content\/uploads\/Map-corail.png\" alt=\"\" width=\"30\" height=\"45\"><br \/>\nRue des Strad\u00e9lis<\/h5>\n<p style=\"text-align: center;\">N\u00b09 : Nomadique<\/p>\n<h5 style=\"text-align: center;\"><img loading=\"lazy\" decoding=\"async\" class=\"mapici alignnone wp-image-15153 size-full\" src=\"https:\/\/www.mairie-villemur-sur-tarn.fr\/site\/wp-content\/uploads\/Map-beige.png\" alt=\"\" width=\"30\" height=\"45\"><br \/>\n<strong>Hors du centre-ville<\/strong><\/h5>\n<h5 style=\"text-align: center;\">Avenue du G\u00e9n\u00e9ral Leclerc<\/h5>\n<p style=\"text-align: center;\">N\u00b014 : \u00d4 Comptoir des Passions<br \/>\nN\u00b026 : Pharmacie du Coll\u00e8ge<\/p>\n<h5 style=\"text-align: center;\">Route de Castres (Magnanac)<\/h5>\n<p style=\"text-align: center;\">N\u00b031 : Atelier Art Flor\u2019Event<br \/>\nCoif\u2019Et Moi<\/p>\n<h5 style=\"text-align: center;\">Pechnauqui\u00e9<\/h5>\n<p style=\"text-align: center;\"><strong>Avenue Michel Rocard<\/strong><br \/>\nN\u00b01a : Boulangerie Bake &amp; break<\/p>\n<p style=\"text-align: center;\"><strong>Rue du Lac<\/strong><br \/>\nN\u00b011 : Les filles de la Toscane<\/p>\n<p style=\"text-align: center;\"><strong>Rue Pierre Compte<\/strong><br \/>\nN\u00b059 Boucherie Lo Piccolo<br \/>\nN\u00b063 : C\u2019est dans l\u2019Hair<\/p>\n<p>[\/vc_column_text][\/vc_column][vc_column width=\u00a0\u00bb1\/3&Prime;][vc_single_image image=\u00a0\u00bb15150&Prime; img_size=\u00a0\u00bb200&#215;130&Prime; alignment=\u00a0\u00bbcenter\u00a0\u00bb onclick=\u00a0\u00bbcustom_link\u00a0\u00bb css=\u00a0\u00bb.vc_custom_1725611241109{margin-bottom: 30px !important;}\u00a0\u00bb link=\u00a0\u00bbhttps:\/\/www.mairie-villemur-sur-tarn.fr\/site\/wp-content\/uploads\/Plan-detaille-art-commerces-villemur-2024.jpg\u00a0\u00bb][vc_column_text css=\u00a0\u00bb.vc_custom_1786525937966{border-top-width: 2px !important;border-right-width: 2px !important;border-bottom-width: 2px !important;border-left-width: 2px !important;padding-top: 20px !important;padding-right: 20px !important;padding-bottom: 20px !important;padding-left: 20px !important;background-color: #ffebe5 !important;border-left-color: #e84911 !important;border-left-style: dotted !important;border-right-color: #e84911 !important;border-right-style: dotted !important;border-top-color: #e84911 !important;border-top-style: dotted !important;border-bottom-color: #e84911 !important;border-bottom-style: dotted !important;border-radius: 2px !important;}\u00a0\u00bb]<\/p>\n<h3><span style=\"color: #e84911;\">Infos pratiques<\/span><\/h3>\n<p>Du mardi 15 septembre au dimanche 1<sup>er<\/sup> novembre, dans de nombreux commerces et lieux de Villemur-sur-Tarn[\/vc_column_text][vc_btn title=\u00a0\u00bbT\u00e9l\u00e9charger le plan\u00a0\u00bb style=\u00a0\u00bbflat\u00a0\u00bb color=\u00a0\u00bbpink\u00a0\u00bb size=\u00a0\u00bblg\u00a0\u00bb align=\u00a0\u00bbcenter\u00a0\u00bb i_icon_fontawesome=\u00a0\u00bbfa fa-map-o\u00a0\u00bb button_block=\u00a0\u00bbtrue\u00a0\u00bb add_icon=\u00a0\u00bbtrue\u00a0\u00bb link=\u00a0\u00bburl:https%3A%2F%2Fwww.mairie-villemur-sur-tarn.fr%2Fsite%2Fwp-content%2Fuploads%2F2026-PLAN-ville-et-lieuxA3.pdf|title:T%C3%A9l%C3%A9charger%20le%20plan%20!|target:%20_blank|\u00a0\u00bb][vc_single_image image=\u00a0\u00bb15151&Prime; img_size=\u00a0\u00bb200&#215;143&Prime; alignment=\u00a0\u00bbcenter\u00a0\u00bb onclick=\u00a0\u00bbcustom_link\u00a0\u00bb img_link_target=\u00a0\u00bb_blank\u00a0\u00bb css=\u00a0\u00bb.vc_custom_1786715154836{margin-bottom: 30px !important;}\u00a0\u00bb link=\u00a0\u00bbhttps:\/\/www.mairie-villemur-sur-tarn.fr\/site\/wp-content\/uploads\/2026-PLAN-ville-et-lieuxA3.pdf\u00a0\u00bb][vc_column_text css=\u00a0\u00bb.vc_custom_1786525867227{border-top-width: 2px !important;border-right-width: 2px !important;border-bottom-width: 2px !important;border-left-width: 2px !important;padding-top: 20px !important;padding-right: 20px !important;padding-bottom: 20px !important;padding-left: 20px !important;background-color: #ffebe5 !important;border-left-color: #e84911 !important;border-left-style: dotted !important;border-right-color: #e84911 !important;border-right-style: dotted !important;border-top-color: #e84911 !important;border-top-style: dotted !important;border-bottom-color: #e84911 !important;border-bottom-style: dotted !important;border-radius: 2px !important;}\u00a0\u00bb]<\/p>\n<h3><span style=\"color: #e84911;\">Les artistes participants<\/span><\/h3>\n<ul>\n<li>Marie-Claude Couaillac<\/li>\n<li>Jean-Fran\u00e7ois Dettori<\/li>\n<li>Fran\u00e7oise Dugourd-Caput<\/li>\n<li>Herv\u00e9 Dulac<\/li>\n<li>Michel Facon<\/li>\n<li>Claudette Ferri\u00e9<\/li>\n<li>Thierry Jamme<\/li>\n<li>Paul Le Rabo<\/li>\n<li>Bernadette Lemouzy<\/li>\n<li>Pascaline Mansuy<\/li>\n<li>Chantal Melloni<\/li>\n<li>Franck Simon<\/li>\n<li>Paul Valverde<\/li>\n<\/ul>\n<p>[\/vc_column_text][\/vc_column][\/vc_row]<\/p>\n","protected":false},"excerpt":{"rendered":"<p>L&rsquo;Art s&rsquo;invite dans nos commerces vous propose de d\u00e9couvrir des artistes locaux de Villemur en allant visiter vos commerces de proximit\u00e9 !<\/p>\n","protected":false},"author":10,"featured_media":20914,"comment_status":"closed","ping_status":"open","sticky":false,"template":"","format":"standard","meta":{"_uag_custom_page_level_css":"","ngg_post_thumbnail":0,"footnotes":""},"categories":[1,54],"tags":[],"class_list":["post-17613","post","type-post","status-publish","format-standard","has-post-thumbnail","hentry","category-actualites","category-culture"],"yoast_head":"<!-- This site is optimized with the Yoast SEO plugin v28.4 - https:\/\/yoast.com\/product\/yoast-seo-wordpress\/ -->\n<title>L&#039;Art s&#039;invite dans nos commerces ! - Mairie Villemur-sur-Tarn<\/title>\n<meta name=\"description\" content=\"L&#039;Art s&#039;invite dans nos commerces vous propose de d\u00e9couvrir des artistes locaux de Villemur en allant visiter vos commerces de proximit\u00e9 !\" \/>\n<meta name=\"robots\" content=\"index, follow, max-snippet:-1, max-image-preview:large, max-video-preview:-1\" \/>\n<link rel=\"canonical\" href=\"https:\/\/www.mairie-villemur-sur-tarn.fr\/site\/lart-sinvite-dans-nos-commerces\/\" \/>\n<meta property=\"og:locale\" content=\"fr_FR\" \/>\n<meta property=\"og:type\" content=\"article\" \/>\n<meta property=\"og:title\" content=\"L&#039;Art s&#039;invite dans nos commerces ! - Mairie Villemur-sur-Tarn\" \/>\n<meta property=\"og:description\" content=\"L&#039;Art s&#039;invite dans nos commerces vous propose de d\u00e9couvrir des artistes locaux de Villemur en allant visiter vos commerces de proximit\u00e9 !\" \/>\n<meta property=\"og:url\" content=\"https:\/\/www.mairie-villemur-sur-tarn.fr\/site\/lart-sinvite-dans-nos-commerces\/\" \/>\n<meta property=\"og:site_name\" content=\"Mairie Villemur-sur-Tarn\" \/>\n<meta property=\"article:publisher\" content=\"https:\/\/www.facebook.com\/mairievillemursurtarn\" \/>\n<meta property=\"article:published_time\" content=\"2026-09-05T08:57:50+00:00\" \/>\n<meta property=\"og:image\" content=\"https:\/\/www.mairie-villemur-sur-tarn.fr\/site\/wp-content\/uploads\/2026-art-commerces-villemur.jpg\" \/>\n\t<meta property=\"og:image:width\" content=\"2500\" \/>\n\t<meta property=\"og:image:height\" content=\"1313\" \/>\n\t<meta property=\"og:image:type\" content=\"image\/jpeg\" \/>\n<meta name=\"author\" content=\"Marie Roum\u00e9goux\" \/>\n<meta name=\"twitter:card\" content=\"summary_large_image\" \/>\n<meta name=\"twitter:label1\" content=\"\u00c9crit par\" \/>\n\t<meta name=\"twitter:data1\" content=\"Marie Roum\u00e9goux\" \/>\n\t<meta name=\"twitter:label2\" content=\"Dur\u00e9e de lecture estim\u00e9e\" \/>\n\t<meta name=\"twitter:data2\" content=\"4 minutes\" \/>\n<script type=\"application\/ld+json\" class=\"yoast-schema-graph\">{\"@context\":\"https:\\\/\\\/schema.org\",\"@graph\":[{\"@type\":\"Article\",\"@id\":\"https:\\\/\\\/www.mairie-villemur-sur-tarn.fr\\\/site\\\/lart-sinvite-dans-nos-commerces\\\/#article\",\"isPartOf\":{\"@id\":\"https:\\\/\\\/www.mairie-villemur-sur-tarn.fr\\\/site\\\/lart-sinvite-dans-nos-commerces\\\/\"},\"author\":{\"name\":\"Marie Roum\u00e9goux\",\"@id\":\"https:\\\/\\\/www.mairie-villemur-sur-tarn.fr\\\/site\\\/#\\\/schema\\\/person\\\/6cacfac2211423e8819455594290c42d\"},\"headline\":\"L&rsquo;Art s&rsquo;invite dans nos commerces !\",\"datePublished\":\"2026-09-05T08:57:50+00:00\",\"mainEntityOfPage\":{\"@id\":\"https:\\\/\\\/www.mairie-villemur-sur-tarn.fr\\\/site\\\/lart-sinvite-dans-nos-commerces\\\/\"},\"wordCount\":615,\"publisher\":{\"@id\":\"https:\\\/\\\/www.mairie-villemur-sur-tarn.fr\\\/site\\\/#organization\"},\"image\":{\"@id\":\"https:\\\/\\\/www.mairie-villemur-sur-tarn.fr\\\/site\\\/lart-sinvite-dans-nos-commerces\\\/#primaryimage\"},\"thumbnailUrl\":\"https:\\\/\\\/www.mairie-villemur-sur-tarn.fr\\\/site\\\/wp-content\\\/uploads\\\/2026-art-commerces-villemur.jpg\",\"articleSection\":[\"Actualit\u00e9s\",\"Culture\"],\"inLanguage\":\"fr-FR\"},{\"@type\":\"WebPage\",\"@id\":\"https:\\\/\\\/www.mairie-villemur-sur-tarn.fr\\\/site\\\/lart-sinvite-dans-nos-commerces\\\/\",\"url\":\"https:\\\/\\\/www.mairie-villemur-sur-tarn.fr\\\/site\\\/lart-sinvite-dans-nos-commerces\\\/\",\"name\":\"L'Art s'invite dans nos commerces ! - Mairie Villemur-sur-Tarn\",\"isPartOf\":{\"@id\":\"https:\\\/\\\/www.mairie-villemur-sur-tarn.fr\\\/site\\\/#website\"},\"primaryImageOfPage\":{\"@id\":\"https:\\\/\\\/www.mairie-villemur-sur-tarn.fr\\\/site\\\/lart-sinvite-dans-nos-commerces\\\/#primaryimage\"},\"image\":{\"@id\":\"https:\\\/\\\/www.mairie-villemur-sur-tarn.fr\\\/site\\\/lart-sinvite-dans-nos-commerces\\\/#primaryimage\"},\"thumbnailUrl\":\"https:\\\/\\\/www.mairie-villemur-sur-tarn.fr\\\/site\\\/wp-content\\\/uploads\\\/2026-art-commerces-villemur.jpg\",\"datePublished\":\"2026-09-05T08:57:50+00:00\",\"description\":\"L'Art s'invite dans nos commerces vous propose de d\u00e9couvrir des artistes locaux de Villemur en allant visiter vos commerces de proximit\u00e9 !\",\"breadcrumb\":{\"@id\":\"https:\\\/\\\/www.mairie-villemur-sur-tarn.fr\\\/site\\\/lart-sinvite-dans-nos-commerces\\\/#breadcrumb\"},\"inLanguage\":\"fr-FR\",\"potentialAction\":[{\"@type\":\"ReadAction\",\"target\":[\"https:\\\/\\\/www.mairie-villemur-sur-tarn.fr\\\/site\\\/lart-sinvite-dans-nos-commerces\\\/\"]}]},{\"@type\":\"ImageObject\",\"inLanguage\":\"fr-FR\",\"@id\":\"https:\\\/\\\/www.mairie-villemur-sur-tarn.fr\\\/site\\\/lart-sinvite-dans-nos-commerces\\\/#primaryimage\",\"url\":\"https:\\\/\\\/www.mairie-villemur-sur-tarn.fr\\\/site\\\/wp-content\\\/uploads\\\/2026-art-commerces-villemur.jpg\",\"contentUrl\":\"https:\\\/\\\/www.mairie-villemur-sur-tarn.fr\\\/site\\\/wp-content\\\/uploads\\\/2026-art-commerces-villemur.jpg\",\"width\":2500,\"height\":1313,\"caption\":\"L'art s'invite dans nos commerces\"},{\"@type\":\"BreadcrumbList\",\"@id\":\"https:\\\/\\\/www.mairie-villemur-sur-tarn.fr\\\/site\\\/lart-sinvite-dans-nos-commerces\\\/#breadcrumb\",\"itemListElement\":[{\"@type\":\"ListItem\",\"position\":1,\"name\":\"Accueil\",\"item\":\"https:\\\/\\\/www.mairie-villemur-sur-tarn.fr\\\/site\\\/\"},{\"@type\":\"ListItem\",\"position\":2,\"name\":\"L&rsquo;Art s&rsquo;invite dans nos commerces !\"}]},{\"@type\":\"WebSite\",\"@id\":\"https:\\\/\\\/www.mairie-villemur-sur-tarn.fr\\\/site\\\/#website\",\"url\":\"https:\\\/\\\/www.mairie-villemur-sur-tarn.fr\\\/site\\\/\",\"name\":\"Mairie Villemur-sur-Tarn\",\"description\":\"Site officiel canton Villemur Toulouse Nord. D\u00e9marches en ligne, conseil municipal, actualit\u00e9s Villemur, Annuaire Villemur, March\u00e9s...\",\"publisher\":{\"@id\":\"https:\\\/\\\/www.mairie-villemur-sur-tarn.fr\\\/site\\\/#organization\"},\"potentialAction\":[{\"@type\":\"SearchAction\",\"target\":{\"@type\":\"EntryPoint\",\"urlTemplate\":\"https:\\\/\\\/www.mairie-villemur-sur-tarn.fr\\\/site\\\/?s={search_term_string}\"},\"query-input\":{\"@type\":\"PropertyValueSpecification\",\"valueRequired\":true,\"valueName\":\"search_term_string\"}}],\"inLanguage\":\"fr-FR\"},{\"@type\":\"Organization\",\"@id\":\"https:\\\/\\\/www.mairie-villemur-sur-tarn.fr\\\/site\\\/#organization\",\"name\":\"Mairie Villemur-sur-Tarn\",\"url\":\"https:\\\/\\\/www.mairie-villemur-sur-tarn.fr\\\/site\\\/\",\"logo\":{\"@type\":\"ImageObject\",\"inLanguage\":\"fr-FR\",\"@id\":\"https:\\\/\\\/www.mairie-villemur-sur-tarn.fr\\\/site\\\/#\\\/schema\\\/logo\\\/image\\\/\",\"url\":\"https:\\\/\\\/www.mairie-villemur-sur-tarn.fr\\\/site\\\/wp-content\\\/uploads\\\/Villemur-LOGO-carre-PNG.png\",\"contentUrl\":\"https:\\\/\\\/www.mairie-villemur-sur-tarn.fr\\\/site\\\/wp-content\\\/uploads\\\/Villemur-LOGO-carre-PNG.png\",\"width\":887,\"height\":886,\"caption\":\"Mairie Villemur-sur-Tarn\"},\"image\":{\"@id\":\"https:\\\/\\\/www.mairie-villemur-sur-tarn.fr\\\/site\\\/#\\\/schema\\\/logo\\\/image\\\/\"},\"sameAs\":[\"https:\\\/\\\/www.facebook.com\\\/mairievillemursurtarn\",\"https:\\\/\\\/www.instagram.com\\\/villemur_sur_tarn\\\/\"]},{\"@type\":\"Person\",\"@id\":\"https:\\\/\\\/www.mairie-villemur-sur-tarn.fr\\\/site\\\/#\\\/schema\\\/person\\\/6cacfac2211423e8819455594290c42d\",\"name\":\"Marie Roum\u00e9goux\",\"image\":{\"@type\":\"ImageObject\",\"inLanguage\":\"fr-FR\",\"@id\":\"https:\\\/\\\/secure.gravatar.com\\\/avatar\\\/b28c392ce9b953ddf7e1aaca2fd50fc1d59e58def58364aacd0194b4cea74754?s=96&d=mm&r=g\",\"url\":\"https:\\\/\\\/secure.gravatar.com\\\/avatar\\\/b28c392ce9b953ddf7e1aaca2fd50fc1d59e58def58364aacd0194b4cea74754?s=96&d=mm&r=g\",\"contentUrl\":\"https:\\\/\\\/secure.gravatar.com\\\/avatar\\\/b28c392ce9b953ddf7e1aaca2fd50fc1d59e58def58364aacd0194b4cea74754?s=96&d=mm&r=g\",\"caption\":\"Marie Roum\u00e9goux\"},\"url\":\"https:\\\/\\\/www.mairie-villemur-sur-tarn.fr\\\/site\\\/author\\\/marie_graphiste_31340\\\/\"}]}<\/script>\n<!-- \/ Yoast SEO plugin. -->","yoast_head_json":{"title":"L'Art s'invite dans nos commerces ! - Mairie Villemur-sur-Tarn","description":"L'Art s'invite dans nos commerces vous propose de d\u00e9couvrir des artistes locaux de Villemur en allant visiter vos commerces de proximit\u00e9 !","robots":{"index":"index","follow":"follow","max-snippet":"max-snippet:-1","max-image-preview":"max-image-preview:large","max-video-preview":"max-video-preview:-1"},"canonical":"https:\/\/www.mairie-villemur-sur-tarn.fr\/site\/lart-sinvite-dans-nos-commerces\/","og_locale":"fr_FR","og_type":"article","og_title":"L'Art s'invite dans nos commerces ! - Mairie Villemur-sur-Tarn","og_description":"L'Art s'invite dans nos commerces vous propose de d\u00e9couvrir des artistes locaux de Villemur en allant visiter vos commerces de proximit\u00e9 !","og_url":"https:\/\/www.mairie-villemur-sur-tarn.fr\/site\/lart-sinvite-dans-nos-commerces\/","og_site_name":"Mairie Villemur-sur-Tarn","article_publisher":"https:\/\/www.facebook.com\/mairievillemursurtarn","article_published_time":"2026-09-05T08:57:50+00:00","og_image":[{"width":2500,"height":1313,"url":"https:\/\/www.mairie-villemur-sur-tarn.fr\/site\/wp-content\/uploads\/2026-art-commerces-villemur.jpg","type":"image\/jpeg"}],"author":"Marie Roum\u00e9goux","twitter_card":"summary_large_image","twitter_misc":{"\u00c9crit par":"Marie Roum\u00e9goux","Dur\u00e9e de lecture estim\u00e9e":"4 minutes"},"schema":{"@context":"https:\/\/schema.org","@graph":[{"@type":"Article","@id":"https:\/\/www.mairie-villemur-sur-tarn.fr\/site\/lart-sinvite-dans-nos-commerces\/#article","isPartOf":{"@id":"https:\/\/www.mairie-villemur-sur-tarn.fr\/site\/lart-sinvite-dans-nos-commerces\/"},"author":{"name":"Marie Roum\u00e9goux","@id":"https:\/\/www.mairie-villemur-sur-tarn.fr\/site\/#\/schema\/person\/6cacfac2211423e8819455594290c42d"},"headline":"L&rsquo;Art s&rsquo;invite dans nos commerces !","datePublished":"2026-09-05T08:57:50+00:00","mainEntityOfPage":{"@id":"https:\/\/www.mairie-villemur-sur-tarn.fr\/site\/lart-sinvite-dans-nos-commerces\/"},"wordCount":615,"publisher":{"@id":"https:\/\/www.mairie-villemur-sur-tarn.fr\/site\/#organization"},"image":{"@id":"https:\/\/www.mairie-villemur-sur-tarn.fr\/site\/lart-sinvite-dans-nos-commerces\/#primaryimage"},"thumbnailUrl":"https:\/\/www.mairie-villemur-sur-tarn.fr\/site\/wp-content\/uploads\/2026-art-commerces-villemur.jpg","articleSection":["Actualit\u00e9s","Culture"],"inLanguage":"fr-FR"},{"@type":"WebPage","@id":"https:\/\/www.mairie-villemur-sur-tarn.fr\/site\/lart-sinvite-dans-nos-commerces\/","url":"https:\/\/www.mairie-villemur-sur-tarn.fr\/site\/lart-sinvite-dans-nos-commerces\/","name":"L'Art s'invite dans nos commerces ! - Mairie Villemur-sur-Tarn","isPartOf":{"@id":"https:\/\/www.mairie-villemur-sur-tarn.fr\/site\/#website"},"primaryImageOfPage":{"@id":"https:\/\/www.mairie-villemur-sur-tarn.fr\/site\/lart-sinvite-dans-nos-commerces\/#primaryimage"},"image":{"@id":"https:\/\/www.mairie-villemur-sur-tarn.fr\/site\/lart-sinvite-dans-nos-commerces\/#primaryimage"},"thumbnailUrl":"https:\/\/www.mairie-villemur-sur-tarn.fr\/site\/wp-content\/uploads\/2026-art-commerces-villemur.jpg","datePublished":"2026-09-05T08:57:50+00:00","description":"L'Art s'invite dans nos commerces vous propose de d\u00e9couvrir des artistes locaux de Villemur en allant visiter vos commerces de proximit\u00e9 !","breadcrumb":{"@id":"https:\/\/www.mairie-villemur-sur-tarn.fr\/site\/lart-sinvite-dans-nos-commerces\/#breadcrumb"},"inLanguage":"fr-FR","potentialAction":[{"@type":"ReadAction","target":["https:\/\/www.mairie-villemur-sur-tarn.fr\/site\/lart-sinvite-dans-nos-commerces\/"]}]},{"@type":"ImageObject","inLanguage":"fr-FR","@id":"https:\/\/www.mairie-villemur-sur-tarn.fr\/site\/lart-sinvite-dans-nos-commerces\/#primaryimage","url":"https:\/\/www.mairie-villemur-sur-tarn.fr\/site\/wp-content\/uploads\/2026-art-commerces-villemur.jpg","contentUrl":"https:\/\/www.mairie-villemur-sur-tarn.fr\/site\/wp-content\/uploads\/2026-art-commerces-villemur.jpg","width":2500,"height":1313,"caption":"L'art s'invite dans nos commerces"},{"@type":"BreadcrumbList","@id":"https:\/\/www.mairie-villemur-sur-tarn.fr\/site\/lart-sinvite-dans-nos-commerces\/#breadcrumb","itemListElement":[{"@type":"ListItem","position":1,"name":"Accueil","item":"https:\/\/www.mairie-villemur-sur-tarn.fr\/site\/"},{"@type":"ListItem","position":2,"name":"L&rsquo;Art s&rsquo;invite dans nos commerces !"}]},{"@type":"WebSite","@id":"https:\/\/www.mairie-villemur-sur-tarn.fr\/site\/#website","url":"https:\/\/www.mairie-villemur-sur-tarn.fr\/site\/","name":"Mairie Villemur-sur-Tarn","description":"Site officiel canton Villemur Toulouse Nord. D\u00e9marches en ligne, conseil municipal, actualit\u00e9s Villemur, Annuaire Villemur, March\u00e9s...","publisher":{"@id":"https:\/\/www.mairie-villemur-sur-tarn.fr\/site\/#organization"},"potentialAction":[{"@type":"SearchAction","target":{"@type":"EntryPoint","urlTemplate":"https:\/\/www.mairie-villemur-sur-tarn.fr\/site\/?s={search_term_string}"},"query-input":{"@type":"PropertyValueSpecification","valueRequired":true,"valueName":"search_term_string"}}],"inLanguage":"fr-FR"},{"@type":"Organization","@id":"https:\/\/www.mairie-villemur-sur-tarn.fr\/site\/#organization","name":"Mairie Villemur-sur-Tarn","url":"https:\/\/www.mairie-villemur-sur-tarn.fr\/site\/","logo":{"@type":"ImageObject","inLanguage":"fr-FR","@id":"https:\/\/www.mairie-villemur-sur-tarn.fr\/site\/#\/schema\/logo\/image\/","url":"https:\/\/www.mairie-villemur-sur-tarn.fr\/site\/wp-content\/uploads\/Villemur-LOGO-carre-PNG.png","contentUrl":"https:\/\/www.mairie-villemur-sur-tarn.fr\/site\/wp-content\/uploads\/Villemur-LOGO-carre-PNG.png","width":887,"height":886,"caption":"Mairie Villemur-sur-Tarn"},"image":{"@id":"https:\/\/www.mairie-villemur-sur-tarn.fr\/site\/#\/schema\/logo\/image\/"},"sameAs":["https:\/\/www.facebook.com\/mairievillemursurtarn","https:\/\/www.instagram.com\/villemur_sur_tarn\/"]},{"@type":"Person","@id":"https:\/\/www.mairie-villemur-sur-tarn.fr\/site\/#\/schema\/person\/6cacfac2211423e8819455594290c42d","name":"Marie Roum\u00e9goux","image":{"@type":"ImageObject","inLanguage":"fr-FR","@id":"https:\/\/secure.gravatar.com\/avatar\/b28c392ce9b953ddf7e1aaca2fd50fc1d59e58def58364aacd0194b4cea74754?s=96&d=mm&r=g","url":"https:\/\/secure.gravatar.com\/avatar\/b28c392ce9b953ddf7e1aaca2fd50fc1d59e58def58364aacd0194b4cea74754?s=96&d=mm&r=g","contentUrl":"https:\/\/secure.gravatar.com\/avatar\/b28c392ce9b953ddf7e1aaca2fd50fc1d59e58def58364aacd0194b4cea74754?s=96&d=mm&r=g","caption":"Marie Roum\u00e9goux"},"url":"https:\/\/www.mairie-villemur-sur-tarn.fr\/site\/author\/marie_graphiste_31340\/"}]}},"uagb_featured_image_src":{"full":["https:\/\/www.mairie-villemur-sur-tarn.fr\/site\/wp-content\/uploads\/2026-art-commerces-villemur.jpg",2500,1313,false],"thumbnail":["https:\/\/www.mairie-villemur-sur-tarn.fr\/site\/wp-content\/uploads\/2026-art-commerces-villemur-150x150.jpg",150,150,true],"medium":["https:\/\/www.mairie-villemur-sur-tarn.fr\/site\/wp-content\/uploads\/2026-art-commerces-villemur-300x300.jpg",300,300,true],"medium_large":["https:\/\/www.mairie-villemur-sur-tarn.fr\/site\/wp-content\/uploads\/2026-art-commerces-villemur-768x403.jpg",768,403,true],"large":["https:\/\/www.mairie-villemur-sur-tarn.fr\/site\/wp-content\/uploads\/2026-art-commerces-villemur-1024x538.jpg",900,473,true],"1536x1536":["https:\/\/www.mairie-villemur-sur-tarn.fr\/site\/wp-content\/uploads\/2026-art-commerces-villemur-1536x807.jpg",1536,807,true],"2048x2048":["https:\/\/www.mairie-villemur-sur-tarn.fr\/site\/wp-content\/uploads\/2026-art-commerces-villemur-2048x1076.jpg",2048,1076,true],"post-thumbnail":["https:\/\/www.mairie-villemur-sur-tarn.fr\/site\/wp-content\/uploads\/2026-art-commerces-villemur-600x315.jpg",600,315,true],"winnex_medium":["https:\/\/www.mairie-villemur-sur-tarn.fr\/site\/wp-content\/uploads\/2026-art-commerces-villemur-500x375.jpg",500,375,true],"winnex_height":["https:\/\/www.mairie-villemur-sur-tarn.fr\/site\/wp-content\/uploads\/2026-art-commerces-villemur-400x468.jpg",400,468,true]},"uagb_author_info":{"display_name":"Marie Roum\u00e9goux","author_link":"https:\/\/www.mairie-villemur-sur-tarn.fr\/site\/author\/marie_graphiste_31340\/"},"uagb_comment_info":0,"uagb_excerpt":"L'Art s'invite dans nos commerces vous propose de d\u00e9couvrir des artistes locaux de Villemur en allant visiter vos commerces de proximit\u00e9 !","_links":{"self":[{"href":"https:\/\/www.mairie-villemur-sur-tarn.fr\/site\/wp-json\/wp\/v2\/posts\/17613","targetHints":{"allow":["GET"]}}],"collection":[{"href":"https:\/\/www.mairie-villemur-sur-tarn.fr\/site\/wp-json\/wp\/v2\/posts"}],"about":[{"href":"https:\/\/www.mairie-villemur-sur-tarn.fr\/site\/wp-json\/wp\/v2\/types\/post"}],"author":[{"embeddable":true,"href":"https:\/\/www.mairie-villemur-sur-tarn.fr\/site\/wp-json\/wp\/v2\/users\/10"}],"replies":[{"embeddable":true,"href":"https:\/\/www.mairie-villemur-sur-tarn.fr\/site\/wp-json\/wp\/v2\/comments?post=17613"}],"version-history":[{"count":16,"href":"https:\/\/www.mairie-villemur-sur-tarn.fr\/site\/wp-json\/wp\/v2\/posts\/17613\/revisions"}],"predecessor-version":[{"id":20906,"href":"https:\/\/www.mairie-villemur-sur-tarn.fr\/site\/wp-json\/wp\/v2\/posts\/17613\/revisions\/20906"}],"wp:featuredmedia":[{"embeddable":true,"href":"https:\/\/www.mairie-villemur-sur-tarn.fr\/site\/wp-json\/wp\/v2\/media\/20914"}],"wp:attachment":[{"href":"https:\/\/www.mairie-villemur-sur-tarn.fr\/site\/wp-json\/wp\/v2\/media?parent=17613"}],"wp:term":[{"taxonomy":"category","embeddable":true,"href":"https:\/\/www.mairie-villemur-sur-tarn.fr\/site\/wp-json\/wp\/v2\/categories?post=17613"},{"taxonomy":"post_tag","embeddable":true,"href":"https:\/\/www.mairie-villemur-sur-tarn.fr\/site\/wp-json\/wp\/v2\/tags?post=17613"}],"curies":[{"name":"wp","href":"https:\/\/api.w.org\/{rel}","templated":true}]}}