{"id":19906,"date":"2026-04-29T09:31:56","date_gmt":"2026-04-29T07:31:56","guid":{"rendered":"https:\/\/www.mairie-villemur-sur-tarn.fr\/site\/?p=19906"},"modified":"2026-04-29T09:34:02","modified_gmt":"2026-04-29T07:34:02","slug":"sejour-seniors-inscrivez-vous-2","status":"publish","type":"post","link":"https:\/\/www.mairie-villemur-sur-tarn.fr\/site\/sejour-seniors-inscrivez-vous-2\/","title":{"rendered":"S\u00e9jour seniors : inscrivez-vous !"},"content":{"rendered":"<p>[vc_row][vc_column width=\u00a0\u00bb2\/3&Prime;][vc_column_text]<em>Vous \u00eates un senior de plus de 60 ans ? Vous habitez Villemur, Bondigoux, La Magdeleine, Buzet, Mirepoix ou Bessi\u00e8res ? Vous pouvez vous inscrire pour partir en s\u00e9jour en partenariat avec l&rsquo;ANCV.<\/em><\/p>\n<p>Le CCAS vous propose son s\u00e9jour annuel \u00e0 destination des seniors. Cette ann\u00e9e, <strong>destination l&rsquo;Alsace<\/strong>, avec trois visites embl\u00e9matiques \u00e0 Munster, Colmar et Strasbourg et au programme les incontournables d&rsquo;Alsace, route des vins et saveurs gourmandes.<\/p>\n<h3>Le principe du s\u00e9jour<\/h3>\n<p>Il s&rsquo;agit d&rsquo;un s\u00e9jour d&rsquo;une semaine tout compris, en pension compl\u00e8te, accessible \u00e0 toutes les personnes de plus de 60 ans (ou \u00e0 partir de 55 ans pour les personnes en situation de handicap), \u00e0 tarif pr\u00e9f\u00e9rentiel, sous conditions de revenus.<br \/>\n<strong>Il aura lieu du 2 au 9 octobre 2026.<\/strong><\/p>\n<h3>Comment s&rsquo;inscrire ?<\/h3>\n<p>Pour vous inscrire, contactez le CCAS au 05 61 09 91 38, <strong>avant le 22 mai.<\/strong>[\/vc_column_text][\/vc_column][vc_column width=\u00a0\u00bb1\/3&Prime;][vc_column_text css=\u00a0\u00bb.vc_custom_1777448040217{border-top-width: 3px !important;border-right-width: 3px !important;border-bottom-width: 3px !important;border-left-width: 3px !important;padding-top: 20px !important;padding-right: 20px !important;padding-bottom: 20px !important;padding-left: 20px !important;border-left-color: #2e963e !important;border-left-style: dotted !important;border-right-color: #2e963e !important;border-right-style: dotted !important;border-top-color: #2e963e !important;border-top-style: dotted !important;border-bottom-color: #2e963e !important;border-bottom-style: dotted !important;border-radius: 5px !important;}\u00a0\u00bb]<\/p>\n<h3>Les infos pour vous inscrire<\/h3>\n<p><strong><i class=\"far fa-calendar-alt \" ><\/i> Dates du s\u00e9jour<\/strong><\/p>\n<p>Du 2 au 9 octobre 2026<\/p>\n<p><strong><i class=\"fas fa-map-marker-alt \" ><\/i> Lieu du s\u00e9jour<\/strong><\/p>\n<p>Brith\u00f4tel Le Grand H\u00f4tel ***, \u00e0 Munster<\/p>\n<p><strong><i class=\"fas fa-exclamation-triangle \" ><\/i> Inscriptions<\/strong><\/p>\n<p>Date limite d&rsquo;inscription au 22 mai 2026.<br \/>\nInscriptions directement au CCAS de Villemur.<\/p>\n<p><strong><i class=\"fas fa-euro-sign \" ><\/i> Tarifs du s\u00e9jour<\/strong><\/p>\n<p>484 \u20ac par participant pour 8 jours \/ 7 nuits en pension compl\u00e8te, activit\u00e9s incluses (hors suppl\u00e9ment chambre individuelle)<br \/>\n<strong>Aide ANCV<\/strong> : abattement de 212 \u20ac pour les participants \u00e9ligibles, soit un reste \u00e0 charge de 272 \u20ac.<\/p>\n<p>Le paiement se fait directement aupr\u00e8s du Tr\u00e9sor Public (pas d&rsquo;encaissement par les Mairies ou les CCAS). Un document explicatif sera remis aux participants.[\/vc_column_text][\/vc_column][\/vc_row]<\/p>\n","protected":false},"excerpt":{"rendered":"<p>[vc_row][vc_column width=\u00a0\u00bb2\/3&Prime;][vc_column_text]Vous \u00eates un senior de plus de 60 ans ? Vous habitez Villemur, Bondigoux, La Magdeleine, Buzet, Mirepoix ou Bessi\u00e8res ? Vous pouvez vous inscrire pour partir en s\u00e9jour en partenariat avec l&rsquo;ANCV. Le CCAS vous propose son s\u00e9jour annuel \u00e0 destination des seniors. Cette ann\u00e9e, destination l&rsquo;Alsace, avec trois visites embl\u00e9matiques \u00e0 Munster, [&hellip;]<\/p>\n","protected":false},"author":1,"featured_media":19907,"comment_status":"closed","ping_status":"open","sticky":false,"template":"","format":"standard","meta":{"_uag_custom_page_level_css":"","ngg_post_thumbnail":0,"footnotes":""},"categories":[1],"tags":[],"class_list":["post-19906","post","type-post","status-publish","format-standard","has-post-thumbnail","hentry","category-actualites"],"yoast_head":"<!-- This site is optimized with the Yoast SEO plugin v27.5 - https:\/\/yoast.com\/product\/yoast-seo-wordpress\/ -->\n<title>S\u00e9jour seniors : inscrivez-vous ! - Mairie Villemur-sur-Tarn<\/title>\n<meta name=\"description\" content=\"Inscrivez-vous pour participer au s\u00e9jour senior propos\u00e9 par ANCV en partenariat avec les communes de la Communaut\u00e9 de communes.\" \/>\n<meta name=\"robots\" content=\"index, follow, max-snippet:-1, max-image-preview:large, max-video-preview:-1\" \/>\n<link rel=\"canonical\" href=\"https:\/\/www.mairie-villemur-sur-tarn.fr\/site\/sejour-seniors-inscrivez-vous-2\/\" \/>\n<meta property=\"og:locale\" content=\"fr_FR\" \/>\n<meta property=\"og:type\" content=\"article\" \/>\n<meta property=\"og:title\" content=\"S\u00e9jour seniors : inscrivez-vous ! - Mairie Villemur-sur-Tarn\" \/>\n<meta property=\"og:description\" content=\"Inscrivez-vous pour participer au s\u00e9jour senior propos\u00e9 par ANCV en partenariat avec les communes de la Communaut\u00e9 de communes.\" \/>\n<meta property=\"og:url\" content=\"https:\/\/www.mairie-villemur-sur-tarn.fr\/site\/sejour-seniors-inscrivez-vous-2\/\" \/>\n<meta property=\"og:site_name\" content=\"Mairie Villemur-sur-Tarn\" \/>\n<meta property=\"article:publisher\" content=\"https:\/\/www.facebook.com\/mairievillemursurtarn\" \/>\n<meta property=\"article:published_time\" content=\"2026-04-29T07:31:56+00:00\" \/>\n<meta property=\"article:modified_time\" content=\"2026-04-29T07:34:02+00:00\" \/>\n<meta property=\"og:image\" content=\"https:\/\/www.mairie-villemur-sur-tarn.fr\/site\/wp-content\/uploads\/All-declis-web-etc-2026-wp.jpg\" \/>\n\t<meta property=\"og:image:width\" content=\"2500\" \/>\n\t<meta property=\"og:image:height\" content=\"1313\" \/>\n\t<meta property=\"og:image:type\" content=\"image\/jpeg\" \/>\n<meta name=\"author\" content=\"Mairie de Villemur-sur-Tarn\" \/>\n<meta name=\"twitter:card\" content=\"summary_large_image\" \/>\n<meta name=\"twitter:label1\" content=\"\u00c9crit par\" \/>\n\t<meta name=\"twitter:data1\" content=\"Mairie de Villemur-sur-Tarn\" \/>\n\t<meta name=\"twitter:label2\" content=\"Dur\u00e9e de lecture estim\u00e9e\" \/>\n\t<meta name=\"twitter:data2\" content=\"2 minutes\" \/>\n<script type=\"application\/ld+json\" class=\"yoast-schema-graph\">{\"@context\":\"https:\\\/\\\/schema.org\",\"@graph\":[{\"@type\":\"Article\",\"@id\":\"https:\\\/\\\/www.mairie-villemur-sur-tarn.fr\\\/site\\\/sejour-seniors-inscrivez-vous-2\\\/#article\",\"isPartOf\":{\"@id\":\"https:\\\/\\\/www.mairie-villemur-sur-tarn.fr\\\/site\\\/sejour-seniors-inscrivez-vous-2\\\/\"},\"author\":{\"name\":\"Mairie de Villemur-sur-Tarn\",\"@id\":\"https:\\\/\\\/www.mairie-villemur-sur-tarn.fr\\\/site\\\/#\\\/schema\\\/person\\\/3318652f2f5aec5902bf70eca266c017\"},\"headline\":\"S\u00e9jour seniors : inscrivez-vous !\",\"datePublished\":\"2026-04-29T07:31:56+00:00\",\"dateModified\":\"2026-04-29T07:34:02+00:00\",\"mainEntityOfPage\":{\"@id\":\"https:\\\/\\\/www.mairie-villemur-sur-tarn.fr\\\/site\\\/sejour-seniors-inscrivez-vous-2\\\/\"},\"wordCount\":347,\"publisher\":{\"@id\":\"https:\\\/\\\/www.mairie-villemur-sur-tarn.fr\\\/site\\\/#organization\"},\"image\":{\"@id\":\"https:\\\/\\\/www.mairie-villemur-sur-tarn.fr\\\/site\\\/sejour-seniors-inscrivez-vous-2\\\/#primaryimage\"},\"thumbnailUrl\":\"https:\\\/\\\/www.mairie-villemur-sur-tarn.fr\\\/site\\\/wp-content\\\/uploads\\\/All-declis-web-etc-2026-wp.jpg\",\"articleSection\":[\"Actualit\u00e9s\"],\"inLanguage\":\"fr-FR\"},{\"@type\":\"WebPage\",\"@id\":\"https:\\\/\\\/www.mairie-villemur-sur-tarn.fr\\\/site\\\/sejour-seniors-inscrivez-vous-2\\\/\",\"url\":\"https:\\\/\\\/www.mairie-villemur-sur-tarn.fr\\\/site\\\/sejour-seniors-inscrivez-vous-2\\\/\",\"name\":\"S\u00e9jour seniors : inscrivez-vous ! - Mairie Villemur-sur-Tarn\",\"isPartOf\":{\"@id\":\"https:\\\/\\\/www.mairie-villemur-sur-tarn.fr\\\/site\\\/#website\"},\"primaryImageOfPage\":{\"@id\":\"https:\\\/\\\/www.mairie-villemur-sur-tarn.fr\\\/site\\\/sejour-seniors-inscrivez-vous-2\\\/#primaryimage\"},\"image\":{\"@id\":\"https:\\\/\\\/www.mairie-villemur-sur-tarn.fr\\\/site\\\/sejour-seniors-inscrivez-vous-2\\\/#primaryimage\"},\"thumbnailUrl\":\"https:\\\/\\\/www.mairie-villemur-sur-tarn.fr\\\/site\\\/wp-content\\\/uploads\\\/All-declis-web-etc-2026-wp.jpg\",\"datePublished\":\"2026-04-29T07:31:56+00:00\",\"dateModified\":\"2026-04-29T07:34:02+00:00\",\"description\":\"Inscrivez-vous pour participer au s\u00e9jour senior propos\u00e9 par ANCV en partenariat avec les communes de la Communaut\u00e9 de communes.\",\"breadcrumb\":{\"@id\":\"https:\\\/\\\/www.mairie-villemur-sur-tarn.fr\\\/site\\\/sejour-seniors-inscrivez-vous-2\\\/#breadcrumb\"},\"inLanguage\":\"fr-FR\",\"potentialAction\":[{\"@type\":\"ReadAction\",\"target\":[\"https:\\\/\\\/www.mairie-villemur-sur-tarn.fr\\\/site\\\/sejour-seniors-inscrivez-vous-2\\\/\"]}]},{\"@type\":\"ImageObject\",\"inLanguage\":\"fr-FR\",\"@id\":\"https:\\\/\\\/www.mairie-villemur-sur-tarn.fr\\\/site\\\/sejour-seniors-inscrivez-vous-2\\\/#primaryimage\",\"url\":\"https:\\\/\\\/www.mairie-villemur-sur-tarn.fr\\\/site\\\/wp-content\\\/uploads\\\/All-declis-web-etc-2026-wp.jpg\",\"contentUrl\":\"https:\\\/\\\/www.mairie-villemur-sur-tarn.fr\\\/site\\\/wp-content\\\/uploads\\\/All-declis-web-etc-2026-wp.jpg\",\"width\":2500,\"height\":1313},{\"@type\":\"BreadcrumbList\",\"@id\":\"https:\\\/\\\/www.mairie-villemur-sur-tarn.fr\\\/site\\\/sejour-seniors-inscrivez-vous-2\\\/#breadcrumb\",\"itemListElement\":[{\"@type\":\"ListItem\",\"position\":1,\"name\":\"Accueil\",\"item\":\"https:\\\/\\\/www.mairie-villemur-sur-tarn.fr\\\/site\\\/\"},{\"@type\":\"ListItem\",\"position\":2,\"name\":\"S\u00e9jour seniors : inscrivez-vous !\"}]},{\"@type\":\"WebSite\",\"@id\":\"https:\\\/\\\/www.mairie-villemur-sur-tarn.fr\\\/site\\\/#website\",\"url\":\"https:\\\/\\\/www.mairie-villemur-sur-tarn.fr\\\/site\\\/\",\"name\":\"Mairie Villemur-sur-Tarn\",\"description\":\"Site officiel canton Villemur Toulouse Nord. D\u00e9marches en ligne, conseil municipal, actualit\u00e9s Villemur, Annuaire Villemur, March\u00e9s...\",\"publisher\":{\"@id\":\"https:\\\/\\\/www.mairie-villemur-sur-tarn.fr\\\/site\\\/#organization\"},\"potentialAction\":[{\"@type\":\"SearchAction\",\"target\":{\"@type\":\"EntryPoint\",\"urlTemplate\":\"https:\\\/\\\/www.mairie-villemur-sur-tarn.fr\\\/site\\\/?s={search_term_string}\"},\"query-input\":{\"@type\":\"PropertyValueSpecification\",\"valueRequired\":true,\"valueName\":\"search_term_string\"}}],\"inLanguage\":\"fr-FR\"},{\"@type\":\"Organization\",\"@id\":\"https:\\\/\\\/www.mairie-villemur-sur-tarn.fr\\\/site\\\/#organization\",\"name\":\"Mairie Villemur-sur-Tarn\",\"url\":\"https:\\\/\\\/www.mairie-villemur-sur-tarn.fr\\\/site\\\/\",\"logo\":{\"@type\":\"ImageObject\",\"inLanguage\":\"fr-FR\",\"@id\":\"https:\\\/\\\/www.mairie-villemur-sur-tarn.fr\\\/site\\\/#\\\/schema\\\/logo\\\/image\\\/\",\"url\":\"https:\\\/\\\/www.mairie-villemur-sur-tarn.fr\\\/site\\\/wp-content\\\/uploads\\\/Villemur-LOGO-carre-PNG.png\",\"contentUrl\":\"https:\\\/\\\/www.mairie-villemur-sur-tarn.fr\\\/site\\\/wp-content\\\/uploads\\\/Villemur-LOGO-carre-PNG.png\",\"width\":887,\"height\":886,\"caption\":\"Mairie Villemur-sur-Tarn\"},\"image\":{\"@id\":\"https:\\\/\\\/www.mairie-villemur-sur-tarn.fr\\\/site\\\/#\\\/schema\\\/logo\\\/image\\\/\"},\"sameAs\":[\"https:\\\/\\\/www.facebook.com\\\/mairievillemursurtarn\",\"https:\\\/\\\/www.instagram.com\\\/villemur_sur_tarn\\\/\"]},{\"@type\":\"Person\",\"@id\":\"https:\\\/\\\/www.mairie-villemur-sur-tarn.fr\\\/site\\\/#\\\/schema\\\/person\\\/3318652f2f5aec5902bf70eca266c017\",\"name\":\"Mairie de Villemur-sur-Tarn\",\"image\":{\"@type\":\"ImageObject\",\"inLanguage\":\"fr-FR\",\"@id\":\"https:\\\/\\\/secure.gravatar.com\\\/avatar\\\/85f71256c4710d707e4b698b3b804ce8e2f0b784b59af41d4da67373b81658c9?s=96&d=mm&r=g\",\"url\":\"https:\\\/\\\/secure.gravatar.com\\\/avatar\\\/85f71256c4710d707e4b698b3b804ce8e2f0b784b59af41d4da67373b81658c9?s=96&d=mm&r=g\",\"contentUrl\":\"https:\\\/\\\/secure.gravatar.com\\\/avatar\\\/85f71256c4710d707e4b698b3b804ce8e2f0b784b59af41d4da67373b81658c9?s=96&d=mm&r=g\",\"caption\":\"Mairie de Villemur-sur-Tarn\"},\"url\":\"https:\\\/\\\/www.mairie-villemur-sur-tarn.fr\\\/site\\\/author\\\/villmurtarn_admin\\\/\"}]}<\/script>\n<!-- \/ Yoast SEO plugin. -->","yoast_head_json":{"title":"S\u00e9jour seniors : inscrivez-vous ! - Mairie Villemur-sur-Tarn","description":"Inscrivez-vous pour participer au s\u00e9jour senior propos\u00e9 par ANCV en partenariat avec les communes de la Communaut\u00e9 de communes.","robots":{"index":"index","follow":"follow","max-snippet":"max-snippet:-1","max-image-preview":"max-image-preview:large","max-video-preview":"max-video-preview:-1"},"canonical":"https:\/\/www.mairie-villemur-sur-tarn.fr\/site\/sejour-seniors-inscrivez-vous-2\/","og_locale":"fr_FR","og_type":"article","og_title":"S\u00e9jour seniors : inscrivez-vous ! - Mairie Villemur-sur-Tarn","og_description":"Inscrivez-vous pour participer au s\u00e9jour senior propos\u00e9 par ANCV en partenariat avec les communes de la Communaut\u00e9 de communes.","og_url":"https:\/\/www.mairie-villemur-sur-tarn.fr\/site\/sejour-seniors-inscrivez-vous-2\/","og_site_name":"Mairie Villemur-sur-Tarn","article_publisher":"https:\/\/www.facebook.com\/mairievillemursurtarn","article_published_time":"2026-04-29T07:31:56+00:00","article_modified_time":"2026-04-29T07:34:02+00:00","og_image":[{"width":2500,"height":1313,"url":"https:\/\/www.mairie-villemur-sur-tarn.fr\/site\/wp-content\/uploads\/All-declis-web-etc-2026-wp.jpg","type":"image\/jpeg"}],"author":"Mairie de Villemur-sur-Tarn","twitter_card":"summary_large_image","twitter_misc":{"\u00c9crit par":"Mairie de Villemur-sur-Tarn","Dur\u00e9e de lecture estim\u00e9e":"2 minutes"},"schema":{"@context":"https:\/\/schema.org","@graph":[{"@type":"Article","@id":"https:\/\/www.mairie-villemur-sur-tarn.fr\/site\/sejour-seniors-inscrivez-vous-2\/#article","isPartOf":{"@id":"https:\/\/www.mairie-villemur-sur-tarn.fr\/site\/sejour-seniors-inscrivez-vous-2\/"},"author":{"name":"Mairie de Villemur-sur-Tarn","@id":"https:\/\/www.mairie-villemur-sur-tarn.fr\/site\/#\/schema\/person\/3318652f2f5aec5902bf70eca266c017"},"headline":"S\u00e9jour seniors : inscrivez-vous !","datePublished":"2026-04-29T07:31:56+00:00","dateModified":"2026-04-29T07:34:02+00:00","mainEntityOfPage":{"@id":"https:\/\/www.mairie-villemur-sur-tarn.fr\/site\/sejour-seniors-inscrivez-vous-2\/"},"wordCount":347,"publisher":{"@id":"https:\/\/www.mairie-villemur-sur-tarn.fr\/site\/#organization"},"image":{"@id":"https:\/\/www.mairie-villemur-sur-tarn.fr\/site\/sejour-seniors-inscrivez-vous-2\/#primaryimage"},"thumbnailUrl":"https:\/\/www.mairie-villemur-sur-tarn.fr\/site\/wp-content\/uploads\/All-declis-web-etc-2026-wp.jpg","articleSection":["Actualit\u00e9s"],"inLanguage":"fr-FR"},{"@type":"WebPage","@id":"https:\/\/www.mairie-villemur-sur-tarn.fr\/site\/sejour-seniors-inscrivez-vous-2\/","url":"https:\/\/www.mairie-villemur-sur-tarn.fr\/site\/sejour-seniors-inscrivez-vous-2\/","name":"S\u00e9jour seniors : inscrivez-vous ! - Mairie Villemur-sur-Tarn","isPartOf":{"@id":"https:\/\/www.mairie-villemur-sur-tarn.fr\/site\/#website"},"primaryImageOfPage":{"@id":"https:\/\/www.mairie-villemur-sur-tarn.fr\/site\/sejour-seniors-inscrivez-vous-2\/#primaryimage"},"image":{"@id":"https:\/\/www.mairie-villemur-sur-tarn.fr\/site\/sejour-seniors-inscrivez-vous-2\/#primaryimage"},"thumbnailUrl":"https:\/\/www.mairie-villemur-sur-tarn.fr\/site\/wp-content\/uploads\/All-declis-web-etc-2026-wp.jpg","datePublished":"2026-04-29T07:31:56+00:00","dateModified":"2026-04-29T07:34:02+00:00","description":"Inscrivez-vous pour participer au s\u00e9jour senior propos\u00e9 par ANCV en partenariat avec les communes de la Communaut\u00e9 de communes.","breadcrumb":{"@id":"https:\/\/www.mairie-villemur-sur-tarn.fr\/site\/sejour-seniors-inscrivez-vous-2\/#breadcrumb"},"inLanguage":"fr-FR","potentialAction":[{"@type":"ReadAction","target":["https:\/\/www.mairie-villemur-sur-tarn.fr\/site\/sejour-seniors-inscrivez-vous-2\/"]}]},{"@type":"ImageObject","inLanguage":"fr-FR","@id":"https:\/\/www.mairie-villemur-sur-tarn.fr\/site\/sejour-seniors-inscrivez-vous-2\/#primaryimage","url":"https:\/\/www.mairie-villemur-sur-tarn.fr\/site\/wp-content\/uploads\/All-declis-web-etc-2026-wp.jpg","contentUrl":"https:\/\/www.mairie-villemur-sur-tarn.fr\/site\/wp-content\/uploads\/All-declis-web-etc-2026-wp.jpg","width":2500,"height":1313},{"@type":"BreadcrumbList","@id":"https:\/\/www.mairie-villemur-sur-tarn.fr\/site\/sejour-seniors-inscrivez-vous-2\/#breadcrumb","itemListElement":[{"@type":"ListItem","position":1,"name":"Accueil","item":"https:\/\/www.mairie-villemur-sur-tarn.fr\/site\/"},{"@type":"ListItem","position":2,"name":"S\u00e9jour seniors : inscrivez-vous !"}]},{"@type":"WebSite","@id":"https:\/\/www.mairie-villemur-sur-tarn.fr\/site\/#website","url":"https:\/\/www.mairie-villemur-sur-tarn.fr\/site\/","name":"Mairie Villemur-sur-Tarn","description":"Site officiel canton Villemur Toulouse Nord. D\u00e9marches en ligne, conseil municipal, actualit\u00e9s Villemur, Annuaire Villemur, March\u00e9s...","publisher":{"@id":"https:\/\/www.mairie-villemur-sur-tarn.fr\/site\/#organization"},"potentialAction":[{"@type":"SearchAction","target":{"@type":"EntryPoint","urlTemplate":"https:\/\/www.mairie-villemur-sur-tarn.fr\/site\/?s={search_term_string}"},"query-input":{"@type":"PropertyValueSpecification","valueRequired":true,"valueName":"search_term_string"}}],"inLanguage":"fr-FR"},{"@type":"Organization","@id":"https:\/\/www.mairie-villemur-sur-tarn.fr\/site\/#organization","name":"Mairie Villemur-sur-Tarn","url":"https:\/\/www.mairie-villemur-sur-tarn.fr\/site\/","logo":{"@type":"ImageObject","inLanguage":"fr-FR","@id":"https:\/\/www.mairie-villemur-sur-tarn.fr\/site\/#\/schema\/logo\/image\/","url":"https:\/\/www.mairie-villemur-sur-tarn.fr\/site\/wp-content\/uploads\/Villemur-LOGO-carre-PNG.png","contentUrl":"https:\/\/www.mairie-villemur-sur-tarn.fr\/site\/wp-content\/uploads\/Villemur-LOGO-carre-PNG.png","width":887,"height":886,"caption":"Mairie Villemur-sur-Tarn"},"image":{"@id":"https:\/\/www.mairie-villemur-sur-tarn.fr\/site\/#\/schema\/logo\/image\/"},"sameAs":["https:\/\/www.facebook.com\/mairievillemursurtarn","https:\/\/www.instagram.com\/villemur_sur_tarn\/"]},{"@type":"Person","@id":"https:\/\/www.mairie-villemur-sur-tarn.fr\/site\/#\/schema\/person\/3318652f2f5aec5902bf70eca266c017","name":"Mairie de Villemur-sur-Tarn","image":{"@type":"ImageObject","inLanguage":"fr-FR","@id":"https:\/\/secure.gravatar.com\/avatar\/85f71256c4710d707e4b698b3b804ce8e2f0b784b59af41d4da67373b81658c9?s=96&d=mm&r=g","url":"https:\/\/secure.gravatar.com\/avatar\/85f71256c4710d707e4b698b3b804ce8e2f0b784b59af41d4da67373b81658c9?s=96&d=mm&r=g","contentUrl":"https:\/\/secure.gravatar.com\/avatar\/85f71256c4710d707e4b698b3b804ce8e2f0b784b59af41d4da67373b81658c9?s=96&d=mm&r=g","caption":"Mairie de Villemur-sur-Tarn"},"url":"https:\/\/www.mairie-villemur-sur-tarn.fr\/site\/author\/villmurtarn_admin\/"}]}},"uagb_featured_image_src":{"full":["https:\/\/www.mairie-villemur-sur-tarn.fr\/site\/wp-content\/uploads\/All-declis-web-etc-2026-wp.jpg",2500,1313,false],"thumbnail":["https:\/\/www.mairie-villemur-sur-tarn.fr\/site\/wp-content\/uploads\/All-declis-web-etc-2026-wp-150x150.jpg",150,150,true],"medium":["https:\/\/www.mairie-villemur-sur-tarn.fr\/site\/wp-content\/uploads\/All-declis-web-etc-2026-wp-300x300.jpg",300,300,true],"medium_large":["https:\/\/www.mairie-villemur-sur-tarn.fr\/site\/wp-content\/uploads\/All-declis-web-etc-2026-wp-768x403.jpg",768,403,true],"large":["https:\/\/www.mairie-villemur-sur-tarn.fr\/site\/wp-content\/uploads\/All-declis-web-etc-2026-wp-1024x538.jpg",900,473,true],"1536x1536":["https:\/\/www.mairie-villemur-sur-tarn.fr\/site\/wp-content\/uploads\/All-declis-web-etc-2026-wp-1536x807.jpg",1536,807,true],"2048x2048":["https:\/\/www.mairie-villemur-sur-tarn.fr\/site\/wp-content\/uploads\/All-declis-web-etc-2026-wp-2048x1076.jpg",2048,1076,true],"post-thumbnail":["https:\/\/www.mairie-villemur-sur-tarn.fr\/site\/wp-content\/uploads\/All-declis-web-etc-2026-wp-600x315.jpg",600,315,true],"winnex_medium":["https:\/\/www.mairie-villemur-sur-tarn.fr\/site\/wp-content\/uploads\/All-declis-web-etc-2026-wp-500x375.jpg",500,375,true],"winnex_height":["https:\/\/www.mairie-villemur-sur-tarn.fr\/site\/wp-content\/uploads\/All-declis-web-etc-2026-wp-400x468.jpg",400,468,true]},"uagb_author_info":{"display_name":"Mairie de Villemur-sur-Tarn","author_link":"https:\/\/www.mairie-villemur-sur-tarn.fr\/site\/author\/villmurtarn_admin\/"},"uagb_comment_info":0,"uagb_excerpt":"[vc_row][vc_column width=\u00a0\u00bb2\/3&Prime;][vc_column_text]Vous \u00eates un senior de plus de 60 ans ? Vous habitez Villemur, Bondigoux, La Magdeleine, Buzet, Mirepoix ou Bessi\u00e8res ? Vous pouvez vous inscrire pour partir en s\u00e9jour en partenariat avec l&rsquo;ANCV. Le CCAS vous propose son s\u00e9jour annuel \u00e0 destination des seniors. Cette ann\u00e9e, destination l&rsquo;Alsace, avec trois visites embl\u00e9matiques \u00e0 Munster,\u2026","_links":{"self":[{"href":"https:\/\/www.mairie-villemur-sur-tarn.fr\/site\/wp-json\/wp\/v2\/posts\/19906","targetHints":{"allow":["GET"]}}],"collection":[{"href":"https:\/\/www.mairie-villemur-sur-tarn.fr\/site\/wp-json\/wp\/v2\/posts"}],"about":[{"href":"https:\/\/www.mairie-villemur-sur-tarn.fr\/site\/wp-json\/wp\/v2\/types\/post"}],"author":[{"embeddable":true,"href":"https:\/\/www.mairie-villemur-sur-tarn.fr\/site\/wp-json\/wp\/v2\/users\/1"}],"replies":[{"embeddable":true,"href":"https:\/\/www.mairie-villemur-sur-tarn.fr\/site\/wp-json\/wp\/v2\/comments?post=19906"}],"version-history":[{"count":3,"href":"https:\/\/www.mairie-villemur-sur-tarn.fr\/site\/wp-json\/wp\/v2\/posts\/19906\/revisions"}],"predecessor-version":[{"id":19910,"href":"https:\/\/www.mairie-villemur-sur-tarn.fr\/site\/wp-json\/wp\/v2\/posts\/19906\/revisions\/19910"}],"wp:featuredmedia":[{"embeddable":true,"href":"https:\/\/www.mairie-villemur-sur-tarn.fr\/site\/wp-json\/wp\/v2\/media\/19907"}],"wp:attachment":[{"href":"https:\/\/www.mairie-villemur-sur-tarn.fr\/site\/wp-json\/wp\/v2\/media?parent=19906"}],"wp:term":[{"taxonomy":"category","embeddable":true,"href":"https:\/\/www.mairie-villemur-sur-tarn.fr\/site\/wp-json\/wp\/v2\/categories?post=19906"},{"taxonomy":"post_tag","embeddable":true,"href":"https:\/\/www.mairie-villemur-sur-tarn.fr\/site\/wp-json\/wp\/v2\/tags?post=19906"}],"curies":[{"name":"wp","href":"https:\/\/api.w.org\/{rel}","templated":true}]}}