{"id":20673,"date":"2026-08-31T09:39:34","date_gmt":"2026-08-31T07:39:34","guid":{"rendered":"https:\/\/www.mairie-villemur-sur-tarn.fr\/site\/?p=20673"},"modified":"2026-08-31T09:39:34","modified_gmt":"2026-08-31T07:39:34","slug":"fete-saint-michel-centre-villemur","status":"publish","type":"post","link":"https:\/\/www.mairie-villemur-sur-tarn.fr\/site\/fete-saint-michel-centre-villemur\/","title":{"rendered":"La F\u00eate de la Saint-Michel revient dans le centre de Villemur !"},"content":{"rendered":"<p>[vc_row][vc_column width=\u00a0\u00bb2\/3&Prime;][vc_column_text]La F\u00eate de la Saint-Michel revient en centre-ville ! De nombreuses animations et rendez-vous sont pr\u00e9vus tout au long du week-end. Consultez le programme pour en savoir plus.[\/vc_column_text][vc_single_image image=\u00a0\u00bb20937&Prime; img_size=\u00a0\u00bbfull\u00a0\u00bb alignment=\u00a0\u00bbcenter\u00a0\u00bb][vc_column_text]<\/p>\n<h3 style=\"text-align: center;\"><span style=\"font-family: 'book antiqua', palatino; color: #ea5469;\">Vendredi 18 septembre<\/span><\/h3>\n<p><strong>18h : Ouverture de la f\u00eate foraine<\/strong> &#8211; Dans tout le centre-ville<br \/>\n<em>Man\u00e8ges, animations foraines, gourmandises&#8230;<\/em><\/p>\n<p><strong>Commerces en f\u00eate<\/strong> &#8211; Centre-ville<br \/>\n<em>Vos commerces s\u2019invitent \u00e0 la f\u00eate !<\/em><\/p>\n<p><strong>19h-21h : Fanfare<\/strong> &#8211; Centre-ville<br \/>\n<em>La bande d\u2019<\/em>Ah que coucou <em>d\u00e9ambule dans les rues, suivez la musique !<\/em><\/p>\n<p><strong>21h-1h<\/strong> : Concert TNT &#8211; Place Charles Ourgaut<br \/>\n<em>Dansez au son vari\u00e9t\u00e9 pop rock du groupe TNT pour terminer la soir\u00e9e.<\/em>[\/vc_column_text][vc_column_text]<\/p>\n<h3 style=\"text-align: center;\"><span style=\"font-family: 'book antiqua', palatino; color: #ea5469;\">Samedi 19 septembre<\/span><\/h3>\n<p><strong>7h-11h : Concours de p\u00eache <\/strong>&#8211; Berges du Tarn<br \/>\n<em>Organis\u00e9 par l\u2019AAPPMA, participation 15 \u20ac.<\/em><br \/>\n<em>Inscriptions au 06 67 63 16 57 ou en \u00e9crivant \u00e0 sergebraye@gmail.com.<\/em><\/p>\n<p><strong>7h30-13h : March\u00e9<\/strong> &#8211; D\u00e9plac\u00e9 sous la Halle Brusson<br \/>\n<em>Une navette gratuite est mise \u00e0 votre disposition au d\u00e9part de la place Saint-Jean pour la Halle Brusson<\/em><\/p>\n<p><strong>10h-18h : Activit\u00e9s d\u00e9couverte autour du foot<\/strong> &#8211; Parc de Bernadou<\/p>\n<p><strong>14h30 : P\u00e9tanque<\/strong> &#8211; Jardin public<br \/>\n<em>Concours en 4 parties. Contact : Nadine Peries au 06 68 48 85 49.<\/em><\/p>\n<p><strong>15h30 : Ouverture de la f\u00eate foraine<\/strong> &#8211; Dans tout le centre-ville<\/p>\n<p><strong>Commerces en f\u00eate<\/strong> &#8211; Centre-ville<\/p>\n<p><strong>19h : Auberge espagnole<\/strong> &#8211; Place Charles Ourgaut<br \/>\n<em>Pique-nique ou snack dans un de nos commerces : installez-vous \u00e0 table !<\/em><\/p>\n<p><strong>19h-21h : Fanfare<\/strong> &#8211; Centre-ville<br \/>\n<em>Suivez les <\/em>Croque-Notes <em>dans Villemur au rythme de leurs instruments.<\/em><\/p>\n<p><strong>21h-1h : DJ Podium Starmusic<\/strong> &#8211; Place Charles Ourgaut<br \/>\n<em>Tous sur la piste de danse pour finir la soir\u00e9e en musique !<\/em><\/p>\n<p><strong>22h : Feu d\u2019artifice<\/strong> &#8211; Tir\u00e9 depuis Brusson<br \/>\n<em>Profitez d\u2019un superbe spectacle pyrosymphonique \u00e0 ne pas rater.<\/em>[\/vc_column_text][vc_column_text]<\/p>\n<h3 style=\"text-align: center;\"><span style=\"font-family: 'book antiqua', palatino; color: #ea5469;\">Dimanche 20 septembre<\/span><\/h3>\n<p><strong>7h30-13h : March\u00e9<\/strong> &#8211; D\u00e9plac\u00e9 sous la Halle Brusson<br \/>\n<em>Une navette gratuite est mise \u00e0 votre disposition au d\u00e9part de la place Saint-Jean pour la Halle Brusson<\/em><\/p>\n<p><strong>Toute la journ\u00e9e<\/strong> : Courses cyclistes &#8211; Zone Pechnauqui\u00e9 (av. M. Rocard)<br \/>\n<em>Avec ASV cyclisme. Prix Groupama en \u00e9cole de v\u00e9lo \u00e0 9h<\/em><br \/>\n<em>Prix de la municipalit\u00e9 en U17 \u00e0 13h, en U19 et seniors \u00e0 15h.<\/em><\/p>\n<p><strong>11h-12h et 14h-16h<\/strong> : R\u00e9gates Aviron &#8211; Base nautique<br \/>\n<em>Avec l\u2019AS Villemur Aviron.<\/em><\/p>\n<p><strong>12h30 : Ap\u00e9ritif offert par la Mairie<\/strong> &#8211; Parvis de la Tour de D\u00e9fense<br \/>\n<em>Un moment convivial et musical anim\u00e9 par les <\/em>Macadam Farmers<em>.<\/em><\/p>\n<p><strong>13h30 : Rugby <\/strong>&#8211; Stade V\u00e9lodrome<br \/>\n<em>L\u2019USVF rugby re\u00e7oit IUS Luzech : 13h30 \u00e9quipe B et 15h \u00e9quipe A.<\/em><\/p>\n<p><strong>15h : Ouverture de la f\u00eate foraine<\/strong> &#8211; Dans tout le centre-ville<\/p>\n<p><strong>15h-19h : Jeux en bois<\/strong> &#8211; Place Charles Ourgaut<br \/>\n<em>Terminez le week-end avec les jeux de Joc-Bois pour petits et grands.<\/em>[\/vc_column_text][\/vc_column][vc_column width=\u00a0\u00bb1\/3&Prime;][vc_column_text css=\u00a0\u00bb.vc_custom_1787580136804{border-top-width: 2px !important;border-right-width: 2px !important;border-bottom-width: 2px !important;border-left-width: 2px !important;padding-top: 20px !important;padding-right: 20px !important;padding-bottom: 20px !important;padding-left: 20px !important;border-left-color: #17b585 !important;border-left-style: dotted !important;border-right-color: #17b585 !important;border-right-style: dotted !important;border-top-color: #17b585 !important;border-top-style: dotted !important;border-bottom-color: #17b585 !important;border-bottom-style: dotted !important;border-radius: 5px !important;}\u00a0\u00bb]<\/p>\n<h3 style=\"text-align: center;\"><span style=\"color: #ea5469;\">Infos pratiques<\/span><\/h3>\n<p style=\"text-align: center;\"><strong><i class=\"fas fa-map-marker-alt \" ><\/i> <\/strong>Dans tout le centre-ville de Villemur<\/p>\n<p style=\"text-align: center;\"><strong><i class=\"fas fa-calendar-alt \" ><\/i> <\/strong>Vendredi 18, samedi 19 et dimanche 20 septembre 2026<\/p>\n<p>[\/vc_column_text][vc_single_image image=\u00a0\u00bb20937&Prime; img_size=\u00a0\u00bbfull\u00a0\u00bb alignment=\u00a0\u00bbcenter\u00a0\u00bb][vc_column_text]<\/p>\n<h3><span style=\"font-family: 'book antiqua', palatino; color: #ea5469;\">Vos infos circulation<\/span><\/h3>\n<p>Afin de permettre le bon d\u00e9roulement de la F\u00eate de la Saint-Michel, un certain nombre de restrictions de circulation vont s\u2019appliquer dans le centre-ville d\u00e8s le mardi 15 septembre. <a href=\"https:\/\/www.mairie-villemur-sur-tarn.fr\/site\/wp-content\/uploads\/Fete-de-la-Saint-Michel.pdf\">Retrouvez l&rsquo;arr\u00eat\u00e9 de circulation en cliquant ici.<\/a><\/p>\n<p style=\"text-align: center;\"><span style=\"color: #ea5469;\"><strong>Stationnement interdit<\/strong><\/span><\/p>\n<p><strong>Place du Lavoir<\/strong> : du mardi 15 septembre \u00e0 17h au lundi 21 septembre 10h.<\/p>\n<p><strong>Place Saint-Jean<\/strong> : du mardi 15 septembre \u00e0 14h au lundi 21 septembre 10h.<\/p>\n<p><strong>Square des Pupilles de la Nation<\/strong> : du mardi 15 septembre \u00e0 14h au lundi 21 septembre 10h.<\/p>\n<p><strong>Place Charles Ourgaut<\/strong> : du jeudi 17 septembre \u00e0 16h au lundi 21 septembre 14h.<\/p>\n<p><strong>Place Mandela et l\u2019ensemble des places au droit de l\u2019\u00e9tablissement bancaire et de la Place Mandela<\/strong>: du mardi 15 septembre \u00e0 11h au lundi 21 septembre 12h.<\/p>\n<p><strong>Place du Souvenir<\/strong> : du mardi 15 septembre \u00e0 11h au lundi 21 septembre 12h.<\/p>\n<p><strong>Rue de la R\u00e9publique et Rue Saint-Jean<\/strong> : du vendredi 18 septembre \u00e0 14h au dimanche 20 septembre 20h.<\/p>\n<p><strong>Boulevard de Bifranc dans sa portion comprise entre la voie d\u2019entr\u00e9e au parking Saint-Jean, et son intersection d\u2019avec la voie de sortie du parking du Lavoir<\/strong> : du mardi 15 septembre \u00e0 17h au lundi 21 septembre 10h.<\/p>\n<p><em>Les places du Lavoir, de Saint-Jean, de la Pupille de la Nation, Charles Ourgaut, du Souvenir, Mandela <strong>seront, du mercredi 16 septembre au lundi 21 septembre 14h, affect\u00e9es exclusivement au montage des m\u00e9tiers forains<\/strong>, et au montage de la sc\u00e8ne musicale<\/em>.<\/p>\n<p style=\"text-align: center;\"><span style=\"color: #ea5469;\"><strong>Modification du sens de circulation dans le centre-ville<\/strong><\/span><\/p>\n<p>La circulation sur le Pont Suspendu sera invers\u00e9e (elle se fera de la Poste en direction de l\u2019Avenue du Pont) du vendredi 18 septembre \u00e0 18h au dimanche 20 septembre 21h.<\/p>\n<p style=\"text-align: center;\"><span style=\"color: #ea5469;\"><strong>Circulation interdite<\/strong><\/span><\/p>\n<p>D\u00e8s l\u2019inversion de la circulation du Pont Suspendu, la circulation rue de la R\u00e9publique et rue Saint-Jean sera interdite, sauf pour les v\u00e9hicules de secours, v\u00e9hicules de livraison et v\u00e9hicules m\u00e9dicalis\u00e9s ou infirmiers.[\/vc_column_text][vc_single_image image=\u00a0\u00bb20939&Prime; img_size=\u00a0\u00bbmedium\u00a0\u00bb alignment=\u00a0\u00bbcenter\u00a0\u00bb onclick=\u00a0\u00bbcustom_link\u00a0\u00bb img_link_target=\u00a0\u00bb_blank\u00a0\u00bb title=\u00a0\u00bbPlan de la circulation\u00a0\u00bb link=\u00a0\u00bbhttps:\/\/www.mairie-villemur-sur-tarn.fr\/site\/wp-content\/uploads\/Plan-circulation.jpg\u00a0\u00bb][\/vc_column][\/vc_row]<\/p>\n","protected":false},"excerpt":{"rendered":"<p>[vc_row][vc_column width=\u00a0\u00bb2\/3&Prime;][vc_column_text]La F\u00eate de la Saint-Michel revient en centre-ville ! De nombreuses animations et rendez-vous sont pr\u00e9vus tout au long du week-end. Consultez le programme pour en savoir plus.[\/vc_column_text][vc_single_image image=\u00a0\u00bb20937&Prime; img_size=\u00a0\u00bbfull\u00a0\u00bb alignment=\u00a0\u00bbcenter\u00a0\u00bb][vc_column_text] Vendredi 18 septembre 18h : Ouverture de la f\u00eate foraine &#8211; Dans tout le centre-ville Man\u00e8ges, animations foraines, gourmandises&#8230; Commerces en f\u00eate &#8211; [&hellip;]<\/p>\n","protected":false},"author":12,"featured_media":20941,"comment_status":"closed","ping_status":"open","sticky":false,"template":"","format":"standard","meta":{"_uag_custom_page_level_css":"","ngg_post_thumbnail":0,"footnotes":""},"categories":[1,40],"tags":[],"class_list":["post-20673","post","type-post","status-publish","format-standard","has-post-thumbnail","hentry","category-actualites","category-festivites"],"yoast_head":"<!-- This site is optimized with the Yoast SEO plugin v28.1 - https:\/\/yoast.com\/product\/yoast-seo-wordpress\/ -->\n<title>La F\u00eate de la Saint-Michel revient dans le centre de Villemur ! - Mairie Villemur-sur-Tarn<\/title>\n<meta name=\"description\" content=\"La F\u00eate Saint-Michel vous attend dans le centre-ville de Villemur du 18 au 20 septembre ! Nombreuses animations tout le weekend.\" \/>\n<meta name=\"robots\" content=\"index, follow, max-snippet:-1, max-image-preview:large, max-video-preview:-1\" \/>\n<link rel=\"canonical\" href=\"https:\/\/www.mairie-villemur-sur-tarn.fr\/site\/fete-saint-michel-centre-villemur\/\" \/>\n<meta property=\"og:locale\" content=\"fr_FR\" \/>\n<meta property=\"og:type\" content=\"article\" \/>\n<meta property=\"og:title\" content=\"La F\u00eate de la Saint-Michel revient dans le centre de Villemur ! - Mairie Villemur-sur-Tarn\" \/>\n<meta property=\"og:description\" content=\"La F\u00eate Saint-Michel vous attend dans le centre-ville de Villemur du 18 au 20 septembre ! Nombreuses animations tout le weekend.\" \/>\n<meta property=\"og:url\" content=\"https:\/\/www.mairie-villemur-sur-tarn.fr\/site\/fete-saint-michel-centre-villemur\/\" \/>\n<meta property=\"og:site_name\" content=\"Mairie Villemur-sur-Tarn\" \/>\n<meta property=\"article:publisher\" content=\"https:\/\/www.facebook.com\/mairievillemursurtarn\" \/>\n<meta property=\"article:published_time\" content=\"2026-08-31T07:39:34+00:00\" \/>\n<meta property=\"og:image\" content=\"https:\/\/www.mairie-villemur-sur-tarn.fr\/site\/wp-content\/uploads\/All-declis-fete-st-michel-wp.jpg\" \/>\n\t<meta property=\"og:image:width\" content=\"2500\" \/>\n\t<meta property=\"og:image:height\" content=\"1313\" \/>\n\t<meta property=\"og:image:type\" content=\"image\/jpeg\" \/>\n<meta name=\"author\" content=\"\u00c9l\u00e9a Camu\" \/>\n<meta name=\"twitter:card\" content=\"summary_large_image\" \/>\n<meta name=\"twitter:label1\" content=\"\u00c9crit par\" \/>\n\t<meta name=\"twitter:data1\" content=\"\u00c9l\u00e9a Camu\" \/>\n\t<meta name=\"twitter:label2\" content=\"Dur\u00e9e de lecture estim\u00e9e\" \/>\n\t<meta name=\"twitter:data2\" content=\"5 minutes\" \/>\n<script type=\"application\/ld+json\" class=\"yoast-schema-graph\">{\"@context\":\"https:\\\/\\\/schema.org\",\"@graph\":[{\"@type\":\"Article\",\"@id\":\"https:\\\/\\\/www.mairie-villemur-sur-tarn.fr\\\/site\\\/fete-saint-michel-centre-villemur\\\/#article\",\"isPartOf\":{\"@id\":\"https:\\\/\\\/www.mairie-villemur-sur-tarn.fr\\\/site\\\/fete-saint-michel-centre-villemur\\\/\"},\"author\":{\"name\":\"\u00c9l\u00e9a Camu\",\"@id\":\"https:\\\/\\\/www.mairie-villemur-sur-tarn.fr\\\/site\\\/#\\\/schema\\\/person\\\/5a78b229d3751aabcf69964bf7c0e2c8\"},\"headline\":\"La F\u00eate de la Saint-Michel revient dans le centre de Villemur !\",\"datePublished\":\"2026-08-31T07:39:34+00:00\",\"mainEntityOfPage\":{\"@id\":\"https:\\\/\\\/www.mairie-villemur-sur-tarn.fr\\\/site\\\/fete-saint-michel-centre-villemur\\\/\"},\"wordCount\":930,\"publisher\":{\"@id\":\"https:\\\/\\\/www.mairie-villemur-sur-tarn.fr\\\/site\\\/#organization\"},\"image\":{\"@id\":\"https:\\\/\\\/www.mairie-villemur-sur-tarn.fr\\\/site\\\/fete-saint-michel-centre-villemur\\\/#primaryimage\"},\"thumbnailUrl\":\"https:\\\/\\\/www.mairie-villemur-sur-tarn.fr\\\/site\\\/wp-content\\\/uploads\\\/All-declis-fete-st-michel-wp.jpg\",\"articleSection\":[\"Actualit\u00e9s\",\"Festivit\u00e9s\"],\"inLanguage\":\"fr-FR\"},{\"@type\":\"WebPage\",\"@id\":\"https:\\\/\\\/www.mairie-villemur-sur-tarn.fr\\\/site\\\/fete-saint-michel-centre-villemur\\\/\",\"url\":\"https:\\\/\\\/www.mairie-villemur-sur-tarn.fr\\\/site\\\/fete-saint-michel-centre-villemur\\\/\",\"name\":\"La F\u00eate de la Saint-Michel revient dans le centre de Villemur ! - Mairie Villemur-sur-Tarn\",\"isPartOf\":{\"@id\":\"https:\\\/\\\/www.mairie-villemur-sur-tarn.fr\\\/site\\\/#website\"},\"primaryImageOfPage\":{\"@id\":\"https:\\\/\\\/www.mairie-villemur-sur-tarn.fr\\\/site\\\/fete-saint-michel-centre-villemur\\\/#primaryimage\"},\"image\":{\"@id\":\"https:\\\/\\\/www.mairie-villemur-sur-tarn.fr\\\/site\\\/fete-saint-michel-centre-villemur\\\/#primaryimage\"},\"thumbnailUrl\":\"https:\\\/\\\/www.mairie-villemur-sur-tarn.fr\\\/site\\\/wp-content\\\/uploads\\\/All-declis-fete-st-michel-wp.jpg\",\"datePublished\":\"2026-08-31T07:39:34+00:00\",\"description\":\"La F\u00eate Saint-Michel vous attend dans le centre-ville de Villemur du 18 au 20 septembre ! Nombreuses animations tout le weekend.\",\"breadcrumb\":{\"@id\":\"https:\\\/\\\/www.mairie-villemur-sur-tarn.fr\\\/site\\\/fete-saint-michel-centre-villemur\\\/#breadcrumb\"},\"inLanguage\":\"fr-FR\",\"potentialAction\":[{\"@type\":\"ReadAction\",\"target\":[\"https:\\\/\\\/www.mairie-villemur-sur-tarn.fr\\\/site\\\/fete-saint-michel-centre-villemur\\\/\"]}]},{\"@type\":\"ImageObject\",\"inLanguage\":\"fr-FR\",\"@id\":\"https:\\\/\\\/www.mairie-villemur-sur-tarn.fr\\\/site\\\/fete-saint-michel-centre-villemur\\\/#primaryimage\",\"url\":\"https:\\\/\\\/www.mairie-villemur-sur-tarn.fr\\\/site\\\/wp-content\\\/uploads\\\/All-declis-fete-st-michel-wp.jpg\",\"contentUrl\":\"https:\\\/\\\/www.mairie-villemur-sur-tarn.fr\\\/site\\\/wp-content\\\/uploads\\\/All-declis-fete-st-michel-wp.jpg\",\"width\":2500,\"height\":1313},{\"@type\":\"BreadcrumbList\",\"@id\":\"https:\\\/\\\/www.mairie-villemur-sur-tarn.fr\\\/site\\\/fete-saint-michel-centre-villemur\\\/#breadcrumb\",\"itemListElement\":[{\"@type\":\"ListItem\",\"position\":1,\"name\":\"Accueil\",\"item\":\"https:\\\/\\\/www.mairie-villemur-sur-tarn.fr\\\/site\\\/\"},{\"@type\":\"ListItem\",\"position\":2,\"name\":\"La F\u00eate de la Saint-Michel revient dans le centre de Villemur !\"}]},{\"@type\":\"WebSite\",\"@id\":\"https:\\\/\\\/www.mairie-villemur-sur-tarn.fr\\\/site\\\/#website\",\"url\":\"https:\\\/\\\/www.mairie-villemur-sur-tarn.fr\\\/site\\\/\",\"name\":\"Mairie Villemur-sur-Tarn\",\"description\":\"Site officiel canton Villemur Toulouse Nord. D\u00e9marches en ligne, conseil municipal, actualit\u00e9s Villemur, Annuaire Villemur, March\u00e9s...\",\"publisher\":{\"@id\":\"https:\\\/\\\/www.mairie-villemur-sur-tarn.fr\\\/site\\\/#organization\"},\"potentialAction\":[{\"@type\":\"SearchAction\",\"target\":{\"@type\":\"EntryPoint\",\"urlTemplate\":\"https:\\\/\\\/www.mairie-villemur-sur-tarn.fr\\\/site\\\/?s={search_term_string}\"},\"query-input\":{\"@type\":\"PropertyValueSpecification\",\"valueRequired\":true,\"valueName\":\"search_term_string\"}}],\"inLanguage\":\"fr-FR\"},{\"@type\":\"Organization\",\"@id\":\"https:\\\/\\\/www.mairie-villemur-sur-tarn.fr\\\/site\\\/#organization\",\"name\":\"Mairie Villemur-sur-Tarn\",\"url\":\"https:\\\/\\\/www.mairie-villemur-sur-tarn.fr\\\/site\\\/\",\"logo\":{\"@type\":\"ImageObject\",\"inLanguage\":\"fr-FR\",\"@id\":\"https:\\\/\\\/www.mairie-villemur-sur-tarn.fr\\\/site\\\/#\\\/schema\\\/logo\\\/image\\\/\",\"url\":\"https:\\\/\\\/www.mairie-villemur-sur-tarn.fr\\\/site\\\/wp-content\\\/uploads\\\/Villemur-LOGO-carre-PNG.png\",\"contentUrl\":\"https:\\\/\\\/www.mairie-villemur-sur-tarn.fr\\\/site\\\/wp-content\\\/uploads\\\/Villemur-LOGO-carre-PNG.png\",\"width\":887,\"height\":886,\"caption\":\"Mairie Villemur-sur-Tarn\"},\"image\":{\"@id\":\"https:\\\/\\\/www.mairie-villemur-sur-tarn.fr\\\/site\\\/#\\\/schema\\\/logo\\\/image\\\/\"},\"sameAs\":[\"https:\\\/\\\/www.facebook.com\\\/mairievillemursurtarn\",\"https:\\\/\\\/www.instagram.com\\\/villemur_sur_tarn\\\/\"]},{\"@type\":\"Person\",\"@id\":\"https:\\\/\\\/www.mairie-villemur-sur-tarn.fr\\\/site\\\/#\\\/schema\\\/person\\\/5a78b229d3751aabcf69964bf7c0e2c8\",\"name\":\"\u00c9l\u00e9a Camu\",\"image\":{\"@type\":\"ImageObject\",\"inLanguage\":\"fr-FR\",\"@id\":\"https:\\\/\\\/secure.gravatar.com\\\/avatar\\\/3cdde0920e0d4bdab4125c5da1dfbf8c3e0380ea6e88ad13eb94d629199d8f5a?s=96&d=mm&r=g\",\"url\":\"https:\\\/\\\/secure.gravatar.com\\\/avatar\\\/3cdde0920e0d4bdab4125c5da1dfbf8c3e0380ea6e88ad13eb94d629199d8f5a?s=96&d=mm&r=g\",\"contentUrl\":\"https:\\\/\\\/secure.gravatar.com\\\/avatar\\\/3cdde0920e0d4bdab4125c5da1dfbf8c3e0380ea6e88ad13eb94d629199d8f5a?s=96&d=mm&r=g\",\"caption\":\"\u00c9l\u00e9a Camu\"},\"url\":\"https:\\\/\\\/www.mairie-villemur-sur-tarn.fr\\\/site\\\/author\\\/com-numerique\\\/\"}]}<\/script>\n<!-- \/ Yoast SEO plugin. -->","yoast_head_json":{"title":"La F\u00eate de la Saint-Michel revient dans le centre de Villemur ! - Mairie Villemur-sur-Tarn","description":"La F\u00eate Saint-Michel vous attend dans le centre-ville de Villemur du 18 au 20 septembre ! Nombreuses animations tout le weekend.","robots":{"index":"index","follow":"follow","max-snippet":"max-snippet:-1","max-image-preview":"max-image-preview:large","max-video-preview":"max-video-preview:-1"},"canonical":"https:\/\/www.mairie-villemur-sur-tarn.fr\/site\/fete-saint-michel-centre-villemur\/","og_locale":"fr_FR","og_type":"article","og_title":"La F\u00eate de la Saint-Michel revient dans le centre de Villemur ! - Mairie Villemur-sur-Tarn","og_description":"La F\u00eate Saint-Michel vous attend dans le centre-ville de Villemur du 18 au 20 septembre ! Nombreuses animations tout le weekend.","og_url":"https:\/\/www.mairie-villemur-sur-tarn.fr\/site\/fete-saint-michel-centre-villemur\/","og_site_name":"Mairie Villemur-sur-Tarn","article_publisher":"https:\/\/www.facebook.com\/mairievillemursurtarn","article_published_time":"2026-08-31T07:39:34+00:00","og_image":[{"width":2500,"height":1313,"url":"https:\/\/www.mairie-villemur-sur-tarn.fr\/site\/wp-content\/uploads\/All-declis-fete-st-michel-wp.jpg","type":"image\/jpeg"}],"author":"\u00c9l\u00e9a Camu","twitter_card":"summary_large_image","twitter_misc":{"\u00c9crit par":"\u00c9l\u00e9a Camu","Dur\u00e9e de lecture estim\u00e9e":"5 minutes"},"schema":{"@context":"https:\/\/schema.org","@graph":[{"@type":"Article","@id":"https:\/\/www.mairie-villemur-sur-tarn.fr\/site\/fete-saint-michel-centre-villemur\/#article","isPartOf":{"@id":"https:\/\/www.mairie-villemur-sur-tarn.fr\/site\/fete-saint-michel-centre-villemur\/"},"author":{"name":"\u00c9l\u00e9a Camu","@id":"https:\/\/www.mairie-villemur-sur-tarn.fr\/site\/#\/schema\/person\/5a78b229d3751aabcf69964bf7c0e2c8"},"headline":"La F\u00eate de la Saint-Michel revient dans le centre de Villemur !","datePublished":"2026-08-31T07:39:34+00:00","mainEntityOfPage":{"@id":"https:\/\/www.mairie-villemur-sur-tarn.fr\/site\/fete-saint-michel-centre-villemur\/"},"wordCount":930,"publisher":{"@id":"https:\/\/www.mairie-villemur-sur-tarn.fr\/site\/#organization"},"image":{"@id":"https:\/\/www.mairie-villemur-sur-tarn.fr\/site\/fete-saint-michel-centre-villemur\/#primaryimage"},"thumbnailUrl":"https:\/\/www.mairie-villemur-sur-tarn.fr\/site\/wp-content\/uploads\/All-declis-fete-st-michel-wp.jpg","articleSection":["Actualit\u00e9s","Festivit\u00e9s"],"inLanguage":"fr-FR"},{"@type":"WebPage","@id":"https:\/\/www.mairie-villemur-sur-tarn.fr\/site\/fete-saint-michel-centre-villemur\/","url":"https:\/\/www.mairie-villemur-sur-tarn.fr\/site\/fete-saint-michel-centre-villemur\/","name":"La F\u00eate de la Saint-Michel revient dans le centre de Villemur ! - Mairie Villemur-sur-Tarn","isPartOf":{"@id":"https:\/\/www.mairie-villemur-sur-tarn.fr\/site\/#website"},"primaryImageOfPage":{"@id":"https:\/\/www.mairie-villemur-sur-tarn.fr\/site\/fete-saint-michel-centre-villemur\/#primaryimage"},"image":{"@id":"https:\/\/www.mairie-villemur-sur-tarn.fr\/site\/fete-saint-michel-centre-villemur\/#primaryimage"},"thumbnailUrl":"https:\/\/www.mairie-villemur-sur-tarn.fr\/site\/wp-content\/uploads\/All-declis-fete-st-michel-wp.jpg","datePublished":"2026-08-31T07:39:34+00:00","description":"La F\u00eate Saint-Michel vous attend dans le centre-ville de Villemur du 18 au 20 septembre ! Nombreuses animations tout le weekend.","breadcrumb":{"@id":"https:\/\/www.mairie-villemur-sur-tarn.fr\/site\/fete-saint-michel-centre-villemur\/#breadcrumb"},"inLanguage":"fr-FR","potentialAction":[{"@type":"ReadAction","target":["https:\/\/www.mairie-villemur-sur-tarn.fr\/site\/fete-saint-michel-centre-villemur\/"]}]},{"@type":"ImageObject","inLanguage":"fr-FR","@id":"https:\/\/www.mairie-villemur-sur-tarn.fr\/site\/fete-saint-michel-centre-villemur\/#primaryimage","url":"https:\/\/www.mairie-villemur-sur-tarn.fr\/site\/wp-content\/uploads\/All-declis-fete-st-michel-wp.jpg","contentUrl":"https:\/\/www.mairie-villemur-sur-tarn.fr\/site\/wp-content\/uploads\/All-declis-fete-st-michel-wp.jpg","width":2500,"height":1313},{"@type":"BreadcrumbList","@id":"https:\/\/www.mairie-villemur-sur-tarn.fr\/site\/fete-saint-michel-centre-villemur\/#breadcrumb","itemListElement":[{"@type":"ListItem","position":1,"name":"Accueil","item":"https:\/\/www.mairie-villemur-sur-tarn.fr\/site\/"},{"@type":"ListItem","position":2,"name":"La F\u00eate de la Saint-Michel revient dans le centre de Villemur !"}]},{"@type":"WebSite","@id":"https:\/\/www.mairie-villemur-sur-tarn.fr\/site\/#website","url":"https:\/\/www.mairie-villemur-sur-tarn.fr\/site\/","name":"Mairie Villemur-sur-Tarn","description":"Site officiel canton Villemur Toulouse Nord. D\u00e9marches en ligne, conseil municipal, actualit\u00e9s Villemur, Annuaire Villemur, March\u00e9s...","publisher":{"@id":"https:\/\/www.mairie-villemur-sur-tarn.fr\/site\/#organization"},"potentialAction":[{"@type":"SearchAction","target":{"@type":"EntryPoint","urlTemplate":"https:\/\/www.mairie-villemur-sur-tarn.fr\/site\/?s={search_term_string}"},"query-input":{"@type":"PropertyValueSpecification","valueRequired":true,"valueName":"search_term_string"}}],"inLanguage":"fr-FR"},{"@type":"Organization","@id":"https:\/\/www.mairie-villemur-sur-tarn.fr\/site\/#organization","name":"Mairie Villemur-sur-Tarn","url":"https:\/\/www.mairie-villemur-sur-tarn.fr\/site\/","logo":{"@type":"ImageObject","inLanguage":"fr-FR","@id":"https:\/\/www.mairie-villemur-sur-tarn.fr\/site\/#\/schema\/logo\/image\/","url":"https:\/\/www.mairie-villemur-sur-tarn.fr\/site\/wp-content\/uploads\/Villemur-LOGO-carre-PNG.png","contentUrl":"https:\/\/www.mairie-villemur-sur-tarn.fr\/site\/wp-content\/uploads\/Villemur-LOGO-carre-PNG.png","width":887,"height":886,"caption":"Mairie Villemur-sur-Tarn"},"image":{"@id":"https:\/\/www.mairie-villemur-sur-tarn.fr\/site\/#\/schema\/logo\/image\/"},"sameAs":["https:\/\/www.facebook.com\/mairievillemursurtarn","https:\/\/www.instagram.com\/villemur_sur_tarn\/"]},{"@type":"Person","@id":"https:\/\/www.mairie-villemur-sur-tarn.fr\/site\/#\/schema\/person\/5a78b229d3751aabcf69964bf7c0e2c8","name":"\u00c9l\u00e9a Camu","image":{"@type":"ImageObject","inLanguage":"fr-FR","@id":"https:\/\/secure.gravatar.com\/avatar\/3cdde0920e0d4bdab4125c5da1dfbf8c3e0380ea6e88ad13eb94d629199d8f5a?s=96&d=mm&r=g","url":"https:\/\/secure.gravatar.com\/avatar\/3cdde0920e0d4bdab4125c5da1dfbf8c3e0380ea6e88ad13eb94d629199d8f5a?s=96&d=mm&r=g","contentUrl":"https:\/\/secure.gravatar.com\/avatar\/3cdde0920e0d4bdab4125c5da1dfbf8c3e0380ea6e88ad13eb94d629199d8f5a?s=96&d=mm&r=g","caption":"\u00c9l\u00e9a Camu"},"url":"https:\/\/www.mairie-villemur-sur-tarn.fr\/site\/author\/com-numerique\/"}]}},"uagb_featured_image_src":{"full":["https:\/\/www.mairie-villemur-sur-tarn.fr\/site\/wp-content\/uploads\/All-declis-fete-st-michel-wp.jpg",2500,1313,false],"thumbnail":["https:\/\/www.mairie-villemur-sur-tarn.fr\/site\/wp-content\/uploads\/All-declis-fete-st-michel-wp-150x150.jpg",150,150,true],"medium":["https:\/\/www.mairie-villemur-sur-tarn.fr\/site\/wp-content\/uploads\/All-declis-fete-st-michel-wp-300x300.jpg",300,300,true],"medium_large":["https:\/\/www.mairie-villemur-sur-tarn.fr\/site\/wp-content\/uploads\/All-declis-fete-st-michel-wp-768x403.jpg",768,403,true],"large":["https:\/\/www.mairie-villemur-sur-tarn.fr\/site\/wp-content\/uploads\/All-declis-fete-st-michel-wp-1024x538.jpg",900,473,true],"1536x1536":["https:\/\/www.mairie-villemur-sur-tarn.fr\/site\/wp-content\/uploads\/All-declis-fete-st-michel-wp-1536x807.jpg",1536,807,true],"2048x2048":["https:\/\/www.mairie-villemur-sur-tarn.fr\/site\/wp-content\/uploads\/All-declis-fete-st-michel-wp-2048x1076.jpg",2048,1076,true],"post-thumbnail":["https:\/\/www.mairie-villemur-sur-tarn.fr\/site\/wp-content\/uploads\/All-declis-fete-st-michel-wp-600x315.jpg",600,315,true],"winnex_medium":["https:\/\/www.mairie-villemur-sur-tarn.fr\/site\/wp-content\/uploads\/All-declis-fete-st-michel-wp-500x375.jpg",500,375,true],"winnex_height":["https:\/\/www.mairie-villemur-sur-tarn.fr\/site\/wp-content\/uploads\/All-declis-fete-st-michel-wp-400x468.jpg",400,468,true]},"uagb_author_info":{"display_name":"\u00c9l\u00e9a Camu","author_link":"https:\/\/www.mairie-villemur-sur-tarn.fr\/site\/author\/com-numerique\/"},"uagb_comment_info":0,"uagb_excerpt":"[vc_row][vc_column width=\u00a0\u00bb2\/3&Prime;][vc_column_text]La F\u00eate de la Saint-Michel revient en centre-ville ! De nombreuses animations et rendez-vous sont pr\u00e9vus tout au long du week-end. Consultez le programme pour en savoir plus.[\/vc_column_text][vc_single_image image=\u00a0\u00bb20937&Prime; img_size=\u00a0\u00bbfull\u00a0\u00bb alignment=\u00a0\u00bbcenter\u00a0\u00bb][vc_column_text] Vendredi 18 septembre 18h : Ouverture de la f\u00eate foraine &#8211; Dans tout le centre-ville Man\u00e8ges, animations foraines, gourmandises&#8230; Commerces en f\u00eate &#8211;\u2026","_links":{"self":[{"href":"https:\/\/www.mairie-villemur-sur-tarn.fr\/site\/wp-json\/wp\/v2\/posts\/20673","targetHints":{"allow":["GET"]}}],"collection":[{"href":"https:\/\/www.mairie-villemur-sur-tarn.fr\/site\/wp-json\/wp\/v2\/posts"}],"about":[{"href":"https:\/\/www.mairie-villemur-sur-tarn.fr\/site\/wp-json\/wp\/v2\/types\/post"}],"author":[{"embeddable":true,"href":"https:\/\/www.mairie-villemur-sur-tarn.fr\/site\/wp-json\/wp\/v2\/users\/12"}],"replies":[{"embeddable":true,"href":"https:\/\/www.mairie-villemur-sur-tarn.fr\/site\/wp-json\/wp\/v2\/comments?post=20673"}],"version-history":[{"count":10,"href":"https:\/\/www.mairie-villemur-sur-tarn.fr\/site\/wp-json\/wp\/v2\/posts\/20673\/revisions"}],"predecessor-version":[{"id":20985,"href":"https:\/\/www.mairie-villemur-sur-tarn.fr\/site\/wp-json\/wp\/v2\/posts\/20673\/revisions\/20985"}],"wp:featuredmedia":[{"embeddable":true,"href":"https:\/\/www.mairie-villemur-sur-tarn.fr\/site\/wp-json\/wp\/v2\/media\/20941"}],"wp:attachment":[{"href":"https:\/\/www.mairie-villemur-sur-tarn.fr\/site\/wp-json\/wp\/v2\/media?parent=20673"}],"wp:term":[{"taxonomy":"category","embeddable":true,"href":"https:\/\/www.mairie-villemur-sur-tarn.fr\/site\/wp-json\/wp\/v2\/categories?post=20673"},{"taxonomy":"post_tag","embeddable":true,"href":"https:\/\/www.mairie-villemur-sur-tarn.fr\/site\/wp-json\/wp\/v2\/tags?post=20673"}],"curies":[{"name":"wp","href":"https:\/\/api.w.org\/{rel}","templated":true}]}}