{"id":20709,"date":"2026-09-01T15:42:30","date_gmt":"2026-09-01T13:42:30","guid":{"rendered":"https:\/\/www.mairie-villemur-sur-tarn.fr\/site\/?p=20709"},"modified":"2026-09-01T15:42:41","modified_gmt":"2026-09-01T13:42:41","slug":"journees-europeennes-du-patrimoine-villemur","status":"publish","type":"post","link":"https:\/\/www.mairie-villemur-sur-tarn.fr\/site\/journees-europeennes-du-patrimoine-villemur\/","title":{"rendered":"Journ\u00e9es Europ\u00e9ennes du patrimoine : visitons Villemur"},"content":{"rendered":"<p>[vc_row][vc_column width=\u00a0\u00bb2\/3&Prime;][vc_column_text]Pendant ce week-end de festivit\u00e9s, le patrimoine n&rsquo;est pas en reste \u00e0 Villemur ! Visites historiques, chasse au bouquet ou encore d\u00e9ambulations racont\u00e9es dans vos \u00e9couteurs&#8230; D\u00e9couvrez le programme des Journ\u00e9es Europ\u00e9ennes du Patrimoine 2026 \u00e0 Villemur.[\/vc_column_text][vc_column_text]<\/p>\n<hr>\n<h2><span style=\"color: #ee736f;\">Programme<\/span><\/h2>\n<p>&nbsp;<\/p>\n<hr>\n<h3><span style=\"color: #434190;\"><strong>Samedi 19 septembre<\/strong><\/span><\/h3>\n<p><span style=\"color: #5d7b65;\"><strong><i class=\"fas fa-clock \" ><\/i> 10h-12h<\/strong><\/span> &#8211; <strong>V<\/strong><strong>isite guid\u00e9e sur le th\u00e8me \u00ab&nbsp;Le patrimoine en danger&nbsp;\u00bb<\/strong><\/p>\n<p>D\u00e9couvrez le patrimoine de Villemur autrement et appr\u00e9hendez les enjeux de la r\u00e9novation. <strong>Visite gratuite, sur inscription <\/strong>jusqu\u2019au 19\/09 \u00e0 l\u2019accueil de la mairie.<\/p>\n<p><span style=\"color: #5d7b65;\"><strong><i class=\"fas fa-clock \" ><\/i> 10h-17h<\/strong><\/span> &#8211; <strong>Monuments en libre acc\u00e8s<\/strong><\/p>\n<p>Amateurs d\u2019architecture, de patrimoine ou simples curieux, les portes de Villemur vous sont ouvertes&nbsp;! Visitez librement les monuments de la ville&nbsp;: Tour de D\u00e9fense (et son exposition \u00ab&nbsp;Artisanat et commerce \u00e0 Villemur 1800-1950&nbsp;\u00bb), Greniers du Roy, Mairie, Bains-douches, Brusson, \u00e9glise Saint-Michel&#8230;<\/p>\n<p><span style=\"color: #5d7b65;\"><strong><i class=\"fas fa-clock \" ><\/i> 10h-12h\/15h-17h<\/strong><\/span> &#8211; <strong>Chasse au bouquet <\/strong><strong>(Journ\u00e9e de la Fleur fran\u00e7aise)<\/strong><\/p>\n<p>En partenariat avec An\u00e9mone et Coquelicot, partez \u00e0 la recherche des fleurs dissimul\u00e9es dans les monuments de la ville : chaque fleur rapport\u00e9e \u00e0 Marion \u00e0 la boutique vous donnera droit \u00e0 un bouquet&nbsp; (limit\u00e9 \u00e0 un par famille).<\/p>\n<p><span style=\"color: #5d7b65;\"><strong><i class=\"fas fa-clock \" ><\/i> 10h-12h\/16h-19h<\/strong><\/span> &#8211; <strong>Visite de la salle des meules<\/strong><\/p>\n<p>D\u00e9couvrez les rouages cach\u00e9s sous la Tour de D\u00e9fense : suivez la visite guid\u00e9e par des historiens passionn\u00e9s de l\u2019association AVH.<\/p>\n<p>&nbsp;<\/p>\n<hr>\n<h3><span style=\"color: #434190;\"><strong>Dimanche 20 septembre<\/strong><\/span><\/h3>\n<p><span style=\"color: #5d7b65;\"><strong><i class=\"fas fa-clock \" ><\/i> 10h-12h<\/strong> <\/span>&#8211; <strong>V<\/strong><strong>isite guid\u00e9e sur le th\u00e8me \u00ab&nbsp;Le patrimoine en danger&nbsp;\u00bb<\/strong><\/p>\n<p>D\u00e9couvrez le patrimoine de Villemur autrement et appr\u00e9hendez les enjeux de la r\u00e9novation. <strong>Visite gratuite, sur inscription <\/strong>jusqu\u2019au 19\/09 \u00e0 l\u2019accueil de la mairie.<\/p>\n<p><span style=\"color: #5d7b65;\"><strong><i class=\"fas fa-clock \" ><\/i> 10h-12h\/16h-19h<\/strong><\/span> &#8211; <strong>Visite de la salle des meules<\/strong><\/p>\n<p>D\u00e9couvrez les rouages cach\u00e9s sous la Tour de D\u00e9fense : suivez la visite guid\u00e9e par des historiens passionn\u00e9s de l\u2019association AVH.<\/p>\n<p>&nbsp;<\/p>\n<hr>\n<h3><span style=\"color: #434190;\"><strong>Permanent : le patrimoine racont\u00e9 dans vos rues<\/strong><\/span><\/h3>\n<p><span style=\"color: #5d7b65;\"><strong>Nouveaut\u00e9 <\/strong><\/span>&#8211; <strong>Parcours photo et audio historique<\/strong><\/p>\n<p>C\u2019est nouveau ! Parcourez la ville et rep\u00e9rez les panneaux pr\u00e9sentant une photo ancienne accompagn\u00e9e d\u2019un QR code : scannez-le, et laissez-vous conter l\u2019histoire des lieux phares de la ville.[\/vc_column_text][\/vc_column][vc_column width=\u00a0\u00bb1\/3&Prime;][vc_column_text css=\u00a0\u00bb.vc_custom_1786635152384{border-top-width: 2px !important;border-right-width: 2px !important;border-bottom-width: 2px !important;border-left-width: 2px !important;padding-top: 20px !important;padding-right: 20px !important;padding-bottom: 20px !important;padding-left: 20px !important;border-left-color: #ee736f !important;border-left-style: dotted !important;border-right-color: #ee736f !important;border-right-style: dotted !important;border-top-color: #ee736f !important;border-top-style: dotted !important;border-bottom-color: #ee736f !important;border-bottom-style: dotted !important;border-radius: 5px !important;}\u00a0\u00bb]<\/p>\n<h2 style=\"text-align: center;\"><span style=\"color: #ee736f;\">Infos pratiques<\/span><\/h2>\n<p style=\"text-align: center;\"><span style=\"color: #ee736f;\"><i class=\"fas fa-calendar \" ><\/i><\/span> Samedi 19 et dimanche 20 septembre 2026<br \/>\n<span style=\"color: #ee736f;\"><i class=\"fas fa-map-marker-alt \" ><\/i><\/span> Dans toute la ville<br \/>\n<strong><span style=\"color: #ee736f;\"><i class=\"fas fa-info-circle \" ><\/i><\/span> Animations gratuites<\/strong><\/p>\n<p style=\"text-align: center;\"><strong><i class=\"fas fa-map-signs \" ><\/i> Visites guid\u00e9es du matin :<span style=\"color: #434190;\"> <span style=\"text-decoration: underline;\">inscription en Mairie<\/span>, pr\u00e9sentez-vous \u00e0 l&rsquo;accueil avant le 19 septembre ! Inscription et visite gratuite.<\/span><\/strong><\/p>\n<p>[\/vc_column_text][vc_separator][vc_column_text css=\u00a0\u00bb.vc_custom_1786635201480{border-top-width: 2px !important;border-right-width: 2px !important;border-bottom-width: 2px !important;border-left-width: 2px !important;padding-top: 20px !important;padding-right: 20px !important;padding-bottom: 20px !important;padding-left: 20px !important;border-left-color: #434190 !important;border-left-style: dotted !important;border-right-color: #434190 !important;border-right-style: dotted !important;border-top-color: #434190 !important;border-top-style: dotted !important;border-bottom-color: #434190 !important;border-bottom-style: dotted !important;border-radius: 5px !important;}\u00a0\u00bb]<\/p>\n<style>\n\t\ta.buttonfete {margin-top:10px;text-decoration:none;color: #ffffff;background-color: #434190!important;border: 2px solid #434190;border-radius: 30px;padding: 10px 20px;cursor: pointer;} a.buttonfete:hover {color: #434190!important;background-color: #ffffff!important;}<\/style>\n<h2 style=\"text-align: center;\"><span style=\"color: #434190;\">Rappel : F\u00eate de la Saint-Michel<\/span><\/h2>\n<p style=\"text-align: center;\">Ce week-end l\u00e0, la f\u00eate de la Saint-Michel s&rsquo;invite \u00e9galement dans le centre de Villemur !<br \/>\nProfitez des man\u00e8ges, animations et concerts pour c\u00e9l\u00e9brer l&rsquo;arriv\u00e9e de l&rsquo;automne en famille ou entre amis.<\/p>\n<p style=\"text-align: center;\"><a class=\"buttonfete\" href=\"https:\/\/www.mairie-villemur-sur-tarn.fr\/site\/fete-saint-michel-centre-villemur\">Tout le programme ici<\/a><\/p>\n<p>[\/vc_column_text][\/vc_column][\/vc_row][vc_row][vc_column][vc_column_text][\/vc_column_text][\/vc_column][\/vc_row]<\/p>\n","protected":false},"excerpt":{"rendered":"<p>Pendant ce week-end de festivit\u00e9s, le patrimoine n&rsquo;est pas en reste \u00e0 Villemur ! D\u00e9couvrez le programme des Journ\u00e9es Europ\u00e9ennes du Patrimoine 2026.<\/p>\n","protected":false},"author":10,"featured_media":20853,"comment_status":"closed","ping_status":"open","sticky":false,"template":"","format":"standard","meta":{"_uag_custom_page_level_css":"","ngg_post_thumbnail":0,"footnotes":""},"categories":[1,54,40],"tags":[],"class_list":["post-20709","post","type-post","status-publish","format-standard","has-post-thumbnail","hentry","category-actualites","category-culture","category-festivites"],"yoast_head":"<!-- This site is optimized with the Yoast SEO plugin v28.1 - https:\/\/yoast.com\/product\/yoast-seo-wordpress\/ -->\n<title>Journ\u00e9es Europ\u00e9ennes du patrimoine : visitons Villemur - Mairie Villemur-sur-Tarn<\/title>\n<meta name=\"description\" content=\"Pendant ce week-end de festivit\u00e9s, le patrimoine n&#039;est pas en reste \u00e0 Villemur ! D\u00e9couvrez le programme des Journ\u00e9es Europ\u00e9ennes du Patrimoine 2026.\" \/>\n<meta name=\"robots\" content=\"index, follow, max-snippet:-1, max-image-preview:large, max-video-preview:-1\" \/>\n<link rel=\"canonical\" href=\"https:\/\/www.mairie-villemur-sur-tarn.fr\/site\/journees-europeennes-du-patrimoine-villemur\/\" \/>\n<meta property=\"og:locale\" content=\"fr_FR\" \/>\n<meta property=\"og:type\" content=\"article\" \/>\n<meta property=\"og:title\" content=\"Journ\u00e9es Europ\u00e9ennes du patrimoine : visitons Villemur - Mairie Villemur-sur-Tarn\" \/>\n<meta property=\"og:description\" content=\"Pendant ce week-end de festivit\u00e9s, le patrimoine n&#039;est pas en reste \u00e0 Villemur ! D\u00e9couvrez le programme des Journ\u00e9es Europ\u00e9ennes du Patrimoine 2026.\" \/>\n<meta property=\"og:url\" content=\"https:\/\/www.mairie-villemur-sur-tarn.fr\/site\/journees-europeennes-du-patrimoine-villemur\/\" \/>\n<meta property=\"og:site_name\" content=\"Mairie Villemur-sur-Tarn\" \/>\n<meta property=\"article:publisher\" content=\"https:\/\/www.facebook.com\/mairievillemursurtarn\" \/>\n<meta property=\"article:published_time\" content=\"2026-09-01T13:42:30+00:00\" \/>\n<meta property=\"article:modified_time\" content=\"2026-09-01T13:42:41+00:00\" \/>\n<meta property=\"og:image\" content=\"https:\/\/www.mairie-villemur-sur-tarn.fr\/site\/wp-content\/uploads\/wp-journees-europeennes-du-patrimoine-villemur.jpg\" \/>\n\t<meta property=\"og:image:width\" content=\"2500\" \/>\n\t<meta property=\"og:image:height\" content=\"1313\" \/>\n\t<meta property=\"og:image:type\" content=\"image\/jpeg\" \/>\n<meta name=\"author\" content=\"Marie Roum\u00e9goux\" \/>\n<meta name=\"twitter:card\" content=\"summary_large_image\" \/>\n<meta name=\"twitter:label1\" content=\"\u00c9crit par\" \/>\n\t<meta name=\"twitter:data1\" content=\"Marie Roum\u00e9goux\" \/>\n\t<meta name=\"twitter:label2\" content=\"Dur\u00e9e de lecture estim\u00e9e\" \/>\n\t<meta name=\"twitter:data2\" content=\"3 minutes\" \/>\n<script type=\"application\/ld+json\" class=\"yoast-schema-graph\">{\"@context\":\"https:\\\/\\\/schema.org\",\"@graph\":[{\"@type\":\"Article\",\"@id\":\"https:\\\/\\\/www.mairie-villemur-sur-tarn.fr\\\/site\\\/journees-europeennes-du-patrimoine-villemur\\\/#article\",\"isPartOf\":{\"@id\":\"https:\\\/\\\/www.mairie-villemur-sur-tarn.fr\\\/site\\\/journees-europeennes-du-patrimoine-villemur\\\/\"},\"author\":{\"name\":\"Marie Roum\u00e9goux\",\"@id\":\"https:\\\/\\\/www.mairie-villemur-sur-tarn.fr\\\/site\\\/#\\\/schema\\\/person\\\/6cacfac2211423e8819455594290c42d\"},\"headline\":\"Journ\u00e9es Europ\u00e9ennes du patrimoine : visitons Villemur\",\"datePublished\":\"2026-09-01T13:42:30+00:00\",\"dateModified\":\"2026-09-01T13:42:41+00:00\",\"mainEntityOfPage\":{\"@id\":\"https:\\\/\\\/www.mairie-villemur-sur-tarn.fr\\\/site\\\/journees-europeennes-du-patrimoine-villemur\\\/\"},\"wordCount\":689,\"publisher\":{\"@id\":\"https:\\\/\\\/www.mairie-villemur-sur-tarn.fr\\\/site\\\/#organization\"},\"image\":{\"@id\":\"https:\\\/\\\/www.mairie-villemur-sur-tarn.fr\\\/site\\\/journees-europeennes-du-patrimoine-villemur\\\/#primaryimage\"},\"thumbnailUrl\":\"https:\\\/\\\/www.mairie-villemur-sur-tarn.fr\\\/site\\\/wp-content\\\/uploads\\\/wp-journees-europeennes-du-patrimoine-villemur.jpg\",\"articleSection\":[\"Actualit\u00e9s\",\"Culture\",\"Festivit\u00e9s\"],\"inLanguage\":\"fr-FR\"},{\"@type\":\"WebPage\",\"@id\":\"https:\\\/\\\/www.mairie-villemur-sur-tarn.fr\\\/site\\\/journees-europeennes-du-patrimoine-villemur\\\/\",\"url\":\"https:\\\/\\\/www.mairie-villemur-sur-tarn.fr\\\/site\\\/journees-europeennes-du-patrimoine-villemur\\\/\",\"name\":\"Journ\u00e9es Europ\u00e9ennes du patrimoine : visitons Villemur - Mairie Villemur-sur-Tarn\",\"isPartOf\":{\"@id\":\"https:\\\/\\\/www.mairie-villemur-sur-tarn.fr\\\/site\\\/#website\"},\"primaryImageOfPage\":{\"@id\":\"https:\\\/\\\/www.mairie-villemur-sur-tarn.fr\\\/site\\\/journees-europeennes-du-patrimoine-villemur\\\/#primaryimage\"},\"image\":{\"@id\":\"https:\\\/\\\/www.mairie-villemur-sur-tarn.fr\\\/site\\\/journees-europeennes-du-patrimoine-villemur\\\/#primaryimage\"},\"thumbnailUrl\":\"https:\\\/\\\/www.mairie-villemur-sur-tarn.fr\\\/site\\\/wp-content\\\/uploads\\\/wp-journees-europeennes-du-patrimoine-villemur.jpg\",\"datePublished\":\"2026-09-01T13:42:30+00:00\",\"dateModified\":\"2026-09-01T13:42:41+00:00\",\"description\":\"Pendant ce week-end de festivit\u00e9s, le patrimoine n'est pas en reste \u00e0 Villemur ! D\u00e9couvrez le programme des Journ\u00e9es Europ\u00e9ennes du Patrimoine 2026.\",\"breadcrumb\":{\"@id\":\"https:\\\/\\\/www.mairie-villemur-sur-tarn.fr\\\/site\\\/journees-europeennes-du-patrimoine-villemur\\\/#breadcrumb\"},\"inLanguage\":\"fr-FR\",\"potentialAction\":[{\"@type\":\"ReadAction\",\"target\":[\"https:\\\/\\\/www.mairie-villemur-sur-tarn.fr\\\/site\\\/journees-europeennes-du-patrimoine-villemur\\\/\"]}]},{\"@type\":\"ImageObject\",\"inLanguage\":\"fr-FR\",\"@id\":\"https:\\\/\\\/www.mairie-villemur-sur-tarn.fr\\\/site\\\/journees-europeennes-du-patrimoine-villemur\\\/#primaryimage\",\"url\":\"https:\\\/\\\/www.mairie-villemur-sur-tarn.fr\\\/site\\\/wp-content\\\/uploads\\\/wp-journees-europeennes-du-patrimoine-villemur.jpg\",\"contentUrl\":\"https:\\\/\\\/www.mairie-villemur-sur-tarn.fr\\\/site\\\/wp-content\\\/uploads\\\/wp-journees-europeennes-du-patrimoine-villemur.jpg\",\"width\":2500,\"height\":1313,\"caption\":\"Journ\u00e9es europ\u00e9ennes du patrimoine\"},{\"@type\":\"BreadcrumbList\",\"@id\":\"https:\\\/\\\/www.mairie-villemur-sur-tarn.fr\\\/site\\\/journees-europeennes-du-patrimoine-villemur\\\/#breadcrumb\",\"itemListElement\":[{\"@type\":\"ListItem\",\"position\":1,\"name\":\"Accueil\",\"item\":\"https:\\\/\\\/www.mairie-villemur-sur-tarn.fr\\\/site\\\/\"},{\"@type\":\"ListItem\",\"position\":2,\"name\":\"Journ\u00e9es Europ\u00e9ennes du patrimoine : visitons Villemur\"}]},{\"@type\":\"WebSite\",\"@id\":\"https:\\\/\\\/www.mairie-villemur-sur-tarn.fr\\\/site\\\/#website\",\"url\":\"https:\\\/\\\/www.mairie-villemur-sur-tarn.fr\\\/site\\\/\",\"name\":\"Mairie Villemur-sur-Tarn\",\"description\":\"Site officiel canton Villemur Toulouse Nord. D\u00e9marches en ligne, conseil municipal, actualit\u00e9s Villemur, Annuaire Villemur, March\u00e9s...\",\"publisher\":{\"@id\":\"https:\\\/\\\/www.mairie-villemur-sur-tarn.fr\\\/site\\\/#organization\"},\"potentialAction\":[{\"@type\":\"SearchAction\",\"target\":{\"@type\":\"EntryPoint\",\"urlTemplate\":\"https:\\\/\\\/www.mairie-villemur-sur-tarn.fr\\\/site\\\/?s={search_term_string}\"},\"query-input\":{\"@type\":\"PropertyValueSpecification\",\"valueRequired\":true,\"valueName\":\"search_term_string\"}}],\"inLanguage\":\"fr-FR\"},{\"@type\":\"Organization\",\"@id\":\"https:\\\/\\\/www.mairie-villemur-sur-tarn.fr\\\/site\\\/#organization\",\"name\":\"Mairie Villemur-sur-Tarn\",\"url\":\"https:\\\/\\\/www.mairie-villemur-sur-tarn.fr\\\/site\\\/\",\"logo\":{\"@type\":\"ImageObject\",\"inLanguage\":\"fr-FR\",\"@id\":\"https:\\\/\\\/www.mairie-villemur-sur-tarn.fr\\\/site\\\/#\\\/schema\\\/logo\\\/image\\\/\",\"url\":\"https:\\\/\\\/www.mairie-villemur-sur-tarn.fr\\\/site\\\/wp-content\\\/uploads\\\/Villemur-LOGO-carre-PNG.png\",\"contentUrl\":\"https:\\\/\\\/www.mairie-villemur-sur-tarn.fr\\\/site\\\/wp-content\\\/uploads\\\/Villemur-LOGO-carre-PNG.png\",\"width\":887,\"height\":886,\"caption\":\"Mairie Villemur-sur-Tarn\"},\"image\":{\"@id\":\"https:\\\/\\\/www.mairie-villemur-sur-tarn.fr\\\/site\\\/#\\\/schema\\\/logo\\\/image\\\/\"},\"sameAs\":[\"https:\\\/\\\/www.facebook.com\\\/mairievillemursurtarn\",\"https:\\\/\\\/www.instagram.com\\\/villemur_sur_tarn\\\/\"]},{\"@type\":\"Person\",\"@id\":\"https:\\\/\\\/www.mairie-villemur-sur-tarn.fr\\\/site\\\/#\\\/schema\\\/person\\\/6cacfac2211423e8819455594290c42d\",\"name\":\"Marie Roum\u00e9goux\",\"image\":{\"@type\":\"ImageObject\",\"inLanguage\":\"fr-FR\",\"@id\":\"https:\\\/\\\/secure.gravatar.com\\\/avatar\\\/b28c392ce9b953ddf7e1aaca2fd50fc1d59e58def58364aacd0194b4cea74754?s=96&d=mm&r=g\",\"url\":\"https:\\\/\\\/secure.gravatar.com\\\/avatar\\\/b28c392ce9b953ddf7e1aaca2fd50fc1d59e58def58364aacd0194b4cea74754?s=96&d=mm&r=g\",\"contentUrl\":\"https:\\\/\\\/secure.gravatar.com\\\/avatar\\\/b28c392ce9b953ddf7e1aaca2fd50fc1d59e58def58364aacd0194b4cea74754?s=96&d=mm&r=g\",\"caption\":\"Marie Roum\u00e9goux\"},\"url\":\"https:\\\/\\\/www.mairie-villemur-sur-tarn.fr\\\/site\\\/author\\\/marie_graphiste_31340\\\/\"}]}<\/script>\n<!-- \/ Yoast SEO plugin. -->","yoast_head_json":{"title":"Journ\u00e9es Europ\u00e9ennes du patrimoine : visitons Villemur - Mairie Villemur-sur-Tarn","description":"Pendant ce week-end de festivit\u00e9s, le patrimoine n'est pas en reste \u00e0 Villemur ! D\u00e9couvrez le programme des Journ\u00e9es Europ\u00e9ennes du Patrimoine 2026.","robots":{"index":"index","follow":"follow","max-snippet":"max-snippet:-1","max-image-preview":"max-image-preview:large","max-video-preview":"max-video-preview:-1"},"canonical":"https:\/\/www.mairie-villemur-sur-tarn.fr\/site\/journees-europeennes-du-patrimoine-villemur\/","og_locale":"fr_FR","og_type":"article","og_title":"Journ\u00e9es Europ\u00e9ennes du patrimoine : visitons Villemur - Mairie Villemur-sur-Tarn","og_description":"Pendant ce week-end de festivit\u00e9s, le patrimoine n'est pas en reste \u00e0 Villemur ! D\u00e9couvrez le programme des Journ\u00e9es Europ\u00e9ennes du Patrimoine 2026.","og_url":"https:\/\/www.mairie-villemur-sur-tarn.fr\/site\/journees-europeennes-du-patrimoine-villemur\/","og_site_name":"Mairie Villemur-sur-Tarn","article_publisher":"https:\/\/www.facebook.com\/mairievillemursurtarn","article_published_time":"2026-09-01T13:42:30+00:00","article_modified_time":"2026-09-01T13:42:41+00:00","og_image":[{"width":2500,"height":1313,"url":"https:\/\/www.mairie-villemur-sur-tarn.fr\/site\/wp-content\/uploads\/wp-journees-europeennes-du-patrimoine-villemur.jpg","type":"image\/jpeg"}],"author":"Marie Roum\u00e9goux","twitter_card":"summary_large_image","twitter_misc":{"\u00c9crit par":"Marie Roum\u00e9goux","Dur\u00e9e de lecture estim\u00e9e":"3 minutes"},"schema":{"@context":"https:\/\/schema.org","@graph":[{"@type":"Article","@id":"https:\/\/www.mairie-villemur-sur-tarn.fr\/site\/journees-europeennes-du-patrimoine-villemur\/#article","isPartOf":{"@id":"https:\/\/www.mairie-villemur-sur-tarn.fr\/site\/journees-europeennes-du-patrimoine-villemur\/"},"author":{"name":"Marie Roum\u00e9goux","@id":"https:\/\/www.mairie-villemur-sur-tarn.fr\/site\/#\/schema\/person\/6cacfac2211423e8819455594290c42d"},"headline":"Journ\u00e9es Europ\u00e9ennes du patrimoine : visitons Villemur","datePublished":"2026-09-01T13:42:30+00:00","dateModified":"2026-09-01T13:42:41+00:00","mainEntityOfPage":{"@id":"https:\/\/www.mairie-villemur-sur-tarn.fr\/site\/journees-europeennes-du-patrimoine-villemur\/"},"wordCount":689,"publisher":{"@id":"https:\/\/www.mairie-villemur-sur-tarn.fr\/site\/#organization"},"image":{"@id":"https:\/\/www.mairie-villemur-sur-tarn.fr\/site\/journees-europeennes-du-patrimoine-villemur\/#primaryimage"},"thumbnailUrl":"https:\/\/www.mairie-villemur-sur-tarn.fr\/site\/wp-content\/uploads\/wp-journees-europeennes-du-patrimoine-villemur.jpg","articleSection":["Actualit\u00e9s","Culture","Festivit\u00e9s"],"inLanguage":"fr-FR"},{"@type":"WebPage","@id":"https:\/\/www.mairie-villemur-sur-tarn.fr\/site\/journees-europeennes-du-patrimoine-villemur\/","url":"https:\/\/www.mairie-villemur-sur-tarn.fr\/site\/journees-europeennes-du-patrimoine-villemur\/","name":"Journ\u00e9es Europ\u00e9ennes du patrimoine : visitons Villemur - Mairie Villemur-sur-Tarn","isPartOf":{"@id":"https:\/\/www.mairie-villemur-sur-tarn.fr\/site\/#website"},"primaryImageOfPage":{"@id":"https:\/\/www.mairie-villemur-sur-tarn.fr\/site\/journees-europeennes-du-patrimoine-villemur\/#primaryimage"},"image":{"@id":"https:\/\/www.mairie-villemur-sur-tarn.fr\/site\/journees-europeennes-du-patrimoine-villemur\/#primaryimage"},"thumbnailUrl":"https:\/\/www.mairie-villemur-sur-tarn.fr\/site\/wp-content\/uploads\/wp-journees-europeennes-du-patrimoine-villemur.jpg","datePublished":"2026-09-01T13:42:30+00:00","dateModified":"2026-09-01T13:42:41+00:00","description":"Pendant ce week-end de festivit\u00e9s, le patrimoine n'est pas en reste \u00e0 Villemur ! D\u00e9couvrez le programme des Journ\u00e9es Europ\u00e9ennes du Patrimoine 2026.","breadcrumb":{"@id":"https:\/\/www.mairie-villemur-sur-tarn.fr\/site\/journees-europeennes-du-patrimoine-villemur\/#breadcrumb"},"inLanguage":"fr-FR","potentialAction":[{"@type":"ReadAction","target":["https:\/\/www.mairie-villemur-sur-tarn.fr\/site\/journees-europeennes-du-patrimoine-villemur\/"]}]},{"@type":"ImageObject","inLanguage":"fr-FR","@id":"https:\/\/www.mairie-villemur-sur-tarn.fr\/site\/journees-europeennes-du-patrimoine-villemur\/#primaryimage","url":"https:\/\/www.mairie-villemur-sur-tarn.fr\/site\/wp-content\/uploads\/wp-journees-europeennes-du-patrimoine-villemur.jpg","contentUrl":"https:\/\/www.mairie-villemur-sur-tarn.fr\/site\/wp-content\/uploads\/wp-journees-europeennes-du-patrimoine-villemur.jpg","width":2500,"height":1313,"caption":"Journ\u00e9es europ\u00e9ennes du patrimoine"},{"@type":"BreadcrumbList","@id":"https:\/\/www.mairie-villemur-sur-tarn.fr\/site\/journees-europeennes-du-patrimoine-villemur\/#breadcrumb","itemListElement":[{"@type":"ListItem","position":1,"name":"Accueil","item":"https:\/\/www.mairie-villemur-sur-tarn.fr\/site\/"},{"@type":"ListItem","position":2,"name":"Journ\u00e9es Europ\u00e9ennes du patrimoine : visitons Villemur"}]},{"@type":"WebSite","@id":"https:\/\/www.mairie-villemur-sur-tarn.fr\/site\/#website","url":"https:\/\/www.mairie-villemur-sur-tarn.fr\/site\/","name":"Mairie Villemur-sur-Tarn","description":"Site officiel canton Villemur Toulouse Nord. D\u00e9marches en ligne, conseil municipal, actualit\u00e9s Villemur, Annuaire Villemur, March\u00e9s...","publisher":{"@id":"https:\/\/www.mairie-villemur-sur-tarn.fr\/site\/#organization"},"potentialAction":[{"@type":"SearchAction","target":{"@type":"EntryPoint","urlTemplate":"https:\/\/www.mairie-villemur-sur-tarn.fr\/site\/?s={search_term_string}"},"query-input":{"@type":"PropertyValueSpecification","valueRequired":true,"valueName":"search_term_string"}}],"inLanguage":"fr-FR"},{"@type":"Organization","@id":"https:\/\/www.mairie-villemur-sur-tarn.fr\/site\/#organization","name":"Mairie Villemur-sur-Tarn","url":"https:\/\/www.mairie-villemur-sur-tarn.fr\/site\/","logo":{"@type":"ImageObject","inLanguage":"fr-FR","@id":"https:\/\/www.mairie-villemur-sur-tarn.fr\/site\/#\/schema\/logo\/image\/","url":"https:\/\/www.mairie-villemur-sur-tarn.fr\/site\/wp-content\/uploads\/Villemur-LOGO-carre-PNG.png","contentUrl":"https:\/\/www.mairie-villemur-sur-tarn.fr\/site\/wp-content\/uploads\/Villemur-LOGO-carre-PNG.png","width":887,"height":886,"caption":"Mairie Villemur-sur-Tarn"},"image":{"@id":"https:\/\/www.mairie-villemur-sur-tarn.fr\/site\/#\/schema\/logo\/image\/"},"sameAs":["https:\/\/www.facebook.com\/mairievillemursurtarn","https:\/\/www.instagram.com\/villemur_sur_tarn\/"]},{"@type":"Person","@id":"https:\/\/www.mairie-villemur-sur-tarn.fr\/site\/#\/schema\/person\/6cacfac2211423e8819455594290c42d","name":"Marie Roum\u00e9goux","image":{"@type":"ImageObject","inLanguage":"fr-FR","@id":"https:\/\/secure.gravatar.com\/avatar\/b28c392ce9b953ddf7e1aaca2fd50fc1d59e58def58364aacd0194b4cea74754?s=96&d=mm&r=g","url":"https:\/\/secure.gravatar.com\/avatar\/b28c392ce9b953ddf7e1aaca2fd50fc1d59e58def58364aacd0194b4cea74754?s=96&d=mm&r=g","contentUrl":"https:\/\/secure.gravatar.com\/avatar\/b28c392ce9b953ddf7e1aaca2fd50fc1d59e58def58364aacd0194b4cea74754?s=96&d=mm&r=g","caption":"Marie Roum\u00e9goux"},"url":"https:\/\/www.mairie-villemur-sur-tarn.fr\/site\/author\/marie_graphiste_31340\/"}]}},"uagb_featured_image_src":{"full":["https:\/\/www.mairie-villemur-sur-tarn.fr\/site\/wp-content\/uploads\/wp-journees-europeennes-du-patrimoine-villemur.jpg",2500,1313,false],"thumbnail":["https:\/\/www.mairie-villemur-sur-tarn.fr\/site\/wp-content\/uploads\/wp-journees-europeennes-du-patrimoine-villemur-150x150.jpg",150,150,true],"medium":["https:\/\/www.mairie-villemur-sur-tarn.fr\/site\/wp-content\/uploads\/wp-journees-europeennes-du-patrimoine-villemur-300x300.jpg",300,300,true],"medium_large":["https:\/\/www.mairie-villemur-sur-tarn.fr\/site\/wp-content\/uploads\/wp-journees-europeennes-du-patrimoine-villemur-768x403.jpg",768,403,true],"large":["https:\/\/www.mairie-villemur-sur-tarn.fr\/site\/wp-content\/uploads\/wp-journees-europeennes-du-patrimoine-villemur-1024x538.jpg",900,473,true],"1536x1536":["https:\/\/www.mairie-villemur-sur-tarn.fr\/site\/wp-content\/uploads\/wp-journees-europeennes-du-patrimoine-villemur-1536x807.jpg",1536,807,true],"2048x2048":["https:\/\/www.mairie-villemur-sur-tarn.fr\/site\/wp-content\/uploads\/wp-journees-europeennes-du-patrimoine-villemur-2048x1076.jpg",2048,1076,true],"post-thumbnail":["https:\/\/www.mairie-villemur-sur-tarn.fr\/site\/wp-content\/uploads\/wp-journees-europeennes-du-patrimoine-villemur-600x315.jpg",600,315,true],"winnex_medium":["https:\/\/www.mairie-villemur-sur-tarn.fr\/site\/wp-content\/uploads\/wp-journees-europeennes-du-patrimoine-villemur-500x375.jpg",500,375,true],"winnex_height":["https:\/\/www.mairie-villemur-sur-tarn.fr\/site\/wp-content\/uploads\/wp-journees-europeennes-du-patrimoine-villemur-400x468.jpg",400,468,true]},"uagb_author_info":{"display_name":"Marie Roum\u00e9goux","author_link":"https:\/\/www.mairie-villemur-sur-tarn.fr\/site\/author\/marie_graphiste_31340\/"},"uagb_comment_info":0,"uagb_excerpt":"Pendant ce week-end de festivit\u00e9s, le patrimoine n'est pas en reste \u00e0 Villemur ! D\u00e9couvrez le programme des Journ\u00e9es Europ\u00e9ennes du Patrimoine 2026.","_links":{"self":[{"href":"https:\/\/www.mairie-villemur-sur-tarn.fr\/site\/wp-json\/wp\/v2\/posts\/20709","targetHints":{"allow":["GET"]}}],"collection":[{"href":"https:\/\/www.mairie-villemur-sur-tarn.fr\/site\/wp-json\/wp\/v2\/posts"}],"about":[{"href":"https:\/\/www.mairie-villemur-sur-tarn.fr\/site\/wp-json\/wp\/v2\/types\/post"}],"author":[{"embeddable":true,"href":"https:\/\/www.mairie-villemur-sur-tarn.fr\/site\/wp-json\/wp\/v2\/users\/10"}],"replies":[{"embeddable":true,"href":"https:\/\/www.mairie-villemur-sur-tarn.fr\/site\/wp-json\/wp\/v2\/comments?post=20709"}],"version-history":[{"count":17,"href":"https:\/\/www.mairie-villemur-sur-tarn.fr\/site\/wp-json\/wp\/v2\/posts\/20709\/revisions"}],"predecessor-version":[{"id":20901,"href":"https:\/\/www.mairie-villemur-sur-tarn.fr\/site\/wp-json\/wp\/v2\/posts\/20709\/revisions\/20901"}],"wp:featuredmedia":[{"embeddable":true,"href":"https:\/\/www.mairie-villemur-sur-tarn.fr\/site\/wp-json\/wp\/v2\/media\/20853"}],"wp:attachment":[{"href":"https:\/\/www.mairie-villemur-sur-tarn.fr\/site\/wp-json\/wp\/v2\/media?parent=20709"}],"wp:term":[{"taxonomy":"category","embeddable":true,"href":"https:\/\/www.mairie-villemur-sur-tarn.fr\/site\/wp-json\/wp\/v2\/categories?post=20709"},{"taxonomy":"post_tag","embeddable":true,"href":"https:\/\/www.mairie-villemur-sur-tarn.fr\/site\/wp-json\/wp\/v2\/tags?post=20709"}],"curies":[{"name":"wp","href":"https:\/\/api.w.org\/{rel}","templated":true}]}}