{"id":7372,"date":"2019-12-19T16:21:44","date_gmt":"2019-12-19T15:21:44","guid":{"rendered":"https:\/\/www.mairie-villemur-sur-tarn.fr\/site\/?p=7372"},"modified":"2024-06-26T16:12:06","modified_gmt":"2024-06-26T14:12:06","slug":"dominique-montariol-la-chef-cuisiniere-de-vos-enfants","status":"publish","type":"post","link":"https:\/\/www.mairie-villemur-sur-tarn.fr\/site\/dominique-montariol-la-chef-cuisiniere-de-vos-enfants\/","title":{"rendered":"Dominique Montariol : la chef cuisini\u00e8re de vos enfants !"},"content":{"rendered":"<p><img loading=\"lazy\" decoding=\"async\" class=\"wp-image-7556 size-thumbnail alignleft\" src=\"https:\/\/www.mairie-villemur-sur-tarn.fr\/site\/wp-content\/uploads\/2019\/12\/191128_cantines_mme-Montariol-193_nb-180x180.jpg\" alt=\"\" width=\"180\" height=\"180\" \/><\/p>\n<p><span style=\"color: #000000\"><strong>Depuis 38 ans, elle \u0153uvre dans les cuisines de la cantine de Villemur. Responsable de la restauration scolaire depuis 1988, c\u2019est elle qui \u00e9tablit les menus de vos enfants en prenant soin qu\u2019ils soient \u00e9quilibr\u00e9s, s\u2019occupe des commandes, traque les promotions, s\u2019assure du respect de l\u2019hygi\u00e8ne et supervise, chaque jour, la confection de pr\u00e8s de 450 repas. <\/strong><\/span><\/p>\n<p>De l\u2019\u00e9pluchage des pommes de terre \u00e0 la r\u00e9alisation des p\u00e2tisseries\u00a0: tout est fait sur place, \u00e0 l\u2019\u00e9cole Jules Michelet. Une partie des repas pr\u00e9par\u00e9s rejoint ensuite la cantine de l\u2019\u00e9cole Anatole France. Un travail qui demande une logistique impeccable que Mme Montariol ma\u00eetrise parfaitement, mais qu\u2019elle ne peut assurer sans l\u2019aide de son \u00e9quipe\u00a0: \u00ab\u00a0<em>Si j\u2019\u00e9tais seule, je n\u2019y arriverais pas\u00a0!<\/em>\u00a0\u00bb. <span style=\"color: #000000\"><strong>Ensembles, elle et ses coll\u00e8gues s\u2019activent dans l\u2019ombre pour offrir \u00e0 vos enfants des repas de qualit\u00e9\u00a0: cela m\u00e9ritait bien un coup de projecteur. <\/strong><\/span><\/p>\n<hr \/>\n<h2><span style=\"color: #ff6600\">7h<\/span><\/h2>\n<p><span style=\"color: #000000\"><strong><a href=\"https:\/\/www.mairie-villemur-sur-tarn.fr\/site\/wp-content\/uploads\/2015\/12\/191128_cantines_mme-Montariol-10-scaled.jpg\" target=\"_blank\" rel=\"noopener noreferrer\"><img loading=\"lazy\" decoding=\"async\" class=\"wp-image-7510 size-thumbnail alignright\" src=\"https:\/\/www.mairie-villemur-sur-tarn.fr\/site\/wp-content\/uploads\/2015\/12\/191128_cantines_mme-Montariol-10-180x180.jpg\" alt=\"\" width=\"180\" height=\"180\" \/><\/a>C\u2019est l\u2019heure \u00e0 laquelle Dominique Montariol arrive chaque jour \u00e0 la cantine de l\u2019\u00e9cole Jules Michelet.<\/strong> <\/span>Elle enfile sa blouse et sa charlotte et rejoint Michelle, sa coll\u00e8gue depuis 31 ans, qui, elle, arrive d\u00e8s 6 heures du matin. <span style=\"color: #000000\"><strong>Michelle a d\u00e9j\u00e0 coup\u00e9 en rondelles les 70 kg de pommes de terre qui avaient \u00e9t\u00e9 \u00e9pluch\u00e9es la veille.<\/strong> <\/span>Car aujourd\u2019hui, c\u2019est tartiflette au menu\u00a0! Le tout accompagn\u00e9 de salade, jambon d\u2019York et compote de pommes bio en dessert.<\/p>\n<p><span style=\"color: #000000\"><strong>Dans quelques heures, ce seront 420 repas qui seront servis dans les deux \u00e9coles de Villemur. Tous seront pr\u00e9par\u00e9s ici, \u00e0 Jules Michelet puis une partie livr\u00e9e \u00e0 Anatole France.<\/strong> <\/span>Cette organisation, qui garantit une confection des repas \u00ab\u00a0fait-maison\u00a0\u00bb chaque jour, n\u00e9cessite une <span style=\"color: #000000\"><strong>logistique impeccable<\/strong><\/span>, entre calcul des quantit\u00e9s, garantie des r\u00e8gles d\u2019hygi\u00e8ne et respect des demandes sp\u00e9cifiques, notamment pour les \u00e9l\u00e8ves ne mangeant pas de viande.<\/p>\n<hr \/>\n<h2><span style=\"color: #ff6600\">7h15<\/span><\/h2>\n<p>Dominique Montariol fait revenir les lardons. Elle a d\u00e9j\u00e0 pr\u00e9vu une <strong><span style=\"color: #000000\">alternative pour ceux qui ne mangeraient pas de tartiflette\u00a0<\/span><\/strong>: un gratin dauphinois et des steaks hach\u00e9s.<\/p>\n<hr \/>\n<h2><span style=\"color: #ff6600\">7h30<\/span><\/h2>\n<p><span style=\"color: #000000\"><strong><a href=\"https:\/\/www.mairie-villemur-sur-tarn.fr\/site\/wp-content\/uploads\/2015\/12\/191128_cantines_mme-Montariol-51-scaled.jpg\" target=\"_blank\" rel=\"noopener noreferrer\"><img loading=\"lazy\" decoding=\"async\" class=\"alignleft wp-image-7520 size-thumbnail\" src=\"https:\/\/www.mairie-villemur-sur-tarn.fr\/site\/wp-content\/uploads\/2015\/12\/191128_cantines_mme-Montariol-51-180x180.jpg\" alt=\"\" width=\"180\" height=\"180\" \/><\/a>Lucie, agent de restauration scolaire depuis 2 ans, prend son service.<\/strong><\/span> Dans une petite pi\u00e8ce \u00e0 part, elle se charge de <span style=\"color: #000000\"><strong>laver puis essorer la salade dans une grande bassine de la taille d\u2019une machine \u00e0 laver\u00a0!<\/strong><\/span> Lucie mettra ensuite la salade \u00e0 refroidir.<\/p>\n<p>Car <span style=\"color: #000000\"><strong>le respect des temp\u00e9ratures est essentiel\u00a0: les produits froids doivent imp\u00e9rativement \u00eatre en-dessous de 10 degr\u00e9s.<\/strong> <\/span>De la m\u00eame mani\u00e8re, lorsqu\u2019il y a des restes, ils peuvent \u00eatre resservis \u00e0 J+2, \u00e0 condition d\u2019avoir \u00e9t\u00e9 remis au froid entre temps.<\/p>\n<hr \/>\n<h2><span style=\"color: #ff6600\">8h<\/span><\/h2>\n<p><img loading=\"lazy\" decoding=\"async\" class=\"alignright wp-image-7509 size-thumbnail\" src=\"https:\/\/www.mairie-villemur-sur-tarn.fr\/site\/wp-content\/uploads\/2015\/12\/191128_cantines_mme-Montariol-2-180x180.jpg\" alt=\"\" width=\"180\" height=\"180\" \/><\/p>\n<p>Dominique Montariol confectionne les tartiflettes et gratins dauphinois dans de grands plats en m\u00e9tal. <span style=\"color: #000000\"><strong>Pour des raisons d\u2019hygi\u00e8ne, elle les met ensuite au frigo en attendant que le four soit suffisamment chaud.<\/strong><\/span><\/p>\n<hr \/>\n<h2><span style=\"color: #ff6600\">8h30<\/span><\/h2>\n<p>Mme Montariol, Michelle, Lucie et Laure s\u2019octroient une <span style=\"color: #000000\"><strong>pause-caf\u00e9<\/strong><\/span> dans le r\u00e9fectoire. Elles sont interrompues par l\u2019arriv\u00e9e <span style=\"color: #000000\"><strong>d\u2019une entreprise qui vient gratuitement r\u00e9cup\u00e9rer l\u2019huile usag\u00e9e. <\/strong><\/span><\/p>\n<p>Ici, tout est fait pour favoriser le tri et le respect de l\u2019environnement. <strong><span style=\"color: #000000\">Les d\u00e9chets recyclables sont, comme \u00e0 la maison, d\u00e9pos\u00e9s dans une poubelle jaune.<\/span> <\/strong>Et depuis quelques semaines, le plastique a totalement disparu des plateaux de vos enfants\u00a0: <strong>t<span style=\"color: #000000\">outes les barquettes et pots sont d\u00e9sormais uniquement en carton recyclable.<\/span><\/strong><\/p>\n<hr \/>\n<h2><span style=\"color: #ff6600\">9h<\/span><\/h2>\n<p><span style=\"color: #000000\"><strong><a href=\"https:\/\/www.mairie-villemur-sur-tarn.fr\/site\/wp-content\/uploads\/2015\/12\/191128_cantines_mme-Montariol-29-scaled.jpg\" target=\"_blank\" rel=\"noopener noreferrer\"><img loading=\"lazy\" decoding=\"async\" class=\"wp-image-7513 size-thumbnail alignleft\" src=\"https:\/\/www.mairie-villemur-sur-tarn.fr\/site\/wp-content\/uploads\/2015\/12\/191128_cantines_mme-Montariol-29-180x180.jpg\" alt=\"\" width=\"180\" height=\"180\" \/><\/a>Les tartiflettes et gratins enfourn\u00e9s dans un four de 2 m\u00e8tres de haut,<\/strong> <strong>c\u2019est le moment d\u2019avancer sur la confection du dessert du lendemain\u00a0: des fars bretons. <\/strong><\/span>Dominique Montariol charge sa seconde de calculer les quantit\u00e9s pour r\u00e9aliser 450 parts de g\u00e2teau\u00a0: \u00ab\u00a0<em>Michelle, c\u2019est notre calculatrice\u00a0!<\/em>\u00a0\u00bb. En effet, il faut 10 secondes \u00e0 Michelle pour d\u00e9finir les quantit\u00e9s de pr\u00e9paration et de lait qu\u2019il faut m\u00e9langer pour r\u00e9aliser une dizaine de fars g\u00e9ants.<\/p>\n<p>Avant de commencer la pr\u00e9paration, <strong><span style=\"color: #000000\">chaque paquet de pr\u00e9paration et chaque brique de lait de 10 litres doivent \u00eatre scann\u00e9es<\/span>\u00a0<\/strong>devant un \u00e9cran accroch\u00e9 au mur. <span style=\"color: #000000\"><strong>Ce nouveau logiciel \u00ab\u00a0<em>E pack hygi\u00e8ne<\/em>\u00a0\u00bb, install\u00e9 en novembre, permet de faciliter la tra\u00e7abilit\u00e9 des produits.<\/strong><\/span> Ainsi, lorsque le service hygi\u00e8ne fait un contr\u00f4le, il a automatiquement acc\u00e8s \u00e0 toutes les archives. \u00ab\u00a0<em>C\u2019est une avanc\u00e9e pour nous, car avant, nous devions garder toutes les \u00e9tiquettes de produit. Et puis cela responsabilise tout le monde, car chacune de nous a son profil<\/em>. <em>On sait donc exactement qui a fait quoi <\/em>\u00bb.<\/p>\n<hr \/>\n<h2><span style=\"color: #ff6600\">9h30<\/span><\/h2>\n<h2><span style=\"color: #ff6600\"><img loading=\"lazy\" decoding=\"async\" class=\"wp-image-7517 size-thumbnail alignright\" style=\"color: #333333;font-size: 16px\" src=\"https:\/\/www.mairie-villemur-sur-tarn.fr\/site\/wp-content\/uploads\/2015\/12\/191128_cantines_mme-Montariol-42-180x180.jpg\" alt=\"\" width=\"180\" height=\"180\" \/><\/span><\/h2>\n<p>Apr\u00e8s avoir r\u00e9parti les pruneaux dans une dizaine de grands plats, Mme Montariol y verse les <span style=\"color: #000000\"><strong>48 litres de pr\u00e9paration<\/strong><\/span> que Laure et Michelle ont confectionn\u00e9e. <span style=\"color: #000000\"><strong>Les fars bretons sont alors mis au frigidaire\u00a0: les tartiflettes ne sont pas encore cuites, et il n\u2019y a qu\u2019un seul four.<\/strong><\/span><\/p>\n<hr \/>\n<h2><span style=\"color: #ff6600\">10h<\/span><\/h2>\n<p>Pendant que<span style=\"color: #000000\"><strong> Mme Montariol lave la plaque de cuisson<\/strong><\/span> (\u00ab\u00a0<em>Ici, la r\u00e8gle, c\u2019est\u00a0: celle qui salit nettoie\u00a0!<\/em>\u00a0\u00bb explique-t-elle), <span style=\"color: #000000\"><strong>Laure verse la compote de pommes bio dans les gobelets recyclables<\/strong>\u00a0; <strong>Lucie, elle, pr\u00e9pare les barquettes individuelles de salade<\/strong><\/span> destin\u00e9es aux \u00e9l\u00e8ves du primaire qui mangent au self, ainsi que de grands saladiers qui seront dispos\u00e9s sur les tables des plus petits\u00a0: l\u00e0 encore, <span style=\"color: #000000\"><strong>il faut calculer le nombre exact de plats \u00e0 pr\u00e9parer en fonction des inscriptions du jour \u00e0 la cantine.<\/strong><\/span><\/p>\n<hr \/>\n<h2><span style=\"color: #ff6600\">10h15\u00a0<\/span><\/h2>\n<p><strong><span style=\"color: #000000\"><a href=\"https:\/\/www.mairie-villemur-sur-tarn.fr\/site\/wp-content\/uploads\/2015\/12\/191128_cantines_mme-Montariol-45-scaled.jpg\" target=\"_blank\" rel=\"noopener noreferrer\"><img loading=\"lazy\" decoding=\"async\" class=\"wp-image-7518 size-thumbnail alignleft\" src=\"https:\/\/www.mairie-villemur-sur-tarn.fr\/site\/wp-content\/uploads\/2015\/12\/191128_cantines_mme-Montariol-45-180x180.jpg\" alt=\"\" width=\"180\" height=\"180\" \/><\/a>Mme Montariol sort les steaks hach\u00e9s du cong\u00e9lateur pour les proposer \u00e0 ceux qui ne mangeraient pas tartiflette<\/span>.<\/strong> Elle est interrompue par la sonnette. \u00ab\u00a0<em>Ce sont les escalopes pour lundi\u00a0! C\u2019est moi qui commande, donc je sais exactement ce qui arrive<\/em>\u00a0! \u00bb. Pendant ce temps, <span style=\"color: #000000\"><strong>Michelle fait du rangement.<\/strong><\/span> Mme Montariol explique\u00a0: \u00ab\u00a0<em>Il y a des normes. Michelle sait exactement o\u00f9 chaque chose se range. Chaque fille sait ce qu\u2019elle a \u00e0 faire. Toute seule, je ne pourrais rien faire\u00a0!<\/em> \u00bb<\/p>\n<p>Ici, <strong><span style=\"color: #000000\">l\u2019entraide est de mise<\/span>.<\/strong> \u00ab\u00a0<em>On aide Laure \u00e0 charger\u00a0!<\/em>\u00a0\u00bb. Elle part faire la <span style=\"color: #000000\"><strong>livraison du froid \u00e0 l\u2019\u00e9cole Anatole France<\/strong><\/span> : la salade et les compotes sont plac\u00e9es dans des glaci\u00e8res puis plac\u00e9es dans la camionnette. <span style=\"color: #000000\"><strong>Le chaud suivra plus tard, car une fois livr\u00e9, il doit \u00eatre consomm\u00e9 dans les 2 heures. <\/strong><\/span><\/p>\n<h2><\/h2>\n<hr \/>\n<h2><span style=\"color: #ff6600\">10h30<\/span><\/h2>\n<p><span style=\"color: #000000\"><strong><a href=\"https:\/\/www.mairie-villemur-sur-tarn.fr\/site\/wp-content\/uploads\/2015\/12\/191128_cantines_mme-Montariol-65-scaled.jpg\" target=\"_blank\" rel=\"noopener noreferrer\"><img loading=\"lazy\" decoding=\"async\" class=\"wp-image-7522 size-thumbnail alignright\" src=\"https:\/\/www.mairie-villemur-sur-tarn.fr\/site\/wp-content\/uploads\/2015\/12\/191128_cantines_mme-Montariol-65-180x180.jpg\" alt=\"\" width=\"180\" height=\"180\" \/><\/a>Madame Montariol passe un coup de fil dans son petit bureau.<\/strong> <\/span>\u00ab\u00a0<em>Pour le 9 janvier, il me faut 30 kg de carottes bio \u00e0 1\u20ac14 le kilo, 30 kg de ravioles au fromage \u00e0 6,98 \u20ac le kilo et 6 cartons de 70 donuts<\/em>\u00a0\u00bb. Une fois qu\u2019elle a raccroch\u00e9, elle explique\u00a0: \u00ab\u00a0<em>C\u2019est le Black Friday demain\u00a0: donc je commande en promotion, mais je serai livr\u00e9e en janvier. \u00c7a vaut vraiment le coup\u00a0!\u00a0<\/em>\u00bb. <strong><span style=\"color: #000000\">C&rsquo;est gr\u00e2ce \u00e0 cette vigilance sur les prix qu&rsquo;elle parvient \u00e0 proposer des menus de qualit\u00e9 tout en respectant un budget raisonnable<\/span><\/strong><span style=\"color: #000000\"> : si la municipalit\u00e9 a fait le choix d&rsquo;un tarif unique \u00e0 2\u20ac50, un repas co\u00fbte en moyenne 7,5 \u20ac \u00e0 la collectivit\u00e9 (mati\u00e8re premi\u00e8re, frais de personnel, et mat\u00e9riel compris).\u00a0<\/span><\/p>\n<hr \/>\n<h2><span style=\"color: #ff6600\">10h45<\/span><\/h2>\n<p><span style=\"color: #000000\"><strong><a href=\"https:\/\/www.mairie-villemur-sur-tarn.fr\/site\/wp-content\/uploads\/2015\/12\/191128_cantines_mme-Montariol-94-scaled.jpg\" target=\"_blank\" rel=\"noopener noreferrer\"><img loading=\"lazy\" decoding=\"async\" class=\"wp-image-7533 size-thumbnail alignleft\" src=\"https:\/\/www.mairie-villemur-sur-tarn.fr\/site\/wp-content\/uploads\/2015\/12\/191128_cantines_mme-Montariol-94-180x180.jpg\" alt=\"\" width=\"180\" height=\"180\" \/><\/a>Les tartiflettes et gratins sont cuits\u00a0!<\/strong><\/span> A peine sortis du four, <span style=\"color: #000000\"><strong>ils sont plac\u00e9s dans une armoire qui maintient au chaud, toujours pour respecter des normes d\u2019hygi\u00e8ne.<\/strong>\u00a0<\/span> Michelle enfourne les fars bretons, ainsi que les steaks hach\u00e9s.<\/p>\n<p><span style=\"color: #000000\"><strong>Lucie inscrit \u00e0 la craie le menu du jour dans le r\u00e9fectoire, qu\u2019elle a joliment d\u00e9cor\u00e9 avec Michelle pour No\u00ebl<\/strong>.<\/span> <em>\u00ab\u00a0Les dessins au mur, c\u2019est le CLAE des maternelles qui nous les a donn\u00e9s\u00a0!<\/em>\u00a0\u00bb, pr\u00e9cise Lucie.<\/p>\n<hr \/>\n<h2><span style=\"color: #ff6600\">11h<\/span><\/h2>\n<p>Virginie arrive \u00e0 la cantine. C\u2019est elle qui <span style=\"color: #000000\"><strong>dresse chaque jour les tables pour les petits, puis assure le nettoyage de la vaisselle <\/strong><\/span>tout au long du service.<\/p>\n<hr \/>\n<h2><span style=\"color: #ff6600\">11h15<\/span><\/h2>\n<p><a href=\"https:\/\/www.mairie-villemur-sur-tarn.fr\/site\/wp-content\/uploads\/2015\/12\/191128_cantines_mme-Montariol-100-scaled.jpg\" target=\"_blank\" rel=\"noopener noreferrer\"><img loading=\"lazy\" decoding=\"async\" class=\"wp-image-7536 size-thumbnail alignright\" src=\"https:\/\/www.mairie-villemur-sur-tarn.fr\/site\/wp-content\/uploads\/2015\/12\/191128_cantines_mme-Montariol-100-180x180.jpg\" alt=\"\" width=\"180\" height=\"180\" \/><\/a>Lucie sort les plats de tartiflettes qu\u2019elle doit livrer \u00e0 l\u2019\u00e9cole Anatole France. <span style=\"color: #000000\"><strong>A l\u2019aide d\u2019une sonde, elle v\u00e9rifie la temp\u00e9rature de chaque plat, autour de 80\u00b0.<\/strong> <strong>Elle entre ensuite l\u2019information dans le logiciel <em>E-pack hygi\u00e8ne<\/em>.<\/strong><\/span> Dans la camionnette, elle embarque 4 tartiflettes, 1 gratin dauphinois, le jambon d\u2019York mais \u00e9galement l\u2019entr\u00e9e du lendemain, du taboul\u00e9\u00a0: \u00ab\u00a0 <em>Il faut toujours anticiper\u00a0!<\/em>\u00a0\u00bb pr\u00e9cise Madame Montariol. <span style=\"color: #000000\"><strong>Michelle calcule\u00a0rapidement les quantit\u00e9s de taboul\u00e9 \u00e0 charger<\/strong><\/span>, puis transf\u00e8re la moiti\u00e9 d\u2019une barquette dans un plat qui restera \u00e0 Michelet\u00a0: <span style=\"color: #000000\"><strong>l\u2019objectif est d\u2019estimer les rations au plus juste pour \u00e9viter le gaspillage.<\/strong><\/span><\/p>\n<p>De son c\u00f4t\u00e9, <span style=\"color: #000000\"><strong>Laure coupe le pain avant l\u2019arriv\u00e9e des premiers \u00e9l\u00e8ves<\/strong>.<\/span><\/p>\n<hr \/>\n<h2><span style=\"color: #ff6600\">11h30<\/span><\/h2>\n<p><span style=\"color: #000000\"><strong><a href=\"https:\/\/www.mairie-villemur-sur-tarn.fr\/site\/wp-content\/uploads\/2015\/12\/191128_cantines_mme-Montariol-124-scaled.jpg\" target=\"_blank\" rel=\"noopener noreferrer\"><img loading=\"lazy\" decoding=\"async\" class=\"wp-image-7546 size-thumbnail alignleft\" src=\"https:\/\/www.mairie-villemur-sur-tarn.fr\/site\/wp-content\/uploads\/2015\/12\/191128_cantines_mme-Montariol-124-180x180.jpg\" alt=\"\" width=\"180\" height=\"180\" \/><\/a>Les fars bretons sont cuits.<\/strong> <\/span>Madame Montariol les sort du four pour les faire refroidir \u00e0 temp\u00e9rature ambiante avant de les entreposer au r\u00e9frig\u00e9rateur jusqu\u2019au lendemain. Elle, Michelle et Laure se mettent \u00e0 table dans le r\u00e9fectoire. <span style=\"color: #000000\"><b>Elles go\u00fbtent chaque jour ce qu\u2019elles ont pr\u00e9par\u00e9 pour les enfants. <\/b><\/span><\/p>\n<h2><\/h2>\n<hr \/>\n<h2><span style=\"color: #ff6600\">11h45<\/span><\/h2>\n<p><span style=\"color: #000000\"><strong><a href=\"https:\/\/www.mairie-villemur-sur-tarn.fr\/site\/wp-content\/uploads\/2015\/12\/191128_cantines_mme-Montariol-135-scaled.jpg\" target=\"_blank\" rel=\"noopener noreferrer\"><img loading=\"lazy\" decoding=\"async\" class=\"wp-image-7547 size-thumbnail alignright\" src=\"https:\/\/www.mairie-villemur-sur-tarn.fr\/site\/wp-content\/uploads\/2015\/12\/191128_cantines_mme-Montariol-135-180x180.jpg\" alt=\"\" width=\"180\" height=\"180\" \/><\/a>Derni\u00e8re ligne droite avant le d\u00e9but du service.<\/strong> <\/span>Laure assaisonne les plats de salade pour les \u00e9l\u00e8ves de la maternelle\u00a0qui arrivent au r\u00e9fectoire d\u00e8s midi. Lucie, qui est rentr\u00e9e de l\u2019\u00e9cole Anatole France, dispose les entr\u00e9es et les desserts des plus grands derri\u00e8re le self. Michelle met \u00e0 chauffer le comptoir o\u00f9 seront install\u00e9s les plats de tartiflette.<\/p>\n<p>&nbsp;<\/p>\n<hr \/>\n<h2><span style=\"color: #ff6600\">12h15<\/span><\/h2>\n<p><span style=\"color: #000000\"><strong><a href=\"https:\/\/www.mairie-villemur-sur-tarn.fr\/site\/wp-content\/uploads\/2015\/12\/191128_cantines_mme-Montariol-164-scaled.jpg\" target=\"_blank\" rel=\"noopener noreferrer\"><img loading=\"lazy\" decoding=\"async\" class=\"wp-image-7549 size-thumbnail alignleft\" src=\"https:\/\/www.mairie-villemur-sur-tarn.fr\/site\/wp-content\/uploads\/2015\/12\/191128_cantines_mme-Montariol-164-180x180.jpg\" alt=\"\" width=\"180\" height=\"180\" \/><\/a>Les premiers \u00e9l\u00e8ves de primaire commencent \u00e0 faire la queue.<\/strong><\/span> Lucie leur tend de la salade, des compotes. <span style=\"color: #000000\"><strong>En bout de cha\u00eene, Michelle propose avec le sourire la tartiflette, appelle les enfants par leur pr\u00e9nom, v\u00e9rifie qu\u2019ils ont sur leur plateau suffisamment \u00e0 manger.<\/strong><\/span> Elle remarque qu\u2019un \u00e9l\u00e8ve n\u2019a pris ni entr\u00e9e, ni dessert. Alors elle lui propose un fruit \u00e0 la place. Lucie va lui chercher une pomme dans la r\u00e9serve\u00a0: <span style=\"color: #000000\"><strong>l\u2019\u00e9quilibre alimentaire prime avant tout<\/strong>\u00a0!<\/span><\/p>\n<hr \/>\n<h2><span style=\"color: #ff6600\">12h30 <\/span><\/h2>\n<p><img loading=\"lazy\" decoding=\"async\" class=\"wp-image-7551 size-thumbnail alignright\" src=\"https:\/\/www.mairie-villemur-sur-tarn.fr\/site\/wp-content\/uploads\/2015\/12\/191128_cantines_mme-Montariol-176-180x180.jpg\" alt=\"\" width=\"180\" height=\"180\" \/><\/p>\n<p>Alors que le service bat son plein, <span style=\"color: #000000\"><strong>Madame Montariol range les livraisons du matin.<\/strong> <\/span>\u00ab\u00a0<em>D\u2019habitude, les filles m\u2019aident \u00e0 d\u00e9charger les palettes. Mais l\u00e0, on avait trop de travail<\/em>\u00a0\u00bb. Alors elle soul\u00e8ve seule les dizaines de bo\u00eetes de fruits au sirop, conserves de cr\u00e8me, briques de lait. <span style=\"color: #000000\"><strong>Dominique Montariol, qui aura 60 ans en f\u00e9vrier, a encore de l\u2019\u00e9nergie \u00e0 revendre.<\/strong><\/span> \u00ab\u00a0<em>La retraite\u00a0? Il parait que je m\u2019en approche, peut-\u00eatre qu\u2019il faudrait que je me renseigne\u00a0!<\/em>\u00a0\u00bb. Mais visiblement, ce n\u2019est pas encore sa priorit\u00e9\u00a0!<\/p>\n<hr \/>\n<h2><span style=\"color: #ff6600\">13h <\/span><\/h2>\n<p><a href=\"https:\/\/www.mairie-villemur-sur-tarn.fr\/site\/wp-content\/uploads\/2015\/12\/191128_cantines_mme-Montariol-154-scaled.jpg\" target=\"_blank\" rel=\"noopener noreferrer\"><img loading=\"lazy\" decoding=\"async\" class=\"wp-image-7548 size-thumbnail alignleft\" src=\"https:\/\/www.mairie-villemur-sur-tarn.fr\/site\/wp-content\/uploads\/2015\/12\/191128_cantines_mme-Montariol-154-180x180.jpg\" alt=\"\" width=\"180\" height=\"180\" \/><\/a>La file d\u2019enfants est toujours ininterrompue, mais elle avance de mani\u00e8re fluide, car <span style=\"color: #000000\"><strong>les \u00e9l\u00e8ves de l\u2019\u00e9l\u00e9mentaire se rendent \u00e0 la cantine selon un roulement, qui change en fonction des jours de la semaine.<\/strong><\/span> Ainsi, ce ne sont pas toujours les m\u00eames qui sont servis les premiers. Cela permet aussi \u00e0 Virginie, qui r\u00e9ceptionne les plateaux \u00e0 la fin du repas, de nettoyer la vaisselle au fur et \u00e0 mesure.<\/p>\n<hr \/>\n<h2><span style=\"color: #ff6600\">13h30 <\/span><\/h2>\n<p><span style=\"color: #000000\"><strong>Apr\u00e8s 1h30 de service, les derniers \u00e9l\u00e8ves quittent le self.<\/strong><\/span> C\u2019est le moment de finir le rangement et le nettoyage, mais aussi d\u2019anticiper la pr\u00e9paration du repas du lendemain.<\/p>\n<hr \/>\n<h2><span style=\"color: #ff6600\">15h<\/span><\/h2>\n<p><span style=\"color: #000000\"><strong>La cuisine est parfaitement propre<\/strong><\/span>, et pr\u00eate \u00e0 s\u2019activer \u00e0 nouveau d\u00e8s 6h le lendemain. \u00a0<span style=\"color: #000000\"><strong>Madame Montariol, elle, est pr\u00e9sente jusqu\u2019\u00e0 16h pour assurer l\u2019intendance<\/strong><\/span>, finaliser des commandes ou \u00e9tablir les menus en collaboration avec la di\u00e9t\u00e9ticienne Mme Bizon. <span style=\"color: #000000\">Tout au long des ces journ\u00e9es de travail, pourtant denses, Madame Montariol ne se d\u00e9partit jamais de son sourire.<\/span> Et quand on lui demande ce qui lui donne envie de revenir le lendemain, elle n&rsquo;h\u00e9site pas longtemps : \u00ab\u00a0<em>Ici l&rsquo;ambiance est bonne ! C&rsquo;est agr\u00e9able de travailler avec cette \u00e9quipe pour proposer le meilleur aux enfants ! <\/em>\u00a0\u00bb<\/p>\n<hr \/>\n<h3><span style=\"color: #003366\">DIAPORAMA<\/span><\/h3>\n<p><em>Reportage r\u00e9alis\u00e9 le jeudi 28 novembre \u00e0 la cantine de l&rsquo;\u00e9cole Jules Michelet<\/em><\/p>\n<p><em><strong>Cliquez sur les images pour faire d\u00e9filer les photos\u00a0<\/strong><\/em><\/p>\n<style id=\"bwg-style-0\">    #bwg_container1_0 #bwg_container2_0 .bwg-container-0.bwg-standard-thumbnails {      width: 504px;              justify-content: center;        margin:0 auto !important;              background-color: rgba(255, 255, 255, 0.00);            padding-left: 4px;      padding-top: 4px;      max-width: 100%;            }        #bwg_container1_0 #bwg_container2_0 .bwg-container-0.bwg-standard-thumbnails .bwg-item {    justify-content: flex-start;      max-width: 100px;          }    #bwg_container1_0 #bwg_container2_0 .bwg-container-0.bwg-standard-thumbnails .bwg-item a {       margin-right: 4px;       margin-bottom: 4px;    }    #bwg_container1_0 #bwg_container2_0 .bwg-container-0.bwg-standard-thumbnails .bwg-item0 {      padding: 0px;            background-color:rgba(0,0,0, 0.30);      border: 0px none #CCCCCC;      opacity: 1.00;      border-radius: 0;      box-shadow: ;    }    #bwg_container1_0 #bwg_container2_0 .bwg-container-0.bwg-standard-thumbnails .bwg-item1 img {      max-height: none;      max-width: none;      padding: 0 !important;    }         @media only screen and (min-width: 480px) {\t\t#bwg_container1_0 #bwg_container2_0 .bwg-container-0.bwg-standard-thumbnails .bwg-item1 img {\t\t\t-webkit-transition: all .3s; transition: all .3s;\t\t}\t\t#bwg_container1_0 #bwg_container2_0 .bwg-container-0.bwg-standard-thumbnails .bwg-item1 img:hover {\t\t\t-ms-transform: scale(1.08);\t\t\t-webkit-transform: scale(1.08);\t\t\ttransform: scale(1.08);\t\t}\t\t      }\t    #bwg_container1_0 #bwg_container2_0 .bwg-container-0.bwg-standard-thumbnails .bwg-item1 {      padding-top: 140%;    }        #bwg_container1_0 #bwg_container2_0 .bwg-container-0.bwg-standard-thumbnails .bwg-title2,    #bwg_container1_0 #bwg_container2_0 .bwg-container-0.bwg-standard-thumbnails .bwg-ecommerce2 {      color: #323A45;      font-family: Ubuntu;      font-size: 16px;      font-weight: bold;      padding: 2px;      text-shadow: ;      max-height: 100%;    }    #bwg_container1_0 #bwg_container2_0 .bwg-container-0.bwg-standard-thumbnails .bwg-thumb-description span {    color: #323A45;    font-family: Ubuntu;    font-size: 12px;    max-height: 100%;    word-wrap: break-word;    }    #bwg_container1_0 #bwg_container2_0 .bwg-container-0.bwg-standard-thumbnails .bwg-play-icon2 {      font-size: 32px;    }    #bwg_container1_0 #bwg_container2_0 .bwg-container-0.bwg-standard-thumbnails .bwg-ecommerce2 {      font-size: 19.2px;      color: #323A45;    }    <\/style>    <div id=\"bwg_container1_0\"         class=\"bwg_container bwg_thumbnail bwg_thumbnails \"         data-right-click-protection=\"0\"         data-bwg=\"0\"         data-scroll=\"0\"         data-gallery-type=\"thumbnails\"         data-gallery-view-type=\"thumbnails\"         data-current-url=\"\/site\/wp-json\/wp\/v2\/posts\/7372\"         data-lightbox-url=\"https:\/\/www.mairie-villemur-sur-tarn.fr\/site\/wp-admin\/admin-ajax.php?action=GalleryBox&#038;current_view=0&#038;gallery_id=15&#038;tag=0&#038;theme_id=1&#038;shortcode_id=31&#038;sort_by=order&#038;order_by=asc&#038;current_url=%2Fsite%2Fwp-json%2Fwp%2Fv2%2Fposts%2F7372\"         data-gallery-id=\"15\"         data-popup-width=\"800\"         data-popup-height=\"500\"         data-is-album=\"gallery\"         data-buttons-position=\"bottom\">      <div id=\"bwg_container2_0\">             <div id=\"ajax_loading_0\" class=\"bwg_loading_div_1\">      <div class=\"bwg_loading_div_2\">        <div class=\"bwg_loading_div_3\">          <div id=\"loading_div_0\" class=\"bwg_spider_ajax_loading\">          <\/div>        <\/div>      <\/div>    <\/div>            <form id=\"gal_front_form_0\"              class=\"bwg-hidden\"              method=\"post\"              action=\"#\"              data-current=\"0\"              data-shortcode-id=\"31\"              data-gallery-type=\"thumbnails\"              data-gallery-id=\"15\"              data-tag=\"0\"              data-album-id=\"0\"              data-theme-id=\"1\"              data-ajax-url=\"https:\/\/www.mairie-villemur-sur-tarn.fr\/site\/wp-admin\/admin-ajax.php?action=bwg_frontend_data\">          <div id=\"bwg_container3_0\" class=\"bwg-background bwg-background-0\">            \t\t\t\t\t\t\t\t<div class=\"search_line bwg_tag_select_view\">\t\t\t\t\t\t\t\t <style>      #bwg_search_container_1_0 {\t\t\t\tmax-width: 330px;      }      <\/style>            <div class=\"bwg_search_container_1\" id=\"bwg_search_container_1_0\">        <div class=\"bwg_search_container_2\" id=\"bwg_search_container_2_0\">        <span class=\"bwg_search_input_container\">          <span class=\"bwg_search_loupe_container1 bwg-hidden\">             <i title=\"SEARCH...\" class=\"bwg-icon-search bwg_search\" onclick=\"bwg_ajax('gal_front_form_0', '0', 'bwg_thumbnails_0', 0, '', 'album', 1)\"><\/i>          <\/span>          <input id=\"bwg_search_input_0\" class=\"bwg_search_input\" type=\"search\" onkeypress=\"bwg_key_press(this); return bwg_check_search_input_enter(this, event);\" name=\"bwg_search_0\" value=\"\" placeholder=\"Search\" \/>          <span class=\"bwg_search_reset_container bwg-hidden\">          <i title=\"Reset\" class=\"bwg-icon-times bwg_reset\" onclick=\"bwg_clear_search_input('0'); bwg_ajax(&#039;gal_front_form_0&#039;, &#039;0&#039;, &#039;bwg_thumbnails_0&#039;, 0, &#039;&#039;, &#039;album&#039;, 1) \"><\/i>        <\/span>          <input id=\"bwg_images_count_0\" class=\"bwg_search_input\" type=\"hidden\" name=\"bwg_images_count_0\" value=\"30\">            <span class=\"search_placeholder_title\" onclick=\"bwg_search_focus(this)\" >                <span class=\"bwg_search_loupe_container\">                  <i title=\"SEARCH...\" class=\"bwg-icon-search bwg_search\"><\/i>                <\/span>                <span style=\"font-size: 12px; font-family: Ubuntu;\">Search<\/span>          <\/span>        <\/span>        <\/div>      <\/div>      \t\t\t\t\t\t\t\t<\/div>\t\t\t\t\t\t\t    <div data-max-count=\"5\"         data-thumbnail-width=\"100\"         data-bwg=\"0\"         data-gallery-id=\"15\"         data-lightbox-url=\"https:\/\/www.mairie-villemur-sur-tarn.fr\/site\/wp-admin\/admin-ajax.php?action=GalleryBox&amp;current_view=0&amp;gallery_id=15&amp;tag=0&amp;theme_id=1&amp;shortcode_id=31&amp;sort_by=order&amp;order_by=asc&amp;current_url=%2Fsite%2Fwp-json%2Fwp%2Fv2%2Fposts%2F7372\"         id=\"bwg_thumbnails_0\"         class=\"bwg-container-0 bwg-thumbnails bwg-standard-thumbnails bwg-container bwg-border-box\">            <div class=\"bwg-item\">        <a class=\"bwg-a  bwg_lightbox\"  data-image-id=\"212\" href=\"https:\/\/www.mairie-villemur-sur-tarn.fr\/site\/wp-content\/uploads\/photo-gallery\/imported_from_media_libray\/191128_cantines_mme-Montariol-2-scaled_(1)_(1).jpg?bwg=1576766720\" data-elementor-open-lightbox=\"no\">                <div class=\"bwg-item0 \">          <div class=\"bwg-item1 \">            <div class=\"bwg-item2\">              <img decoding=\"async\" class=\"skip-lazy bwg_standart_thumb_img_0 \"                   data-id=\"212\"                   data-width=\"500\"                   data-height=\"333\"                   data-src=\"https:\/\/www.mairie-villemur-sur-tarn.fr\/site\/wp-content\/uploads\/photo-gallery\/imported_from_media_libray\/thumb\/191128_cantines_mme-Montariol-2-scaled_(1)_(1).jpg?bwg=1576766720\"                   src=\"https:\/\/www.mairie-villemur-sur-tarn.fr\/site\/wp-content\/uploads\/photo-gallery\/imported_from_media_libray\/thumb\/191128_cantines_mme-Montariol-2-scaled_(1)_(1).jpg?bwg=1576766720\"                   alt=\"Il fait encore nuit quand Mme Montariol et son \u00e9quipe commencent \u00e0 pr\u00e9parer les repas.\"                   title=\"Il fait encore nuit quand Mme Montariol et son \u00e9quipe commencent \u00e0 pr\u00e9parer les repas.\" \/>            <\/div>            <div class=\"\">                                                      <\/div>          <\/div>        <\/div>                        <\/a>              <\/div>            <div class=\"bwg-item\">        <a class=\"bwg-a  bwg_lightbox\"  data-image-id=\"211\" href=\"https:\/\/www.mairie-villemur-sur-tarn.fr\/site\/wp-content\/uploads\/photo-gallery\/imported_from_media_libray\/191128_cantines_mme-Montariol-10-scaled_(1)_(1).jpg?bwg=1576766720\" data-elementor-open-lightbox=\"no\">                <div class=\"bwg-item0 \">          <div class=\"bwg-item1 \">            <div class=\"bwg-item2\">              <img decoding=\"async\" class=\"skip-lazy bwg_standart_thumb_img_0 \"                   data-id=\"211\"                   data-width=\"500\"                   data-height=\"333\"                   data-src=\"https:\/\/www.mairie-villemur-sur-tarn.fr\/site\/wp-content\/uploads\/photo-gallery\/imported_from_media_libray\/thumb\/191128_cantines_mme-Montariol-10-scaled_(1)_(1).jpg?bwg=1576766720\"                   src=\"https:\/\/www.mairie-villemur-sur-tarn.fr\/site\/wp-content\/uploads\/photo-gallery\/imported_from_media_libray\/thumb\/191128_cantines_mme-Montariol-10-scaled_(1)_(1).jpg?bwg=1576766720\"                   alt=\"Tartiflette au menu\"                   title=\"Tartiflette au menu\" \/>            <\/div>            <div class=\"\">                                                      <\/div>          <\/div>        <\/div>                        <\/a>              <\/div>            <div class=\"bwg-item\">        <a class=\"bwg-a  bwg_lightbox\"  data-image-id=\"210\" href=\"https:\/\/www.mairie-villemur-sur-tarn.fr\/site\/wp-content\/uploads\/photo-gallery\/imported_from_media_libray\/191128_cantines_mme-Montariol-16-scaled_(1).jpg?bwg=1576766720\" data-elementor-open-lightbox=\"no\">                <div class=\"bwg-item0 \">          <div class=\"bwg-item1 \">            <div class=\"bwg-item2\">              <img decoding=\"async\" class=\"skip-lazy bwg_standart_thumb_img_0 \"                   data-id=\"210\"                   data-width=\"500\"                   data-height=\"333\"                   data-src=\"https:\/\/www.mairie-villemur-sur-tarn.fr\/site\/wp-content\/uploads\/photo-gallery\/imported_from_media_libray\/thumb\/191128_cantines_mme-Montariol-16-scaled_(1).jpg?bwg=1576766720\"                   src=\"https:\/\/www.mairie-villemur-sur-tarn.fr\/site\/wp-content\/uploads\/photo-gallery\/imported_from_media_libray\/thumb\/191128_cantines_mme-Montariol-16-scaled_(1).jpg?bwg=1576766720\"                   alt=\"Livraison du jour. \"                   title=\"Livraison du jour. \" \/>            <\/div>            <div class=\"\">                                                      <\/div>          <\/div>        <\/div>                        <\/a>              <\/div>            <div class=\"bwg-item\">        <a class=\"bwg-a  bwg_lightbox\"  data-image-id=\"209\" href=\"https:\/\/www.mairie-villemur-sur-tarn.fr\/site\/wp-content\/uploads\/photo-gallery\/imported_from_media_libray\/191128_cantines_mme-Montariol-25-scaled_(1).jpg?bwg=1576766720\" data-elementor-open-lightbox=\"no\">                <div class=\"bwg-item0 \">          <div class=\"bwg-item1 \">            <div class=\"bwg-item2\">              <img decoding=\"async\" class=\"skip-lazy bwg_standart_thumb_img_0 \"                   data-id=\"209\"                   data-width=\"333\"                   data-height=\"500\"                   data-src=\"https:\/\/www.mairie-villemur-sur-tarn.fr\/site\/wp-content\/uploads\/photo-gallery\/imported_from_media_libray\/thumb\/191128_cantines_mme-Montariol-25-scaled_(1).jpg?bwg=1576766720\"                   src=\"https:\/\/www.mairie-villemur-sur-tarn.fr\/site\/wp-content\/uploads\/photo-gallery\/imported_from_media_libray\/thumb\/191128_cantines_mme-Montariol-25-scaled_(1).jpg?bwg=1576766720\"                   alt=\"Le logiciel E-pack hygi\u00e8ne permet d&#039;am\u00e9liorer la tra\u00e7abilit\u00e9 des produits.\"                   title=\"Le logiciel E-pack hygi\u00e8ne permet d&#039;am\u00e9liorer la tra\u00e7abilit\u00e9 des produits.\" \/>            <\/div>            <div class=\"\">                                                      <\/div>          <\/div>        <\/div>                        <\/a>              <\/div>            <div class=\"bwg-item\">        <a class=\"bwg-a  bwg_lightbox\"  data-image-id=\"208\" href=\"https:\/\/www.mairie-villemur-sur-tarn.fr\/site\/wp-content\/uploads\/photo-gallery\/imported_from_media_libray\/191128_cantines_mme-Montariol-29-scaled_(1).jpg?bwg=1576766720\" data-elementor-open-lightbox=\"no\">                <div class=\"bwg-item0 \">          <div class=\"bwg-item1 \">            <div class=\"bwg-item2\">              <img decoding=\"async\" class=\"skip-lazy bwg_standart_thumb_img_0 \"                   data-id=\"208\"                   data-width=\"500\"                   data-height=\"333\"                   data-src=\"https:\/\/www.mairie-villemur-sur-tarn.fr\/site\/wp-content\/uploads\/photo-gallery\/imported_from_media_libray\/thumb\/191128_cantines_mme-Montariol-29-scaled_(1).jpg?bwg=1576766720\"                   src=\"https:\/\/www.mairie-villemur-sur-tarn.fr\/site\/wp-content\/uploads\/photo-gallery\/imported_from_media_libray\/thumb\/191128_cantines_mme-Montariol-29-scaled_(1).jpg?bwg=1576766720\"                   alt=\"Michelle et Laure calculent les quantit\u00e9s de pr\u00e9paration pour les fars bretons du lendemain.\"                   title=\"Michelle et Laure calculent les quantit\u00e9s de pr\u00e9paration pour les fars bretons du lendemain.\" \/>            <\/div>            <div class=\"\">                                                      <\/div>          <\/div>        <\/div>                        <\/a>              <\/div>            <div class=\"bwg-item\">        <a class=\"bwg-a  bwg_lightbox\"  data-image-id=\"207\" href=\"https:\/\/www.mairie-villemur-sur-tarn.fr\/site\/wp-content\/uploads\/photo-gallery\/imported_from_media_libray\/191128_cantines_mme-Montariol-33-scaled_(1).jpg?bwg=1576766720\" data-elementor-open-lightbox=\"no\">                <div class=\"bwg-item0 \">          <div class=\"bwg-item1 \">            <div class=\"bwg-item2\">              <img decoding=\"async\" class=\"skip-lazy bwg_standart_thumb_img_0 \"                   data-id=\"207\"                   data-width=\"333\"                   data-height=\"500\"                   data-src=\"https:\/\/www.mairie-villemur-sur-tarn.fr\/site\/wp-content\/uploads\/photo-gallery\/imported_from_media_libray\/thumb\/191128_cantines_mme-Montariol-33-scaled_(1).jpg?bwg=1576766720\"                   src=\"https:\/\/www.mairie-villemur-sur-tarn.fr\/site\/wp-content\/uploads\/photo-gallery\/imported_from_media_libray\/thumb\/191128_cantines_mme-Montariol-33-scaled_(1).jpg?bwg=1576766720\"                   alt=\"Mixeur grand format ... il faut 48 litres de pr\u00e9paration pour les fars bretons. \"                   title=\"Mixeur grand format ... il faut 48 litres de pr\u00e9paration pour les fars bretons. \" \/>            <\/div>            <div class=\"\">                                                      <\/div>          <\/div>        <\/div>                        <\/a>              <\/div>            <div class=\"bwg-item\">        <a class=\"bwg-a  bwg_lightbox\"  data-image-id=\"206\" href=\"https:\/\/www.mairie-villemur-sur-tarn.fr\/site\/wp-content\/uploads\/photo-gallery\/imported_from_media_libray\/191128_cantines_mme-Montariol-35-scaled_(1).jpg?bwg=1576766720\" data-elementor-open-lightbox=\"no\">                <div class=\"bwg-item0 \">          <div class=\"bwg-item1 \">            <div class=\"bwg-item2\">              <img decoding=\"async\" class=\"skip-lazy bwg_standart_thumb_img_0 \"                   data-id=\"206\"                   data-width=\"333\"                   data-height=\"500\"                   data-src=\"https:\/\/www.mairie-villemur-sur-tarn.fr\/site\/wp-content\/uploads\/photo-gallery\/imported_from_media_libray\/thumb\/191128_cantines_mme-Montariol-35-scaled_(1).jpg?bwg=1576766720\"                   src=\"https:\/\/www.mairie-villemur-sur-tarn.fr\/site\/wp-content\/uploads\/photo-gallery\/imported_from_media_libray\/thumb\/191128_cantines_mme-Montariol-35-scaled_(1).jpg?bwg=1576766720\"                   alt=\"M\u00eame l&#039;ouvre-bo\u00eete est g\u00e9ant !\"                   title=\"M\u00eame l&#039;ouvre-bo\u00eete est g\u00e9ant !\" \/>            <\/div>            <div class=\"\">                                                      <\/div>          <\/div>        <\/div>                        <\/a>              <\/div>            <div class=\"bwg-item\">        <a class=\"bwg-a  bwg_lightbox\"  data-image-id=\"205\" href=\"https:\/\/www.mairie-villemur-sur-tarn.fr\/site\/wp-content\/uploads\/photo-gallery\/imported_from_media_libray\/191128_cantines_mme-Montariol-38-scaled_(1).jpg?bwg=1576766720\" data-elementor-open-lightbox=\"no\">                <div class=\"bwg-item0 \">          <div class=\"bwg-item1 \">            <div class=\"bwg-item2\">              <img decoding=\"async\" class=\"skip-lazy bwg_standart_thumb_img_0 \"                   data-id=\"205\"                   data-width=\"500\"                   data-height=\"333\"                   data-src=\"https:\/\/www.mairie-villemur-sur-tarn.fr\/site\/wp-content\/uploads\/photo-gallery\/imported_from_media_libray\/thumb\/191128_cantines_mme-Montariol-38-scaled_(1).jpg?bwg=1576766720\"                   src=\"https:\/\/www.mairie-villemur-sur-tarn.fr\/site\/wp-content\/uploads\/photo-gallery\/imported_from_media_libray\/thumb\/191128_cantines_mme-Montariol-38-scaled_(1).jpg?bwg=1576766720\"                   alt=\"Laure verse la compote bio dans des gobelets en carton recyclable. \"                   title=\"Laure verse la compote bio dans des gobelets en carton recyclable. \" \/>            <\/div>            <div class=\"\">                                                      <\/div>          <\/div>        <\/div>                        <\/a>              <\/div>            <div class=\"bwg-item\">        <a class=\"bwg-a  bwg_lightbox\"  data-image-id=\"204\" href=\"https:\/\/www.mairie-villemur-sur-tarn.fr\/site\/wp-content\/uploads\/photo-gallery\/imported_from_media_libray\/191128_cantines_mme-Montariol-42-scaled_(1).jpg?bwg=1576766720\" data-elementor-open-lightbox=\"no\">                <div class=\"bwg-item0 \">          <div class=\"bwg-item1 \">            <div class=\"bwg-item2\">              <img decoding=\"async\" class=\"skip-lazy bwg_standart_thumb_img_0 \"                   data-id=\"204\"                   data-width=\"500\"                   data-height=\"333\"                   data-src=\"https:\/\/www.mairie-villemur-sur-tarn.fr\/site\/wp-content\/uploads\/photo-gallery\/imported_from_media_libray\/thumb\/191128_cantines_mme-Montariol-42-scaled_(1).jpg?bwg=1576766720\"                   src=\"https:\/\/www.mairie-villemur-sur-tarn.fr\/site\/wp-content\/uploads\/photo-gallery\/imported_from_media_libray\/thumb\/191128_cantines_mme-Montariol-42-scaled_(1).jpg?bwg=1576766720\"                   alt=\"Michelle et Mme Montariol \u00e9laborent les fars bretons. \"                   title=\"Michelle et Mme Montariol \u00e9laborent les fars bretons. \" \/>            <\/div>            <div class=\"\">                                                      <\/div>          <\/div>        <\/div>                        <\/a>              <\/div>            <div class=\"bwg-item\">        <a class=\"bwg-a  bwg_lightbox\"  data-image-id=\"203\" href=\"https:\/\/www.mairie-villemur-sur-tarn.fr\/site\/wp-content\/uploads\/photo-gallery\/imported_from_media_libray\/191128_cantines_mme-Montariol-45-scaled_(1).jpg?bwg=1576766720\" data-elementor-open-lightbox=\"no\">                <div class=\"bwg-item0 \">          <div class=\"bwg-item1 \">            <div class=\"bwg-item2\">              <img decoding=\"async\" class=\"skip-lazy bwg_standart_thumb_img_0 \"                   data-id=\"203\"                   data-width=\"500\"                   data-height=\"333\"                   data-src=\"https:\/\/www.mairie-villemur-sur-tarn.fr\/site\/wp-content\/uploads\/photo-gallery\/imported_from_media_libray\/thumb\/191128_cantines_mme-Montariol-45-scaled_(1).jpg?bwg=1576766720\"                   src=\"https:\/\/www.mairie-villemur-sur-tarn.fr\/site\/wp-content\/uploads\/photo-gallery\/imported_from_media_libray\/thumb\/191128_cantines_mme-Montariol-45-scaled_(1).jpg?bwg=1576766720\"                   alt=\"Mme Montariol nettoie la plaque de cuisson. \"                   title=\"Mme Montariol nettoie la plaque de cuisson. \" \/>            <\/div>            <div class=\"\">                                                      <\/div>          <\/div>        <\/div>                        <\/a>              <\/div>            <div class=\"bwg-item\">        <a class=\"bwg-a  bwg_lightbox\"  data-image-id=\"202\" href=\"https:\/\/www.mairie-villemur-sur-tarn.fr\/site\/wp-content\/uploads\/photo-gallery\/imported_from_media_libray\/191128_cantines_mme-Montariol-50-scaled_(1).jpg?bwg=1576766720\" data-elementor-open-lightbox=\"no\">                <div class=\"bwg-item0 \">          <div class=\"bwg-item1 \">            <div class=\"bwg-item2\">              <img decoding=\"async\" class=\"skip-lazy bwg_standart_thumb_img_0 \"                   data-id=\"202\"                   data-width=\"333\"                   data-height=\"500\"                   data-src=\"https:\/\/www.mairie-villemur-sur-tarn.fr\/site\/wp-content\/uploads\/photo-gallery\/imported_from_media_libray\/thumb\/191128_cantines_mme-Montariol-50-scaled_(1).jpg?bwg=1576766720\"                   src=\"https:\/\/www.mairie-villemur-sur-tarn.fr\/site\/wp-content\/uploads\/photo-gallery\/imported_from_media_libray\/thumb\/191128_cantines_mme-Montariol-50-scaled_(1).jpg?bwg=1576766720\"                   alt=\"L&#039;\u00e9vacuation se fait directement sous le sol de la cuisine. \"                   title=\"L&#039;\u00e9vacuation se fait directement sous le sol de la cuisine. \" \/>            <\/div>            <div class=\"\">                                                      <\/div>          <\/div>        <\/div>                        <\/a>              <\/div>            <div class=\"bwg-item\">        <a class=\"bwg-a  bwg_lightbox\"  data-image-id=\"201\" href=\"https:\/\/www.mairie-villemur-sur-tarn.fr\/site\/wp-content\/uploads\/photo-gallery\/imported_from_media_libray\/191128_cantines_mme-Montariol-51-scaled_(1).jpg?bwg=1576766720\" data-elementor-open-lightbox=\"no\">                <div class=\"bwg-item0 \">          <div class=\"bwg-item1 \">            <div class=\"bwg-item2\">              <img decoding=\"async\" class=\"skip-lazy bwg_standart_thumb_img_0 \"                   data-id=\"201\"                   data-width=\"500\"                   data-height=\"333\"                   data-src=\"https:\/\/www.mairie-villemur-sur-tarn.fr\/site\/wp-content\/uploads\/photo-gallery\/imported_from_media_libray\/thumb\/191128_cantines_mme-Montariol-51-scaled_(1).jpg?bwg=1576766720\"                   src=\"https:\/\/www.mairie-villemur-sur-tarn.fr\/site\/wp-content\/uploads\/photo-gallery\/imported_from_media_libray\/thumb\/191128_cantines_mme-Montariol-51-scaled_(1).jpg?bwg=1576766720\"                   alt=\"Lucie lave puis essore la salade du jour dans une machine de la taille d&#039;un lave-linge. \"                   title=\"Lucie lave puis essore la salade du jour dans une machine de la taille d&#039;un lave-linge. \" \/>            <\/div>            <div class=\"\">                                                      <\/div>          <\/div>        <\/div>                        <\/a>              <\/div>            <div class=\"bwg-item\">        <a class=\"bwg-a  bwg_lightbox\"  data-image-id=\"200\" href=\"https:\/\/www.mairie-villemur-sur-tarn.fr\/site\/wp-content\/uploads\/photo-gallery\/imported_from_media_libray\/191128_cantines_mme-Montariol-57-scaled_(1).jpg?bwg=1576766720\" data-elementor-open-lightbox=\"no\">                <div class=\"bwg-item0 \">          <div class=\"bwg-item1 \">            <div class=\"bwg-item2\">              <img decoding=\"async\" class=\"skip-lazy bwg_standart_thumb_img_0 \"                   data-id=\"200\"                   data-width=\"500\"                   data-height=\"333\"                   data-src=\"https:\/\/www.mairie-villemur-sur-tarn.fr\/site\/wp-content\/uploads\/photo-gallery\/imported_from_media_libray\/thumb\/191128_cantines_mme-Montariol-57-scaled_(1).jpg?bwg=1576766720\"                   src=\"https:\/\/www.mairie-villemur-sur-tarn.fr\/site\/wp-content\/uploads\/photo-gallery\/imported_from_media_libray\/thumb\/191128_cantines_mme-Montariol-57-scaled_(1).jpg?bwg=1576766720\"                   alt=\"Les tartiflettes sont cuite. Des portions sont pr\u00e9lev\u00e9es pour que les quantit\u00e9s envoy\u00e9es \u00e0 l&#039;\u00e9cole Anatole France soient au plus juste. \"                   title=\"Les tartiflettes sont cuite. Des portions sont pr\u00e9lev\u00e9es pour que les quantit\u00e9s envoy\u00e9es \u00e0 l&#039;\u00e9cole Anatole France soient au plus juste. \" \/>            <\/div>            <div class=\"\">                                                      <\/div>          <\/div>        <\/div>                        <\/a>              <\/div>            <div class=\"bwg-item\">        <a class=\"bwg-a  bwg_lightbox\"  data-image-id=\"199\" href=\"https:\/\/www.mairie-villemur-sur-tarn.fr\/site\/wp-content\/uploads\/photo-gallery\/imported_from_media_libray\/191128_cantines_mme-Montariol-65-scaled_(1).jpg?bwg=1576766720\" data-elementor-open-lightbox=\"no\">                <div class=\"bwg-item0 \">          <div class=\"bwg-item1 \">            <div class=\"bwg-item2\">              <img decoding=\"async\" class=\"skip-lazy bwg_standart_thumb_img_0 \"                   data-id=\"199\"                   data-width=\"500\"                   data-height=\"333\"                   data-src=\"https:\/\/www.mairie-villemur-sur-tarn.fr\/site\/wp-content\/uploads\/photo-gallery\/imported_from_media_libray\/thumb\/191128_cantines_mme-Montariol-65-scaled_(1).jpg?bwg=1576766720\"                   src=\"https:\/\/www.mairie-villemur-sur-tarn.fr\/site\/wp-content\/uploads\/photo-gallery\/imported_from_media_libray\/thumb\/191128_cantines_mme-Montariol-65-scaled_(1).jpg?bwg=1576766720\"                   alt=\"Mme Montariol passe une commande. \"                   title=\"Mme Montariol passe une commande. \" \/>            <\/div>            <div class=\"\">                                                      <\/div>          <\/div>        <\/div>                        <\/a>              <\/div>            <div class=\"bwg-item\">        <a class=\"bwg-a  bwg_lightbox\"  data-image-id=\"198\" href=\"https:\/\/www.mairie-villemur-sur-tarn.fr\/site\/wp-content\/uploads\/photo-gallery\/imported_from_media_libray\/191128_cantines_mme-Montariol-68-scaled_(1).jpg?bwg=1576766720\" data-elementor-open-lightbox=\"no\">                <div class=\"bwg-item0 \">          <div class=\"bwg-item1 \">            <div class=\"bwg-item2\">              <img decoding=\"async\" class=\"skip-lazy bwg_standart_thumb_img_0 \"                   data-id=\"198\"                   data-width=\"500\"                   data-height=\"333\"                   data-src=\"https:\/\/www.mairie-villemur-sur-tarn.fr\/site\/wp-content\/uploads\/photo-gallery\/imported_from_media_libray\/thumb\/191128_cantines_mme-Montariol-68-scaled_(1).jpg?bwg=1576766720\"                   src=\"https:\/\/www.mairie-villemur-sur-tarn.fr\/site\/wp-content\/uploads\/photo-gallery\/imported_from_media_libray\/thumb\/191128_cantines_mme-Montariol-68-scaled_(1).jpg?bwg=1576766720\"                   alt=\"Avec le Black Friday, Mme Montariol a pu b\u00e9n\u00e9ficier de promotions ! \"                   title=\"Avec le Black Friday, Mme Montariol a pu b\u00e9n\u00e9ficier de promotions ! \" \/>            <\/div>            <div class=\"\">                                                      <\/div>          <\/div>        <\/div>                        <\/a>              <\/div>            <div class=\"bwg-item\">        <a class=\"bwg-a  bwg_lightbox\"  data-image-id=\"197\" href=\"https:\/\/www.mairie-villemur-sur-tarn.fr\/site\/wp-content\/uploads\/photo-gallery\/imported_from_media_libray\/191128_cantines_mme-Montariol-69-scaled_(1).jpg?bwg=1576766720\" data-elementor-open-lightbox=\"no\">                <div class=\"bwg-item0 \">          <div class=\"bwg-item1 \">            <div class=\"bwg-item2\">              <img decoding=\"async\" class=\"skip-lazy bwg_standart_thumb_img_0 \"                   data-id=\"197\"                   data-width=\"500\"                   data-height=\"333\"                   data-src=\"https:\/\/www.mairie-villemur-sur-tarn.fr\/site\/wp-content\/uploads\/photo-gallery\/imported_from_media_libray\/thumb\/191128_cantines_mme-Montariol-69-scaled_(1).jpg?bwg=1576766720\"                   src=\"https:\/\/www.mairie-villemur-sur-tarn.fr\/site\/wp-content\/uploads\/photo-gallery\/imported_from_media_libray\/thumb\/191128_cantines_mme-Montariol-69-scaled_(1).jpg?bwg=1576766720\"                   alt=\"Les tartiflettes sont cuites\"                   title=\"Les tartiflettes sont cuites\" \/>            <\/div>            <div class=\"\">                                                      <\/div>          <\/div>        <\/div>                        <\/a>              <\/div>            <div class=\"bwg-item\">        <a class=\"bwg-a  bwg_lightbox\"  data-image-id=\"196\" href=\"https:\/\/www.mairie-villemur-sur-tarn.fr\/site\/wp-content\/uploads\/photo-gallery\/imported_from_media_libray\/191128_cantines_mme-Montariol-70-scaled_(1).jpg?bwg=1576766720\" data-elementor-open-lightbox=\"no\">                <div class=\"bwg-item0 \">          <div class=\"bwg-item1 \">            <div class=\"bwg-item2\">              <img decoding=\"async\" class=\"skip-lazy bwg_standart_thumb_img_0 \"                   data-id=\"196\"                   data-width=\"500\"                   data-height=\"333\"                   data-src=\"https:\/\/www.mairie-villemur-sur-tarn.fr\/site\/wp-content\/uploads\/photo-gallery\/imported_from_media_libray\/thumb\/191128_cantines_mme-Montariol-70-scaled_(1).jpg?bwg=1576766720\"                   src=\"https:\/\/www.mairie-villemur-sur-tarn.fr\/site\/wp-content\/uploads\/photo-gallery\/imported_from_media_libray\/thumb\/191128_cantines_mme-Montariol-70-scaled_(1).jpg?bwg=1576766720\"                   alt=\"Quelques steaks hach\u00e9s pour ceux qui ne mangeraient pas de tartiflette. \"                   title=\"Quelques steaks hach\u00e9s pour ceux qui ne mangeraient pas de tartiflette. \" \/>            <\/div>            <div class=\"\">                                                      <\/div>          <\/div>        <\/div>                        <\/a>              <\/div>            <div class=\"bwg-item\">        <a class=\"bwg-a  bwg_lightbox\"  data-image-id=\"195\" href=\"https:\/\/www.mairie-villemur-sur-tarn.fr\/site\/wp-content\/uploads\/photo-gallery\/imported_from_media_libray\/191128_cantines_mme-Montariol-73-scaled_(1).jpg?bwg=1576766720\" data-elementor-open-lightbox=\"no\">                <div class=\"bwg-item0 \">          <div class=\"bwg-item1 \">            <div class=\"bwg-item2\">              <img decoding=\"async\" class=\"skip-lazy bwg_standart_thumb_img_0 \"                   data-id=\"195\"                   data-width=\"333\"                   data-height=\"500\"                   data-src=\"https:\/\/www.mairie-villemur-sur-tarn.fr\/site\/wp-content\/uploads\/photo-gallery\/imported_from_media_libray\/thumb\/191128_cantines_mme-Montariol-73-scaled_(1).jpg?bwg=1576766720\"                   src=\"https:\/\/www.mairie-villemur-sur-tarn.fr\/site\/wp-content\/uploads\/photo-gallery\/imported_from_media_libray\/thumb\/191128_cantines_mme-Montariol-73-scaled_(1).jpg?bwg=1576766720\"                   alt=\"Le tout doit \u00eatre maintenu au chaud jusqu&#039;au moment du service. \"                   title=\"Le tout doit \u00eatre maintenu au chaud jusqu&#039;au moment du service. \" \/>            <\/div>            <div class=\"\">                                                      <\/div>          <\/div>        <\/div>                        <\/a>              <\/div>            <div class=\"bwg-item\">        <a class=\"bwg-a  bwg_lightbox\"  data-image-id=\"194\" href=\"https:\/\/www.mairie-villemur-sur-tarn.fr\/site\/wp-content\/uploads\/photo-gallery\/imported_from_media_libray\/191128_cantines_mme-Montariol-75-scaled_(1).jpg?bwg=1576766719\" data-elementor-open-lightbox=\"no\">                <div class=\"bwg-item0 \">          <div class=\"bwg-item1 \">            <div class=\"bwg-item2\">              <img decoding=\"async\" class=\"skip-lazy bwg_standart_thumb_img_0 \"                   data-id=\"194\"                   data-width=\"333\"                   data-height=\"500\"                   data-src=\"https:\/\/www.mairie-villemur-sur-tarn.fr\/site\/wp-content\/uploads\/photo-gallery\/imported_from_media_libray\/thumb\/191128_cantines_mme-Montariol-75-scaled_(1).jpg?bwg=1576766719\"                   src=\"https:\/\/www.mairie-villemur-sur-tarn.fr\/site\/wp-content\/uploads\/photo-gallery\/imported_from_media_libray\/thumb\/191128_cantines_mme-Montariol-75-scaled_(1).jpg?bwg=1576766719\"                   alt=\"Les barquettes individuelles de salade sont pr\u00eates\"                   title=\"Les barquettes individuelles de salade sont pr\u00eates\" \/>            <\/div>            <div class=\"\">                                                      <\/div>          <\/div>        <\/div>                        <\/a>              <\/div>            <div class=\"bwg-item\">        <a class=\"bwg-a  bwg_lightbox\"  data-image-id=\"193\" href=\"https:\/\/www.mairie-villemur-sur-tarn.fr\/site\/wp-content\/uploads\/photo-gallery\/imported_from_media_libray\/191128_cantines_mme-Montariol-79-scaled_(1).jpg?bwg=1576766719\" data-elementor-open-lightbox=\"no\">                <div class=\"bwg-item0 \">          <div class=\"bwg-item1 \">            <div class=\"bwg-item2\">              <img decoding=\"async\" class=\"skip-lazy bwg_standart_thumb_img_0 \"                   data-id=\"193\"                   data-width=\"500\"                   data-height=\"333\"                   data-src=\"https:\/\/www.mairie-villemur-sur-tarn.fr\/site\/wp-content\/uploads\/photo-gallery\/imported_from_media_libray\/thumb\/191128_cantines_mme-Montariol-79-scaled_(1).jpg?bwg=1576766719\"                   src=\"https:\/\/www.mairie-villemur-sur-tarn.fr\/site\/wp-content\/uploads\/photo-gallery\/imported_from_media_libray\/thumb\/191128_cantines_mme-Montariol-79-scaled_(1).jpg?bwg=1576766719\"                   alt=\"Pour les maternelles, des saladiers sont pr\u00e9par\u00e9s pour chaque table.\"                   title=\"Pour les maternelles, des saladiers sont pr\u00e9par\u00e9s pour chaque table.\" \/>            <\/div>            <div class=\"\">                                                      <\/div>          <\/div>        <\/div>                        <\/a>              <\/div>            <div class=\"bwg-item\">        <a class=\"bwg-a  bwg_lightbox\"  data-image-id=\"192\" href=\"https:\/\/www.mairie-villemur-sur-tarn.fr\/site\/wp-content\/uploads\/photo-gallery\/imported_from_media_libray\/191128_cantines_mme-Montariol-80-scaled_(1).jpg?bwg=1576766719\" data-elementor-open-lightbox=\"no\">                <div class=\"bwg-item0 \">          <div class=\"bwg-item1 \">            <div class=\"bwg-item2\">              <img decoding=\"async\" class=\"skip-lazy bwg_standart_thumb_img_0 \"                   data-id=\"192\"                   data-width=\"500\"                   data-height=\"333\"                   data-src=\"https:\/\/www.mairie-villemur-sur-tarn.fr\/site\/wp-content\/uploads\/photo-gallery\/imported_from_media_libray\/thumb\/191128_cantines_mme-Montariol-80-scaled_(1).jpg?bwg=1576766719\"                   src=\"https:\/\/www.mairie-villemur-sur-tarn.fr\/site\/wp-content\/uploads\/photo-gallery\/imported_from_media_libray\/thumb\/191128_cantines_mme-Montariol-80-scaled_(1).jpg?bwg=1576766719\"                   alt=\"Les saladiers sont pr\u00eats.\"                   title=\"Les saladiers sont pr\u00eats.\" \/>            <\/div>            <div class=\"\">                                                      <\/div>          <\/div>        <\/div>                        <\/a>              <\/div>            <div class=\"bwg-item\">        <a class=\"bwg-a  bwg_lightbox\"  data-image-id=\"191\" href=\"https:\/\/www.mairie-villemur-sur-tarn.fr\/site\/wp-content\/uploads\/photo-gallery\/imported_from_media_libray\/191128_cantines_mme-Montariol-85-scaled_(1).jpg?bwg=1576766719\" data-elementor-open-lightbox=\"no\">                <div class=\"bwg-item0 \">          <div class=\"bwg-item1 \">            <div class=\"bwg-item2\">              <img decoding=\"async\" class=\"skip-lazy bwg_standart_thumb_img_0 \"                   data-id=\"191\"                   data-width=\"333\"                   data-height=\"500\"                   data-src=\"https:\/\/www.mairie-villemur-sur-tarn.fr\/site\/wp-content\/uploads\/photo-gallery\/imported_from_media_libray\/thumb\/191128_cantines_mme-Montariol-85-scaled_(1).jpg?bwg=1576766719\"                   src=\"https:\/\/www.mairie-villemur-sur-tarn.fr\/site\/wp-content\/uploads\/photo-gallery\/imported_from_media_libray\/thumb\/191128_cantines_mme-Montariol-85-scaled_(1).jpg?bwg=1576766719\"                   alt=\"Les salades et compotes sont entrepos\u00e9es au frigo en attendant le service.\"                   title=\"Les salades et compotes sont entrepos\u00e9es au frigo en attendant le service.\" \/>            <\/div>            <div class=\"\">                                                      <\/div>          <\/div>        <\/div>                        <\/a>              <\/div>            <div class=\"bwg-item\">        <a class=\"bwg-a  bwg_lightbox\"  data-image-id=\"190\" href=\"https:\/\/www.mairie-villemur-sur-tarn.fr\/site\/wp-content\/uploads\/photo-gallery\/imported_from_media_libray\/191128_cantines_mme-Montariol-88-scaled_(1).jpg?bwg=1576766719\" data-elementor-open-lightbox=\"no\">                <div class=\"bwg-item0 \">          <div class=\"bwg-item1 \">            <div class=\"bwg-item2\">              <img decoding=\"async\" class=\"skip-lazy bwg_standart_thumb_img_0 \"                   data-id=\"190\"                   data-width=\"333\"                   data-height=\"500\"                   data-src=\"https:\/\/www.mairie-villemur-sur-tarn.fr\/site\/wp-content\/uploads\/photo-gallery\/imported_from_media_libray\/thumb\/191128_cantines_mme-Montariol-88-scaled_(1).jpg?bwg=1576766719\"                   src=\"https:\/\/www.mairie-villemur-sur-tarn.fr\/site\/wp-content\/uploads\/photo-gallery\/imported_from_media_libray\/thumb\/191128_cantines_mme-Montariol-88-scaled_(1).jpg?bwg=1576766719\"                   alt=\"Mme Montariol fait aussi la plonge. &quot;La r\u00e8gle, c&#039;est : celle qui salit nettoie!&quot;\"                   title=\"Mme Montariol fait aussi la plonge. &quot;La r\u00e8gle, c&#039;est : celle qui salit nettoie!&quot;\" \/>            <\/div>            <div class=\"\">                                                      <\/div>          <\/div>        <\/div>                        <\/a>              <\/div>            <div class=\"bwg-item\">        <a class=\"bwg-a  bwg_lightbox\"  data-image-id=\"189\" href=\"https:\/\/www.mairie-villemur-sur-tarn.fr\/site\/wp-content\/uploads\/photo-gallery\/imported_from_media_libray\/191128_cantines_mme-Montariol-92-scaled_(1).jpg?bwg=1576766719\" data-elementor-open-lightbox=\"no\">                <div class=\"bwg-item0 \">          <div class=\"bwg-item1 \">            <div class=\"bwg-item2\">              <img decoding=\"async\" class=\"skip-lazy bwg_standart_thumb_img_0 \"                   data-id=\"189\"                   data-width=\"500\"                   data-height=\"333\"                   data-src=\"https:\/\/www.mairie-villemur-sur-tarn.fr\/site\/wp-content\/uploads\/photo-gallery\/imported_from_media_libray\/thumb\/191128_cantines_mme-Montariol-92-scaled_(1).jpg?bwg=1576766719\"                   src=\"https:\/\/www.mairie-villemur-sur-tarn.fr\/site\/wp-content\/uploads\/photo-gallery\/imported_from_media_libray\/thumb\/191128_cantines_mme-Montariol-92-scaled_(1).jpg?bwg=1576766719\"                   alt=\"C&#039;est Lucie qui inscrit le menu du jour. \"                   title=\"C&#039;est Lucie qui inscrit le menu du jour. \" \/>            <\/div>            <div class=\"\">                                                      <\/div>          <\/div>        <\/div>                        <\/a>              <\/div>            <div class=\"bwg-item\">        <a class=\"bwg-a  bwg_lightbox\"  data-image-id=\"188\" href=\"https:\/\/www.mairie-villemur-sur-tarn.fr\/site\/wp-content\/uploads\/photo-gallery\/imported_from_media_libray\/191128_cantines_mme-Montariol-94-scaled_(1).jpg?bwg=1576766719\" data-elementor-open-lightbox=\"no\">                <div class=\"bwg-item0 \">          <div class=\"bwg-item1 \">            <div class=\"bwg-item2\">              <img decoding=\"async\" class=\"skip-lazy bwg_standart_thumb_img_0 \"                   data-id=\"188\"                   data-width=\"500\"                   data-height=\"333\"                   data-src=\"https:\/\/www.mairie-villemur-sur-tarn.fr\/site\/wp-content\/uploads\/photo-gallery\/imported_from_media_libray\/thumb\/191128_cantines_mme-Montariol-94-scaled_(1).jpg?bwg=1576766719\"                   src=\"https:\/\/www.mairie-villemur-sur-tarn.fr\/site\/wp-content\/uploads\/photo-gallery\/imported_from_media_libray\/thumb\/191128_cantines_mme-Montariol-94-scaled_(1).jpg?bwg=1576766719\"                   alt=\"Au menu : Salade verte, tartiflette, jambon d&#039;York et compote de pommes. \"                   title=\"Au menu : Salade verte, tartiflette, jambon d&#039;York et compote de pommes. \" \/>            <\/div>            <div class=\"\">                                                      <\/div>          <\/div>        <\/div>                        <\/a>              <\/div>            <div class=\"bwg-item\">        <a class=\"bwg-a  bwg_lightbox\"  data-image-id=\"182\" href=\"https:\/\/www.mairie-villemur-sur-tarn.fr\/site\/wp-content\/uploads\/photo-gallery\/imported_from_media_libray\/191128_cantines_mme-Montariol-108-scaled_(1).jpg?bwg=1576766719\" data-elementor-open-lightbox=\"no\">                <div class=\"bwg-item0 \">          <div class=\"bwg-item1 \">            <div class=\"bwg-item2\">              <img decoding=\"async\" class=\"skip-lazy bwg_standart_thumb_img_0 \"                   data-id=\"182\"                   data-width=\"500\"                   data-height=\"333\"                   data-src=\"https:\/\/www.mairie-villemur-sur-tarn.fr\/site\/wp-content\/uploads\/photo-gallery\/imported_from_media_libray\/thumb\/191128_cantines_mme-Montariol-108-scaled_(1).jpg?bwg=1576766719\"                   src=\"https:\/\/www.mairie-villemur-sur-tarn.fr\/site\/wp-content\/uploads\/photo-gallery\/imported_from_media_libray\/thumb\/191128_cantines_mme-Montariol-108-scaled_(1).jpg?bwg=1576766719\"                   alt=\"A 11h, Virginie commence \u00e0 dresser les tables pour les \u00e9l\u00e8ves de maternelle, encore trop petits pour se servir seuls au self. \"                   title=\"A 11h, Virginie commence \u00e0 dresser les tables pour les \u00e9l\u00e8ves de maternelle, encore trop petits pour se servir seuls au self. \" \/>            <\/div>            <div class=\"\">                                                      <\/div>          <\/div>        <\/div>                        <\/a>              <\/div>            <div class=\"bwg-item\">        <a class=\"bwg-a  bwg_lightbox\"  data-image-id=\"186\" href=\"https:\/\/www.mairie-villemur-sur-tarn.fr\/site\/wp-content\/uploads\/photo-gallery\/imported_from_media_libray\/191128_cantines_mme-Montariol-97-scaled_(1).jpg?bwg=1576766719\" data-elementor-open-lightbox=\"no\">                <div class=\"bwg-item0 \">          <div class=\"bwg-item1 \">            <div class=\"bwg-item2\">              <img decoding=\"async\" class=\"skip-lazy bwg_standart_thumb_img_0 \"                   data-id=\"186\"                   data-width=\"500\"                   data-height=\"333\"                   data-src=\"https:\/\/www.mairie-villemur-sur-tarn.fr\/site\/wp-content\/uploads\/photo-gallery\/imported_from_media_libray\/thumb\/191128_cantines_mme-Montariol-97-scaled_(1).jpg?bwg=1576766719\"                   src=\"https:\/\/www.mairie-villemur-sur-tarn.fr\/site\/wp-content\/uploads\/photo-gallery\/imported_from_media_libray\/thumb\/191128_cantines_mme-Montariol-97-scaled_(1).jpg?bwg=1576766719\"                   alt=\"C&#039;est Lucie et Michelle qui ont d\u00e9cor\u00e9 le r\u00e9fectoire pour No\u00ebl. \"                   title=\"C&#039;est Lucie et Michelle qui ont d\u00e9cor\u00e9 le r\u00e9fectoire pour No\u00ebl. \" \/>            <\/div>            <div class=\"\">                                                      <\/div>          <\/div>        <\/div>                        <\/a>              <\/div>            <div class=\"bwg-item\">        <a class=\"bwg-a  bwg_lightbox\"  data-image-id=\"179\" href=\"https:\/\/www.mairie-villemur-sur-tarn.fr\/site\/wp-content\/uploads\/photo-gallery\/imported_from_media_libray\/191128_cantines_mme-Montariol-114-scaled_(1).jpg?bwg=1576766719\" data-elementor-open-lightbox=\"no\">                <div class=\"bwg-item0 \">          <div class=\"bwg-item1 \">            <div class=\"bwg-item2\">              <img decoding=\"async\" class=\"skip-lazy bwg_standart_thumb_img_0 \"                   data-id=\"179\"                   data-width=\"500\"                   data-height=\"333\"                   data-src=\"https:\/\/www.mairie-villemur-sur-tarn.fr\/site\/wp-content\/uploads\/photo-gallery\/imported_from_media_libray\/thumb\/191128_cantines_mme-Montariol-114-scaled_(1).jpg?bwg=1576766719\"                   src=\"https:\/\/www.mairie-villemur-sur-tarn.fr\/site\/wp-content\/uploads\/photo-gallery\/imported_from_media_libray\/thumb\/191128_cantines_mme-Montariol-114-scaled_(1).jpg?bwg=1576766719\"                   alt=\"191128_cantines_mme Montariol (114)\"                   title=\"191128_cantines_mme Montariol (114)\" \/>            <\/div>            <div class=\"\">                                                      <\/div>          <\/div>        <\/div>                        <\/a>              <\/div>            <div class=\"bwg-item\">        <a class=\"bwg-a  bwg_lightbox\"  data-image-id=\"178\" href=\"https:\/\/www.mairie-villemur-sur-tarn.fr\/site\/wp-content\/uploads\/photo-gallery\/imported_from_media_libray\/191128_cantines_mme-Montariol-116-scaled_(1).jpg?bwg=1576766719\" data-elementor-open-lightbox=\"no\">                <div class=\"bwg-item0 \">          <div class=\"bwg-item1 \">            <div class=\"bwg-item2\">              <img decoding=\"async\" class=\"skip-lazy bwg_standart_thumb_img_0 \"                   data-id=\"178\"                   data-width=\"500\"                   data-height=\"333\"                   data-src=\"https:\/\/www.mairie-villemur-sur-tarn.fr\/site\/wp-content\/uploads\/photo-gallery\/imported_from_media_libray\/thumb\/191128_cantines_mme-Montariol-116-scaled_(1).jpg?bwg=1576766719\"                   src=\"https:\/\/www.mairie-villemur-sur-tarn.fr\/site\/wp-content\/uploads\/photo-gallery\/imported_from_media_libray\/thumb\/191128_cantines_mme-Montariol-116-scaled_(1).jpg?bwg=1576766719\"                   alt=\"191128_cantines_mme Montariol (116)\"                   title=\"191128_cantines_mme Montariol (116)\" \/>            <\/div>            <div class=\"\">                                                      <\/div>          <\/div>        <\/div>                        <\/a>              <\/div>            <div class=\"bwg-item\">        <a class=\"bwg-a  bwg_lightbox\"  data-image-id=\"185\" href=\"https:\/\/www.mairie-villemur-sur-tarn.fr\/site\/wp-content\/uploads\/photo-gallery\/imported_from_media_libray\/191128_cantines_mme-Montariol-100-scaled_(1).jpg?bwg=1576766719\" data-elementor-open-lightbox=\"no\">                <div class=\"bwg-item0 \">          <div class=\"bwg-item1 \">            <div class=\"bwg-item2\">              <img decoding=\"async\" class=\"skip-lazy bwg_standart_thumb_img_0 \"                   data-id=\"185\"                   data-width=\"500\"                   data-height=\"333\"                   data-src=\"https:\/\/www.mairie-villemur-sur-tarn.fr\/site\/wp-content\/uploads\/photo-gallery\/imported_from_media_libray\/thumb\/191128_cantines_mme-Montariol-100-scaled_(1).jpg?bwg=1576766719\"                   src=\"https:\/\/www.mairie-villemur-sur-tarn.fr\/site\/wp-content\/uploads\/photo-gallery\/imported_from_media_libray\/thumb\/191128_cantines_mme-Montariol-100-scaled_(1).jpg?bwg=1576766719\"                   alt=\"Gr\u00e2ce \u00e0 une sonde, Lucie v\u00e9rifie la temp\u00e9rature des gratins avant de les apporter \u00e0 Anatole France. \"                   title=\"Gr\u00e2ce \u00e0 une sonde, Lucie v\u00e9rifie la temp\u00e9rature des gratins avant de les apporter \u00e0 Anatole France. \" \/>            <\/div>            <div class=\"\">                                                      <\/div>          <\/div>        <\/div>                        <\/a>              <\/div>          <\/div>    <style>      \/*pagination styles*\/      #bwg_container1_0 #bwg_container2_0 .tablenav-pages_0 {\t\t\t\ttext-align: center;\t\t\t\tfont-size: 12px;\t\t\t\tfont-family: Ubuntu;\t\t\t\tfont-weight: bold;\t\t\t\tcolor: #666666;\t\t\t\tmargin: 6px 0 4px;\t\t\t\tdisplay: block;      }      @media only screen and (max-width : 320px) {      #bwg_container1_0 #bwg_container2_0 .displaying-num_0 {     \t display: none;      }      }      #bwg_container1_0 #bwg_container2_0 .displaying-num_0 {\t\t\t\tfont-size: 12px;\t\t\t\tfont-family: Ubuntu;\t\t\t\tfont-weight: bold;\t\t\t\tcolor: #666666;\t\t\t\tmargin-right: 10px;\t\t\t\tvertical-align: middle;      }      #bwg_container1_0 #bwg_container2_0 .paging-input_0 {\t\t\t\tfont-size: 12px;\t\t\t\tfont-family: Ubuntu;\t\t\t\tfont-weight: bold;\t\t\t\tcolor: #666666;\t\t\t\tvertical-align: middle;      }      #bwg_container1_0 #bwg_container2_0 .tablenav-pages_0 a.disabled,      #bwg_container1_0 #bwg_container2_0 .tablenav-pages_0 a.disabled:hover,      #bwg_container1_0 #bwg_container2_0 .tablenav-pages_0 a.disabled:focus,\t\t\t#bwg_container1_0 #bwg_container2_0 .tablenav-pages_0 input.bwg_current_page {\t\t\t\tcursor: default;\t\t\t\tcolor: rgba(102, 102, 102, 0.5);      }      #bwg_container1_0 #bwg_container2_0 .tablenav-pages_0 a,      #bwg_container1_0 #bwg_container2_0 .tablenav-pages_0 input.bwg_current_page {\t\t\t\tcursor: pointer;\t\t\t\ttext-align: center;\t\t\t\tfont-size: 12px;\t\t\t\tfont-family: Ubuntu;\t\t\t\tfont-weight: bold;\t\t\t\tcolor: #666666;\t\t\t\ttext-decoration: none;\t\t\t\tpadding: 3px 6px;\t\t\t\tmargin: 0;\t\t\t\tborder-radius: 0;\t\t\t\tborder-style: solid;\t\t\t\tborder-width: 1px;\t\t\t\tborder-color: #E3E3E3;\t\t\t\t\t\t\t\tbackground-color: rgba(255, 255, 255, 1.00);\t\t\t\tbox-shadow: 0;\t\t\t\ttransition: all 0.3s ease 0s;-webkit-transition: all 0.3s ease 0s;      }      <\/style>      <span class=\"bwg_nav_cont_0\">              <div class=\"tablenav-pages_0\">                      <span class=\"pagination-links_0 pagination-links\" data-pages-count=\"2\">              <span class=\"pagination-links_col1\">              <a class=\"bwg-a first-page disabled\" title=\"Go to the first page\" >\u00ab<\/a>              <a class=\"bwg-a prev-page disabled\" title=\"Go to the previous page\" >\u2039<\/a>              <\/span>\t\t\t\t\t\t\t<span class=\"pagination-links_col2\">\t\t\t\t\t\t\t\t\t<input type=\"number\" class=\"bwg_current_page\" name=\"bwg_current_page\" value=\"1\" data-url-info=\"page_number_0\" onkeypress=\"return bwg_change_page_0(event, this)\" min=\"1\" oninput=\"validity.valid||(value='')\" \/>\t\t\t\t\t\t\t\t\t\tof\t\t\t\t\t\t\t\t\t\t<span class=\"total-pages_0\">\t\t\t\t\t\t\t\t\t\t\t2\t\t\t\t\t\t\t\t\t\t<\/span>\t\t\t\t\t\t\t<\/span>              <span class=\"pagination-links_col3\">                <a class=\"bwg-a next-page-0\" title=\"Go to the next page\" href=\"\/site\/wp-json\/wp\/v2\/posts\/7372?page_number_0=2\">\u203a<\/a>                <a class=\"bwg-a last-page-0\" title=\"Go to the last page\" href=\"\/site\/wp-json\/wp\/v2\/posts\/7372?page_number_0=2\">\u00bb<\/a>              <\/span>\t\t\t\t\t\t<\/span>\t\t\t\t\t\t        <\/div>                <input type=\"hidden\" id=\"page_number_0\" name=\"page_number_0\" value=\"1\" \/>      <script type=\"text\/javascript\">        if( jQuery('.bwg_nav_cont_0').length > 1 ) {          jQuery('.bwg_nav_cont_0').first().remove()        }        function spider_page_0(cur, x, y, load_more) {          if (typeof load_more == \"undefined\") {            var load_more = false;          }          if (jQuery(cur).hasClass('disabled')) {            return false;          }          var items_county_0 = 2;          switch (y) {            case 1:              if (x >= items_county_0) {                document.getElementById('page_number_0').value = items_county_0;              }              else {                document.getElementById('page_number_0').value = x + 1;              }              break;            case 2:              document.getElementById('page_number_0').value = items_county_0;              break;            case -1:              if (x == 1) {                document.getElementById('page_number_0').value = 1;              }              else {                document.getElementById('page_number_0').value = x - 1;              }              break;            case -2:              document.getElementById('page_number_0').value = 1;              break;\t\t\t\t\t\tcase 0:              document.getElementById('page_number_0').value = x;              break;            default:              document.getElementById('page_number_0').value = 1;          }          bwg_ajax('gal_front_form_0', '0', 'bwg_thumbnails_0', '0', '', 'gallery', 0, '', '', load_more, '', 1);        }                    jQuery('.first-page disabled').on('click', function () {              spider_page_0(this, 1, -2, 'numeric');              return false;            });            jQuery('.prev-page disabled').on('click', function () {              spider_page_0(this, 1, -1, 'numeric');              return false;            });            jQuery('.next-page-0').on('click', function () {              spider_page_0(this, 1, 1, 'numeric');              return false;            });            jQuery('.last-page-0').on('click', function () {              spider_page_0(this, 1, 2, 'numeric');              return false;            });        \t\t\t\t\/* Change page on input enter. *\/        function bwg_change_page_0( e, that ) {          if (  e.key == 'Enter' ) {            var to_page = parseInt(jQuery(that).val());            var pages_count = jQuery(that).parents(\".pagination-links\").data(\"pages-count\");            var current_url_param = jQuery(that).attr('data-url-info');            if (to_page > pages_count) {              to_page = 1;            }\t \t\t\t\t\t\t\t\t\t\t\t\tspider_page_0(this, to_page, 0, 'numeric');\t\t\t\t\t\t\treturn false;\t\t\t\t\t\t          }          return true;        }        jQuery('.bwg_load_btn_0').on('click', function () {            spider_page_0(this, 1, 1, true);            return false;        });      <\/script>      <\/span>                <\/div>        <\/form>        <style>          #bwg_container1_0 #bwg_container2_0 #spider_popup_overlay_0 {          background-color: #EEEEEE;          opacity: 0.60;          }          <\/style>        <div id=\"bwg_spider_popup_loading_0\" class=\"bwg_spider_popup_loading\"><\/div>        <div id=\"spider_popup_overlay_0\" class=\"spider_popup_overlay\" onclick=\"spider_destroypopup(1000)\"><\/div>        <input type=\"hidden\" id=\"bwg_random_seed_0\" value=\"150416257\">                <\/div>    <\/div>    <script>      if (document.readyState === 'complete') {        if( typeof bwg_main_ready == 'function' ) {          if ( jQuery(\"#bwg_container1_0\").height() ) {            bwg_main_ready(jQuery(\"#bwg_container1_0\"));          }        }      } else {        document.addEventListener('DOMContentLoaded', function() {          if( typeof bwg_main_ready == 'function' ) {            if ( jQuery(\"#bwg_container1_0\").height() ) {             bwg_main_ready(jQuery(\"#bwg_container1_0\"));            }          }        });      }    <\/script>    \n<hr \/>\n<h3><span style=\"color: #003366\">PLUS D&rsquo;INFOS<\/span><\/h3>\n<p><span style=\"color: #000000\"><strong>Comment sont \u00e9tablis les menus ? Quelle est la qualit\u00e9 des aliments ? Quelles sont les normes d&rsquo;hygi\u00e8ne ?\u00a0<\/strong><\/span><\/p>\n<p><a href=\"https:\/\/www.mairie-villemur-sur-tarn.fr\/site\/comment-fonctionne-la-cantine-de-vos-enfants\/\">Cliquez ici pour en savoir plus sur le fonctionnement de la cantine<\/a>\u00a0<em>(reportage r\u00e9alis\u00e9 en mars 2019)<\/em><\/p>\n<p>&nbsp;<\/p>\n","protected":false},"excerpt":{"rendered":"<p>Depuis 38 ans, elle \u0153uvre dans les cuisines de la cantine de Villemur. Responsable de la restauration scolaire depuis 1988, c\u2019est elle qui \u00e9tablit les menus de vos enfants en prenant soin qu\u2019ils soient \u00e9quilibr\u00e9s, s\u2019occupe des commandes, traque les promotions, s\u2019assure du respect de l\u2019hygi\u00e8ne et supervise, chaque jour, la confection de pr\u00e8s de [&hellip;]<\/p>\n","protected":false},"author":1,"featured_media":7557,"comment_status":"closed","ping_status":"open","sticky":false,"template":"","format":"standard","meta":{"_uag_custom_page_level_css":"","ngg_post_thumbnail":0,"footnotes":""},"categories":[1,50,48],"tags":[],"class_list":["post-7372","post","type-post","status-publish","format-standard","has-post-thumbnail","hentry","category-actualites","category-jeunesse","category-vos-services"],"yoast_head":"<!-- This site is optimized with the Yoast SEO plugin v27.5 - https:\/\/yoast.com\/product\/yoast-seo-wordpress\/ -->\n<title>Dominique Montariol : la chef cuisini\u00e8re de vos enfants ! - Mairie Villemur-sur-Tarn<\/title>\n<meta name=\"robots\" content=\"index, follow, max-snippet:-1, max-image-preview:large, max-video-preview:-1\" \/>\n<link rel=\"canonical\" href=\"https:\/\/www.mairie-villemur-sur-tarn.fr\/site\/dominique-montariol-la-chef-cuisiniere-de-vos-enfants\/\" \/>\n<meta property=\"og:locale\" content=\"fr_FR\" \/>\n<meta property=\"og:type\" content=\"article\" \/>\n<meta property=\"og:title\" content=\"Dominique Montariol : la chef cuisini\u00e8re de vos enfants ! - Mairie Villemur-sur-Tarn\" \/>\n<meta property=\"og:description\" content=\"Depuis 38 ans, elle \u0153uvre dans les cuisines de la cantine de Villemur. Responsable de la restauration scolaire depuis 1988, c\u2019est elle qui \u00e9tablit les menus de vos enfants en prenant soin qu\u2019ils soient \u00e9quilibr\u00e9s, s\u2019occupe des commandes, traque les promotions, s\u2019assure du respect de l\u2019hygi\u00e8ne et supervise, chaque jour, la confection de pr\u00e8s de [&hellip;]\" \/>\n<meta property=\"og:url\" content=\"https:\/\/www.mairie-villemur-sur-tarn.fr\/site\/dominique-montariol-la-chef-cuisiniere-de-vos-enfants\/\" \/>\n<meta property=\"og:site_name\" content=\"Mairie Villemur-sur-Tarn\" \/>\n<meta property=\"article:publisher\" content=\"https:\/\/www.facebook.com\/mairievillemursurtarn\" \/>\n<meta property=\"article:published_time\" content=\"2019-12-19T15:21:44+00:00\" \/>\n<meta property=\"article:modified_time\" content=\"2024-06-26T14:12:06+00:00\" \/>\n<meta property=\"og:image\" content=\"https:\/\/www.mairie-villemur-sur-tarn.fr\/site\/wp-content\/uploads\/2019\/12\/191128_cantines_mme-Montariol-192_ok.jpg\" \/>\n\t<meta property=\"og:image:width\" content=\"900\" \/>\n\t<meta property=\"og:image:height\" content=\"600\" \/>\n\t<meta property=\"og:image:type\" content=\"image\/jpeg\" \/>\n<meta name=\"author\" content=\"Mairie de Villemur-sur-Tarn\" \/>\n<meta name=\"twitter:card\" content=\"summary_large_image\" \/>\n<meta name=\"twitter:label1\" content=\"\u00c9crit par\" \/>\n\t<meta name=\"twitter:data1\" content=\"Mairie de Villemur-sur-Tarn\" \/>\n\t<meta name=\"twitter:label2\" content=\"Dur\u00e9e de lecture estim\u00e9e\" \/>\n\t<meta name=\"twitter:data2\" content=\"10 minutes\" \/>\n<script type=\"application\/ld+json\" class=\"yoast-schema-graph\">{\"@context\":\"https:\\\/\\\/schema.org\",\"@graph\":[{\"@type\":\"Article\",\"@id\":\"https:\\\/\\\/www.mairie-villemur-sur-tarn.fr\\\/site\\\/dominique-montariol-la-chef-cuisiniere-de-vos-enfants\\\/#article\",\"isPartOf\":{\"@id\":\"https:\\\/\\\/www.mairie-villemur-sur-tarn.fr\\\/site\\\/dominique-montariol-la-chef-cuisiniere-de-vos-enfants\\\/\"},\"author\":{\"name\":\"Mairie de Villemur-sur-Tarn\",\"@id\":\"https:\\\/\\\/www.mairie-villemur-sur-tarn.fr\\\/site\\\/#\\\/schema\\\/person\\\/3318652f2f5aec5902bf70eca266c017\"},\"headline\":\"Dominique Montariol : la chef cuisini\u00e8re de vos enfants !\",\"datePublished\":\"2019-12-19T15:21:44+00:00\",\"dateModified\":\"2024-06-26T14:12:06+00:00\",\"mainEntityOfPage\":{\"@id\":\"https:\\\/\\\/www.mairie-villemur-sur-tarn.fr\\\/site\\\/dominique-montariol-la-chef-cuisiniere-de-vos-enfants\\\/\"},\"wordCount\":1983,\"publisher\":{\"@id\":\"https:\\\/\\\/www.mairie-villemur-sur-tarn.fr\\\/site\\\/#organization\"},\"image\":{\"@id\":\"https:\\\/\\\/www.mairie-villemur-sur-tarn.fr\\\/site\\\/dominique-montariol-la-chef-cuisiniere-de-vos-enfants\\\/#primaryimage\"},\"thumbnailUrl\":\"https:\\\/\\\/www.mairie-villemur-sur-tarn.fr\\\/site\\\/wp-content\\\/uploads\\\/2019\\\/12\\\/191128_cantines_mme-Montariol-192_ok.jpg\",\"articleSection\":[\"Actualit\u00e9s\",\"Jeunesse\",\"Vos services\"],\"inLanguage\":\"fr-FR\"},{\"@type\":\"WebPage\",\"@id\":\"https:\\\/\\\/www.mairie-villemur-sur-tarn.fr\\\/site\\\/dominique-montariol-la-chef-cuisiniere-de-vos-enfants\\\/\",\"url\":\"https:\\\/\\\/www.mairie-villemur-sur-tarn.fr\\\/site\\\/dominique-montariol-la-chef-cuisiniere-de-vos-enfants\\\/\",\"name\":\"Dominique Montariol : la chef cuisini\u00e8re de vos enfants ! - Mairie Villemur-sur-Tarn\",\"isPartOf\":{\"@id\":\"https:\\\/\\\/www.mairie-villemur-sur-tarn.fr\\\/site\\\/#website\"},\"primaryImageOfPage\":{\"@id\":\"https:\\\/\\\/www.mairie-villemur-sur-tarn.fr\\\/site\\\/dominique-montariol-la-chef-cuisiniere-de-vos-enfants\\\/#primaryimage\"},\"image\":{\"@id\":\"https:\\\/\\\/www.mairie-villemur-sur-tarn.fr\\\/site\\\/dominique-montariol-la-chef-cuisiniere-de-vos-enfants\\\/#primaryimage\"},\"thumbnailUrl\":\"https:\\\/\\\/www.mairie-villemur-sur-tarn.fr\\\/site\\\/wp-content\\\/uploads\\\/2019\\\/12\\\/191128_cantines_mme-Montariol-192_ok.jpg\",\"datePublished\":\"2019-12-19T15:21:44+00:00\",\"dateModified\":\"2024-06-26T14:12:06+00:00\",\"breadcrumb\":{\"@id\":\"https:\\\/\\\/www.mairie-villemur-sur-tarn.fr\\\/site\\\/dominique-montariol-la-chef-cuisiniere-de-vos-enfants\\\/#breadcrumb\"},\"inLanguage\":\"fr-FR\",\"potentialAction\":[{\"@type\":\"ReadAction\",\"target\":[\"https:\\\/\\\/www.mairie-villemur-sur-tarn.fr\\\/site\\\/dominique-montariol-la-chef-cuisiniere-de-vos-enfants\\\/\"]}]},{\"@type\":\"ImageObject\",\"inLanguage\":\"fr-FR\",\"@id\":\"https:\\\/\\\/www.mairie-villemur-sur-tarn.fr\\\/site\\\/dominique-montariol-la-chef-cuisiniere-de-vos-enfants\\\/#primaryimage\",\"url\":\"https:\\\/\\\/www.mairie-villemur-sur-tarn.fr\\\/site\\\/wp-content\\\/uploads\\\/2019\\\/12\\\/191128_cantines_mme-Montariol-192_ok.jpg\",\"contentUrl\":\"https:\\\/\\\/www.mairie-villemur-sur-tarn.fr\\\/site\\\/wp-content\\\/uploads\\\/2019\\\/12\\\/191128_cantines_mme-Montariol-192_ok.jpg\",\"width\":900,\"height\":600},{\"@type\":\"BreadcrumbList\",\"@id\":\"https:\\\/\\\/www.mairie-villemur-sur-tarn.fr\\\/site\\\/dominique-montariol-la-chef-cuisiniere-de-vos-enfants\\\/#breadcrumb\",\"itemListElement\":[{\"@type\":\"ListItem\",\"position\":1,\"name\":\"Accueil\",\"item\":\"https:\\\/\\\/www.mairie-villemur-sur-tarn.fr\\\/site\\\/\"},{\"@type\":\"ListItem\",\"position\":2,\"name\":\"Dominique Montariol : la chef cuisini\u00e8re de vos enfants !\"}]},{\"@type\":\"WebSite\",\"@id\":\"https:\\\/\\\/www.mairie-villemur-sur-tarn.fr\\\/site\\\/#website\",\"url\":\"https:\\\/\\\/www.mairie-villemur-sur-tarn.fr\\\/site\\\/\",\"name\":\"Mairie Villemur-sur-Tarn\",\"description\":\"Site officiel canton Villemur Toulouse Nord. D\u00e9marches en ligne, conseil municipal, actualit\u00e9s Villemur, Annuaire Villemur, March\u00e9s...\",\"publisher\":{\"@id\":\"https:\\\/\\\/www.mairie-villemur-sur-tarn.fr\\\/site\\\/#organization\"},\"potentialAction\":[{\"@type\":\"SearchAction\",\"target\":{\"@type\":\"EntryPoint\",\"urlTemplate\":\"https:\\\/\\\/www.mairie-villemur-sur-tarn.fr\\\/site\\\/?s={search_term_string}\"},\"query-input\":{\"@type\":\"PropertyValueSpecification\",\"valueRequired\":true,\"valueName\":\"search_term_string\"}}],\"inLanguage\":\"fr-FR\"},{\"@type\":\"Organization\",\"@id\":\"https:\\\/\\\/www.mairie-villemur-sur-tarn.fr\\\/site\\\/#organization\",\"name\":\"Mairie Villemur-sur-Tarn\",\"url\":\"https:\\\/\\\/www.mairie-villemur-sur-tarn.fr\\\/site\\\/\",\"logo\":{\"@type\":\"ImageObject\",\"inLanguage\":\"fr-FR\",\"@id\":\"https:\\\/\\\/www.mairie-villemur-sur-tarn.fr\\\/site\\\/#\\\/schema\\\/logo\\\/image\\\/\",\"url\":\"https:\\\/\\\/www.mairie-villemur-sur-tarn.fr\\\/site\\\/wp-content\\\/uploads\\\/Villemur-LOGO-carre-PNG.png\",\"contentUrl\":\"https:\\\/\\\/www.mairie-villemur-sur-tarn.fr\\\/site\\\/wp-content\\\/uploads\\\/Villemur-LOGO-carre-PNG.png\",\"width\":887,\"height\":886,\"caption\":\"Mairie Villemur-sur-Tarn\"},\"image\":{\"@id\":\"https:\\\/\\\/www.mairie-villemur-sur-tarn.fr\\\/site\\\/#\\\/schema\\\/logo\\\/image\\\/\"},\"sameAs\":[\"https:\\\/\\\/www.facebook.com\\\/mairievillemursurtarn\",\"https:\\\/\\\/www.instagram.com\\\/villemur_sur_tarn\\\/\"]},{\"@type\":\"Person\",\"@id\":\"https:\\\/\\\/www.mairie-villemur-sur-tarn.fr\\\/site\\\/#\\\/schema\\\/person\\\/3318652f2f5aec5902bf70eca266c017\",\"name\":\"Mairie de Villemur-sur-Tarn\",\"image\":{\"@type\":\"ImageObject\",\"inLanguage\":\"fr-FR\",\"@id\":\"https:\\\/\\\/secure.gravatar.com\\\/avatar\\\/85f71256c4710d707e4b698b3b804ce8e2f0b784b59af41d4da67373b81658c9?s=96&d=mm&r=g\",\"url\":\"https:\\\/\\\/secure.gravatar.com\\\/avatar\\\/85f71256c4710d707e4b698b3b804ce8e2f0b784b59af41d4da67373b81658c9?s=96&d=mm&r=g\",\"contentUrl\":\"https:\\\/\\\/secure.gravatar.com\\\/avatar\\\/85f71256c4710d707e4b698b3b804ce8e2f0b784b59af41d4da67373b81658c9?s=96&d=mm&r=g\",\"caption\":\"Mairie de Villemur-sur-Tarn\"},\"url\":\"https:\\\/\\\/www.mairie-villemur-sur-tarn.fr\\\/site\\\/author\\\/villmurtarn_admin\\\/\"}]}<\/script>\n<!-- \/ Yoast SEO plugin. -->","yoast_head_json":{"title":"Dominique Montariol : la chef cuisini\u00e8re de vos enfants ! - Mairie Villemur-sur-Tarn","robots":{"index":"index","follow":"follow","max-snippet":"max-snippet:-1","max-image-preview":"max-image-preview:large","max-video-preview":"max-video-preview:-1"},"canonical":"https:\/\/www.mairie-villemur-sur-tarn.fr\/site\/dominique-montariol-la-chef-cuisiniere-de-vos-enfants\/","og_locale":"fr_FR","og_type":"article","og_title":"Dominique Montariol : la chef cuisini\u00e8re de vos enfants ! - Mairie Villemur-sur-Tarn","og_description":"Depuis 38 ans, elle \u0153uvre dans les cuisines de la cantine de Villemur. Responsable de la restauration scolaire depuis 1988, c\u2019est elle qui \u00e9tablit les menus de vos enfants en prenant soin qu\u2019ils soient \u00e9quilibr\u00e9s, s\u2019occupe des commandes, traque les promotions, s\u2019assure du respect de l\u2019hygi\u00e8ne et supervise, chaque jour, la confection de pr\u00e8s de [&hellip;]","og_url":"https:\/\/www.mairie-villemur-sur-tarn.fr\/site\/dominique-montariol-la-chef-cuisiniere-de-vos-enfants\/","og_site_name":"Mairie Villemur-sur-Tarn","article_publisher":"https:\/\/www.facebook.com\/mairievillemursurtarn","article_published_time":"2019-12-19T15:21:44+00:00","article_modified_time":"2024-06-26T14:12:06+00:00","og_image":[{"width":900,"height":600,"url":"https:\/\/www.mairie-villemur-sur-tarn.fr\/site\/wp-content\/uploads\/2019\/12\/191128_cantines_mme-Montariol-192_ok.jpg","type":"image\/jpeg"}],"author":"Mairie de Villemur-sur-Tarn","twitter_card":"summary_large_image","twitter_misc":{"\u00c9crit par":"Mairie de Villemur-sur-Tarn","Dur\u00e9e de lecture estim\u00e9e":"10 minutes"},"schema":{"@context":"https:\/\/schema.org","@graph":[{"@type":"Article","@id":"https:\/\/www.mairie-villemur-sur-tarn.fr\/site\/dominique-montariol-la-chef-cuisiniere-de-vos-enfants\/#article","isPartOf":{"@id":"https:\/\/www.mairie-villemur-sur-tarn.fr\/site\/dominique-montariol-la-chef-cuisiniere-de-vos-enfants\/"},"author":{"name":"Mairie de Villemur-sur-Tarn","@id":"https:\/\/www.mairie-villemur-sur-tarn.fr\/site\/#\/schema\/person\/3318652f2f5aec5902bf70eca266c017"},"headline":"Dominique Montariol : la chef cuisini\u00e8re de vos enfants !","datePublished":"2019-12-19T15:21:44+00:00","dateModified":"2024-06-26T14:12:06+00:00","mainEntityOfPage":{"@id":"https:\/\/www.mairie-villemur-sur-tarn.fr\/site\/dominique-montariol-la-chef-cuisiniere-de-vos-enfants\/"},"wordCount":1983,"publisher":{"@id":"https:\/\/www.mairie-villemur-sur-tarn.fr\/site\/#organization"},"image":{"@id":"https:\/\/www.mairie-villemur-sur-tarn.fr\/site\/dominique-montariol-la-chef-cuisiniere-de-vos-enfants\/#primaryimage"},"thumbnailUrl":"https:\/\/www.mairie-villemur-sur-tarn.fr\/site\/wp-content\/uploads\/2019\/12\/191128_cantines_mme-Montariol-192_ok.jpg","articleSection":["Actualit\u00e9s","Jeunesse","Vos services"],"inLanguage":"fr-FR"},{"@type":"WebPage","@id":"https:\/\/www.mairie-villemur-sur-tarn.fr\/site\/dominique-montariol-la-chef-cuisiniere-de-vos-enfants\/","url":"https:\/\/www.mairie-villemur-sur-tarn.fr\/site\/dominique-montariol-la-chef-cuisiniere-de-vos-enfants\/","name":"Dominique Montariol : la chef cuisini\u00e8re de vos enfants ! - Mairie Villemur-sur-Tarn","isPartOf":{"@id":"https:\/\/www.mairie-villemur-sur-tarn.fr\/site\/#website"},"primaryImageOfPage":{"@id":"https:\/\/www.mairie-villemur-sur-tarn.fr\/site\/dominique-montariol-la-chef-cuisiniere-de-vos-enfants\/#primaryimage"},"image":{"@id":"https:\/\/www.mairie-villemur-sur-tarn.fr\/site\/dominique-montariol-la-chef-cuisiniere-de-vos-enfants\/#primaryimage"},"thumbnailUrl":"https:\/\/www.mairie-villemur-sur-tarn.fr\/site\/wp-content\/uploads\/2019\/12\/191128_cantines_mme-Montariol-192_ok.jpg","datePublished":"2019-12-19T15:21:44+00:00","dateModified":"2024-06-26T14:12:06+00:00","breadcrumb":{"@id":"https:\/\/www.mairie-villemur-sur-tarn.fr\/site\/dominique-montariol-la-chef-cuisiniere-de-vos-enfants\/#breadcrumb"},"inLanguage":"fr-FR","potentialAction":[{"@type":"ReadAction","target":["https:\/\/www.mairie-villemur-sur-tarn.fr\/site\/dominique-montariol-la-chef-cuisiniere-de-vos-enfants\/"]}]},{"@type":"ImageObject","inLanguage":"fr-FR","@id":"https:\/\/www.mairie-villemur-sur-tarn.fr\/site\/dominique-montariol-la-chef-cuisiniere-de-vos-enfants\/#primaryimage","url":"https:\/\/www.mairie-villemur-sur-tarn.fr\/site\/wp-content\/uploads\/2019\/12\/191128_cantines_mme-Montariol-192_ok.jpg","contentUrl":"https:\/\/www.mairie-villemur-sur-tarn.fr\/site\/wp-content\/uploads\/2019\/12\/191128_cantines_mme-Montariol-192_ok.jpg","width":900,"height":600},{"@type":"BreadcrumbList","@id":"https:\/\/www.mairie-villemur-sur-tarn.fr\/site\/dominique-montariol-la-chef-cuisiniere-de-vos-enfants\/#breadcrumb","itemListElement":[{"@type":"ListItem","position":1,"name":"Accueil","item":"https:\/\/www.mairie-villemur-sur-tarn.fr\/site\/"},{"@type":"ListItem","position":2,"name":"Dominique Montariol : la chef cuisini\u00e8re de vos enfants !"}]},{"@type":"WebSite","@id":"https:\/\/www.mairie-villemur-sur-tarn.fr\/site\/#website","url":"https:\/\/www.mairie-villemur-sur-tarn.fr\/site\/","name":"Mairie Villemur-sur-Tarn","description":"Site officiel canton Villemur Toulouse Nord. D\u00e9marches en ligne, conseil municipal, actualit\u00e9s Villemur, Annuaire Villemur, March\u00e9s...","publisher":{"@id":"https:\/\/www.mairie-villemur-sur-tarn.fr\/site\/#organization"},"potentialAction":[{"@type":"SearchAction","target":{"@type":"EntryPoint","urlTemplate":"https:\/\/www.mairie-villemur-sur-tarn.fr\/site\/?s={search_term_string}"},"query-input":{"@type":"PropertyValueSpecification","valueRequired":true,"valueName":"search_term_string"}}],"inLanguage":"fr-FR"},{"@type":"Organization","@id":"https:\/\/www.mairie-villemur-sur-tarn.fr\/site\/#organization","name":"Mairie Villemur-sur-Tarn","url":"https:\/\/www.mairie-villemur-sur-tarn.fr\/site\/","logo":{"@type":"ImageObject","inLanguage":"fr-FR","@id":"https:\/\/www.mairie-villemur-sur-tarn.fr\/site\/#\/schema\/logo\/image\/","url":"https:\/\/www.mairie-villemur-sur-tarn.fr\/site\/wp-content\/uploads\/Villemur-LOGO-carre-PNG.png","contentUrl":"https:\/\/www.mairie-villemur-sur-tarn.fr\/site\/wp-content\/uploads\/Villemur-LOGO-carre-PNG.png","width":887,"height":886,"caption":"Mairie Villemur-sur-Tarn"},"image":{"@id":"https:\/\/www.mairie-villemur-sur-tarn.fr\/site\/#\/schema\/logo\/image\/"},"sameAs":["https:\/\/www.facebook.com\/mairievillemursurtarn","https:\/\/www.instagram.com\/villemur_sur_tarn\/"]},{"@type":"Person","@id":"https:\/\/www.mairie-villemur-sur-tarn.fr\/site\/#\/schema\/person\/3318652f2f5aec5902bf70eca266c017","name":"Mairie de Villemur-sur-Tarn","image":{"@type":"ImageObject","inLanguage":"fr-FR","@id":"https:\/\/secure.gravatar.com\/avatar\/85f71256c4710d707e4b698b3b804ce8e2f0b784b59af41d4da67373b81658c9?s=96&d=mm&r=g","url":"https:\/\/secure.gravatar.com\/avatar\/85f71256c4710d707e4b698b3b804ce8e2f0b784b59af41d4da67373b81658c9?s=96&d=mm&r=g","contentUrl":"https:\/\/secure.gravatar.com\/avatar\/85f71256c4710d707e4b698b3b804ce8e2f0b784b59af41d4da67373b81658c9?s=96&d=mm&r=g","caption":"Mairie de Villemur-sur-Tarn"},"url":"https:\/\/www.mairie-villemur-sur-tarn.fr\/site\/author\/villmurtarn_admin\/"}]}},"uagb_featured_image_src":{"full":["https:\/\/www.mairie-villemur-sur-tarn.fr\/site\/wp-content\/uploads\/2019\/12\/191128_cantines_mme-Montariol-192_ok.jpg",900,600,false],"thumbnail":["https:\/\/www.mairie-villemur-sur-tarn.fr\/site\/wp-content\/uploads\/2019\/12\/191128_cantines_mme-Montariol-192_ok-180x180.jpg",150,150,true],"medium":["https:\/\/www.mairie-villemur-sur-tarn.fr\/site\/wp-content\/uploads\/2019\/12\/191128_cantines_mme-Montariol-192_ok-750x510.jpg",300,204,true],"medium_large":["https:\/\/www.mairie-villemur-sur-tarn.fr\/site\/wp-content\/uploads\/2019\/12\/191128_cantines_mme-Montariol-192_ok-768x512.jpg",768,512,true],"large":["https:\/\/www.mairie-villemur-sur-tarn.fr\/site\/wp-content\/uploads\/2019\/12\/191128_cantines_mme-Montariol-192_ok.jpg",900,600,false],"1536x1536":["https:\/\/www.mairie-villemur-sur-tarn.fr\/site\/wp-content\/uploads\/2019\/12\/191128_cantines_mme-Montariol-192_ok.jpg",900,600,false],"2048x2048":["https:\/\/www.mairie-villemur-sur-tarn.fr\/site\/wp-content\/uploads\/2019\/12\/191128_cantines_mme-Montariol-192_ok.jpg",900,600,false],"post-thumbnail":["https:\/\/www.mairie-villemur-sur-tarn.fr\/site\/wp-content\/uploads\/2019\/12\/191128_cantines_mme-Montariol-192_ok-600x400.jpg",600,400,true],"winnex_medium":["https:\/\/www.mairie-villemur-sur-tarn.fr\/site\/wp-content\/uploads\/2019\/12\/191128_cantines_mme-Montariol-192_ok-500x375.jpg",500,375,true],"winnex_height":["https:\/\/www.mairie-villemur-sur-tarn.fr\/site\/wp-content\/uploads\/2019\/12\/191128_cantines_mme-Montariol-192_ok-400x468.jpg",400,468,true]},"uagb_author_info":{"display_name":"Mairie de Villemur-sur-Tarn","author_link":"https:\/\/www.mairie-villemur-sur-tarn.fr\/site\/author\/villmurtarn_admin\/"},"uagb_comment_info":0,"uagb_excerpt":"Depuis 38 ans, elle \u0153uvre dans les cuisines de la cantine de Villemur. Responsable de la restauration scolaire depuis 1988, c\u2019est elle qui \u00e9tablit les menus de vos enfants en prenant soin qu\u2019ils soient \u00e9quilibr\u00e9s, s\u2019occupe des commandes, traque les promotions, s\u2019assure du respect de l\u2019hygi\u00e8ne et supervise, chaque jour, la confection de pr\u00e8s de\u2026","_links":{"self":[{"href":"https:\/\/www.mairie-villemur-sur-tarn.fr\/site\/wp-json\/wp\/v2\/posts\/7372","targetHints":{"allow":["GET"]}}],"collection":[{"href":"https:\/\/www.mairie-villemur-sur-tarn.fr\/site\/wp-json\/wp\/v2\/posts"}],"about":[{"href":"https:\/\/www.mairie-villemur-sur-tarn.fr\/site\/wp-json\/wp\/v2\/types\/post"}],"author":[{"embeddable":true,"href":"https:\/\/www.mairie-villemur-sur-tarn.fr\/site\/wp-json\/wp\/v2\/users\/1"}],"replies":[{"embeddable":true,"href":"https:\/\/www.mairie-villemur-sur-tarn.fr\/site\/wp-json\/wp\/v2\/comments?post=7372"}],"version-history":[{"count":13,"href":"https:\/\/www.mairie-villemur-sur-tarn.fr\/site\/wp-json\/wp\/v2\/posts\/7372\/revisions"}],"predecessor-version":[{"id":14809,"href":"https:\/\/www.mairie-villemur-sur-tarn.fr\/site\/wp-json\/wp\/v2\/posts\/7372\/revisions\/14809"}],"wp:featuredmedia":[{"embeddable":true,"href":"https:\/\/www.mairie-villemur-sur-tarn.fr\/site\/wp-json\/wp\/v2\/media\/7557"}],"wp:attachment":[{"href":"https:\/\/www.mairie-villemur-sur-tarn.fr\/site\/wp-json\/wp\/v2\/media?parent=7372"}],"wp:term":[{"taxonomy":"category","embeddable":true,"href":"https:\/\/www.mairie-villemur-sur-tarn.fr\/site\/wp-json\/wp\/v2\/categories?post=7372"},{"taxonomy":"post_tag","embeddable":true,"href":"https:\/\/www.mairie-villemur-sur-tarn.fr\/site\/wp-json\/wp\/v2\/tags?post=7372"}],"curies":[{"name":"wp","href":"https:\/\/api.w.org\/{rel}","templated":true}]}}