{"id":9320,"date":"2021-02-23T14:45:58","date_gmt":"2021-02-23T13:45:58","guid":{"rendered":"https:\/\/www.mairie-villemur-sur-tarn.fr\/site\/?p=9320"},"modified":"2024-06-26T16:10:41","modified_gmt":"2024-06-26T14:10:41","slug":"paroles-de-villemuriennes","status":"publish","type":"post","link":"https:\/\/www.mairie-villemur-sur-tarn.fr\/site\/paroles-de-villemuriennes\/","title":{"rendered":"Paroles de Villemuriennes !"},"content":{"rendered":"<p class=\"m_-821376455629878892ydpe3952f31yiv3720415999msonormal\"><a href=\"https:\/\/www.mairie-villemur-sur-tarn.fr\/site\/wp-content\/uploads\/2002\/03\/paroles-de-villemuriennes-v2.png\"><img loading=\"lazy\" decoding=\"async\" class=\"aligncenter size-full wp-image-9402\" src=\"https:\/\/www.mairie-villemur-sur-tarn.fr\/site\/wp-content\/uploads\/2002\/03\/paroles-de-villemuriennes-v2.png\" alt=\"\" width=\"1920\" height=\"203\"><\/a><\/p>\n<p class=\"m_-821376455629878892ydpe3952f31yiv3720415999msonormal\">Chaque ann\u00e9e, dans le cadre de la Journ\u00e9e Internationale des Droits des Femmes, la municipalit\u00e9 propose une pi\u00e8ce de th\u00e9\u00e2tre pour c\u00e9l\u00e9brer les femmes.<u><\/u><u><\/u><\/p>\n<p class=\"m_-821376455629878892ydpe3952f31yiv3720415999msonormal\">Cette ann\u00e9e, crise sanitaire oblige, nous n\u2019avons pas pu proposer ce traditionnel rendez-vous, mais nous souhaitions tout de m\u00eame marquer le coup. C\u2019est pourquoi, nous avons d\u00e9cid\u00e9 de mettre \u00e0 l\u2019honneur des Villemuriennes de professions diverses, en leur donnant la parole, par le biais d\u2019un t\u00e9moignage dans lequel elles \u00e9voquent leur parcours, leur condition de femme du XXI<sup>\u00e8me<\/sup> si\u00e8cle &#8211; dans leur m\u00e9tier ou leur foyer -, la condition de la femme en g\u00e9n\u00e9ral dans la soci\u00e9t\u00e9, leurs col\u00e8res, leurs frustrations, leurs regrets, mais aussi les progr\u00e8s obtenus et leurs espoirs pour l\u2019avenir. Ce projet est relay\u00e9 par une affiche, diffus\u00e9e sur les panneaux Attria de la ville, o\u00f9 les portraits de ces femmes vous invitent \u00e0 aller lire leur t\u00e9moignage sur le site internet de la mairie.&nbsp;<\/p>\n<p>[vc_zigzag el_width=\u00a0\u00bb70&Prime; css=\u00a0\u00bb.vc_custom_1613992331029{margin-bottom: 30px !important;}\u00a0\u00bb][vc_row_inner][vc_column_inner width=\u00a0\u00bb1\/2&Prime;][vc_single_image image=\u00a0\u00bb9409&Prime; alignment=\u00a0\u00bbright\u00a0\u00bb css_animation=\u00a0\u00bbrollIn\u00a0\u00bb][\/vc_column_inner][vc_column_inner width=\u00a0\u00bb1\/2&Prime;][vc_empty_space][vc_custom_heading text=\u00a0\u00bbAgn\u00e8s\u00a0\u00bb][vc_custom_heading text=\u00a0\u00bbCadre de Sant\u00e9\u00a0\u00bb font_container=\u00a0\u00bbtag:h3|text_align:left\u00a0\u00bb][\/vc_column_inner][\/vc_row_inner][vc_row_inner css=\u00a0\u00bb.vc_custom_1613052066851{margin-top: 10px !important;}\u00a0\u00bb][vc_column_inner][vc_column_text el_class=\u00a0\u00bbjustify\u00a0\u00bb]Mes grands-m\u00e8res et ma m\u00e8re \u00e9taient des femmes au foyer. Ego\u00efstement, enfant, j&rsquo;\u00e9tais heureuse d&rsquo;avoir toujours quelqu&rsquo;un en rentrant de l&rsquo;\u00e9cole, de ne pas manger \u00e0 la cantine. Je ne me posais pas la question de savoir si, elles, elles avaient fait ce choix ou pas. Aujourd&rsquo;hui, je sais que, moi, je n&rsquo;aurais pas pu ne pas travailler.<\/p>\n<p>Je suis infirmi\u00e8re, aujourd&rsquo;hui cadre de sant\u00e9. C&rsquo;est une profession plut\u00f4t f\u00e9minine, et je n&rsquo;ai donc pas rencontr\u00e9 de difficult\u00e9s pour acc\u00e9der \u00e0 la formation ou \u00e0 ma fonction actuelle. C&rsquo;est important pour une femme de pouvoir s&rsquo;\u00e9panouir en dehors du foyer, d&rsquo;avoir du lien social, de pouvoir \u00e9changer des id\u00e9es. Avec mon mari, au sein du foyer, nous nous partageons les t\u00e2ches, chacun a ses sp\u00e9cialit\u00e9s et ses responsabilit\u00e9s.<\/p>\n<p>La condition de la femme a bien s\u00fbr \u00e9volu\u00e9 en France, m\u00eame s&rsquo;il reste encore des progr\u00e8s \u00e0 faire. Je dis souvent \u00e0 mes petites-filles qu&rsquo;elles doivent tout faire pour \u00eatre autonomes dans leur vie, rester maitres de leurs id\u00e9es, de leurs choix et de leurs corps.<\/p>\n<p>J&rsquo;esp\u00e8re vraiment qu&rsquo;un jour, la \u00ab\u00a0Journ\u00e9e des Droits des Femmes\u00a0\u00bb n&rsquo;existera plus. Cela signifiera que la femme et l&rsquo;homme auront enfin les m\u00eames droits, l&rsquo;acc\u00e8s aux m\u00eames postes et aux m\u00eames salaires, que la violence envers les femmes ne se verra plus.[\/vc_column_text][vc_zigzag el_width=\u00a0\u00bb70&Prime;][\/vc_column_inner][\/vc_row_inner][vc_row_inner css=\u00a0\u00bb.vc_custom_1613053118412{margin-top: 0px !important;}\u00a0\u00bb][vc_column_inner][vc_empty_space][vc_custom_heading text=\u00a0\u00bbAnne-Marie\u00a0\u00bb font_container=\u00a0\u00bbtag:h2|text_align:center\u00a0\u00bb][vc_custom_heading text=\u00a0\u00bbRetrait\u00e9e \u2013 Vie Associative\u00a0\u00bb font_container=\u00a0\u00bbtag:h3|text_align:center\u00a0\u00bb][\/vc_column_inner][\/vc_row_inner][vc_row_inner css=\u00a0\u00bb.vc_custom_1613052066851{margin-top: 10px !important;}\u00a0\u00bb][vc_column_inner][vc_column_text el_class=\u00a0\u00bbjustify\u00a0\u00bb]Je suis d\u2019une g\u00e9n\u00e9ration o\u00f9 les femmes restaient majoritairement au foyer&nbsp;; j\u2019ai donc rempli mon r\u00f4le d\u2019\u00e9pouse et de m\u00e8re. Globalement, je peux dire qu\u2019aujourd\u2019hui, je suis tr\u00e8s heureuse, que ce soit en tant que m\u00e8re ou grand-m\u00e8re. Je m\u2019affirme en tant que femme \u00e0 travers mes activit\u00e9s&nbsp;: la femme que je suis au quotidien me donne l\u2019occasion de m\u2019investir dans ma ville et de m\u2019\u00e9panouir \u00e0 travers mon association.<\/p>\n<p>La femme du XXI<sup>\u00e8me<\/sup> si\u00e8cle est libre, assum\u00e9e et ind\u00e9pendante. Depuis le si\u00e8cle dernier, les femmes sont de plus en plus actives. Il y a des m\u00e9tiers dits \u00ab&nbsp;masculins&nbsp;\u00bb que les femmes investissent, mais des progr\u00e8s restent \u00e0 faire concernant les pr\u00e9jug\u00e9s, la discrimination, les salaires. Une femme d\u2019aujourd\u2019hui doit \u00eatre accomplie dans son m\u00e9tier, qui d\u00e9veloppe chez elle confiance et ind\u00e9pendance.<\/p>\n<p>En France, l\u2019\u00e9galit\u00e9 entre hommes et femmes a \u00e9volu\u00e9, m\u00eame si certains pays de l\u2019Europe du Nord ont une politique plus \u00e9volu\u00e9e en la mati\u00e8re. Mais le regard de la soci\u00e9t\u00e9 change petit \u00e0 petit, et je fais confiance aux jeunes g\u00e9n\u00e9rations pour que \u00e7a continue de changer.[\/vc_column_text][vc_zigzag el_width=\u00a0\u00bb70&Prime;][\/vc_column_inner][\/vc_row_inner][vc_row_inner][vc_column_inner width=\u00a0\u00bb1\/2&Prime;][vc_single_image image=\u00a0\u00bb9332&Prime; alignment=\u00a0\u00bbright\u00a0\u00bb css_animation=\u00a0\u00bbrollIn\u00a0\u00bb][\/vc_column_inner][vc_column_inner width=\u00a0\u00bb1\/2&Prime;][vc_empty_space][vc_custom_heading text=\u00a0\u00bbBarbara\u00a0\u00bb][vc_custom_heading text=\u00a0\u00bbEnseignante\u00a0\u00bb font_container=\u00a0\u00bbtag:h3|text_align:left\u00a0\u00bb][\/vc_column_inner][\/vc_row_inner][vc_column_text el_class=\u00a0\u00bbjustify\u00a0\u00bb]Bonjour,<\/p>\n<p>Je m\u2019appelle Barbara, je suis enseignante et directrice de l\u2019\u00e9cole maternelle de Villemur-sur-Tarn depuis le 1<sup>er<\/sup> septembre 2006.<\/p>\n<p>J\u2019ai souhait\u00e9 participer \u00e0 cette journ\u00e9e en lien avec la \u00ab&nbsp;Journ\u00e9e Internationale des Droits des Femmes&nbsp;\u00bb parce que je suis l\u2019h\u00e9riti\u00e8re d\u2019Olympe de Gouges, de Marie Curie, de Simone de Beauvoir, de Simone Veil et de tant d\u2019autres qui n\u2019ont eu de cesse de lutter pour reconnaitre aux femmes des droits identiques \u00e0 ceux des hommes.<\/p>\n<p>Ma grand-m\u00e8re n\u2019avait pas le droit de vote quand elle est rentr\u00e9e dans la R\u00e9sistance en 1940. Son engagement et celui des nombreuses femmes qui sont mortes dans les prisons ou dans les camps de concentration nazis ont conduit le Conseil National de la R\u00e9sistance \u00e0 leur donner le droit d\u2019\u00eatre des citoyennes \u00e0 part enti\u00e8re. Elles ont pu voter pour la premi\u00e8re fois le 29 avril 1945.<\/p>\n<p>Ma m\u00e8re, alors qu\u2019elle travaillait, a d\u00fb attendre juillet 1965 pour avoir le droit d\u2019ouvrir un compte ch\u00e8que \u00e0 son nom.<\/p>\n<p>Les femmes ont d\u00fb attendre la loi Veil de 1975 pour pouvoir avoir l\u2019acc\u00e8s \u00e0 l\u2019IVG.<\/p>\n<p>Les femmes ont obtenu ch\u00e8rement des droits, mais pourtant, encore aujourd\u2019hui, nous sommes tr\u00e8s loin de l\u2019\u00e9galit\u00e9 Hommes\/Femmes dans bien des domaines (salarial, \u00e9conomique et politique).<\/p>\n<p>Nous, les femmes, nous devons rester vigilantes, car nos droits si \u00e2prement acquis sont toujours les premiers \u00e0 \u00eatre remis en cause en cas de crise.<\/p>\n<p>Chaque jour, dans ma classe de Petites Sections, je suis confront\u00e9e \u00e0 des pr\u00e9jug\u00e9s bien tenaces&nbsp;: \u00ab&nbsp;les filles ne peuvent pas jouer aux voitures, un gar\u00e7on \u00e7a ne joue pas aux poup\u00e9es, le rose c\u2019est pour les filles, \u2026\u00bb.&nbsp; Alors sans rel\u00e2che, j\u2019explique \u00e0 mes \u00e9l\u00e8ves que les jeux de la classe sont autoris\u00e9s \u00e0 tous et \u00e0 toutes et qu\u2019aucune couleur n\u2019est r\u00e9serv\u00e9e aux filles ou aux gar\u00e7ons.<\/p>\n<p>Par l\u2019\u00e9ducation, nous devons faire changer le regard des adultes de demain sur la condition des femmes dans la soci\u00e9t\u00e9.<\/p>\n<p>Comme je le dis souvent, nous avons dans nos classes les chercheurs, les m\u00e9decins, les inventeurs, les enseignants, les artisans, les artistes de demain et toutes ces professions doivent absolument se conjuguer au masculin et au f\u00e9minin.<\/p>\n<p>Nous devons autoriser les filles \u00e0 se r\u00eaver Prix Nobel de Physique ou Pr\u00e9sidente de la R\u00e9publique.<\/p>\n<p>Je souhaite conclure mon propos avec cette phrase de Louise Michel qui explique bien que les luttes f\u00e9ministes ne sont en rien une d\u00e9claration de guerre faite aux hommes.<\/p>\n<p>\u00ab&nbsp;Simple, forte, aimant l\u2019art et l\u2019id\u00e9al, brave et libre aussi, la femme de demain ne voudra ni dominer, ni \u00eatre domin\u00e9e&nbsp;\u00bb.[\/vc_column_text][vc_row_inner css=\u00a0\u00bb.vc_custom_1613053118412{margin-top: 0px !important;}\u00a0\u00bb][vc_column_inner width=\u00a0\u00bb1\/2&Prime;][vc_empty_space][vc_custom_heading text=\u00a0\u00bbCharlotte\u00a0\u00bb font_container=\u00a0\u00bbtag:h2|text_align:right\u00a0\u00bb][vc_custom_heading text=\u00a0\u00bbP\u00e2tissi\u00e8re\u00a0\u00bb font_container=\u00a0\u00bbtag:h3|text_align:right\u00a0\u00bb][\/vc_column_inner][vc_column_inner width=\u00a0\u00bb1\/2&Prime;][vc_single_image image=\u00a0\u00bb9333&Prime; css_animation=\u00a0\u00bbrollIn\u00a0\u00bb][\/vc_column_inner][\/vc_row_inner][vc_row_inner css=\u00a0\u00bb.vc_custom_1613052066851{margin-top: 10px !important;}\u00a0\u00bb][vc_column_inner][vc_column_text el_class=\u00a0\u00bbjustify\u00a0\u00bb]Je suis honor\u00e9e que l&rsquo;on m&rsquo;ait donn\u00e9 la parole \u00e0 l&rsquo;occasion de cette journ\u00e9e des DROITS DES FEMMES.<\/p>\n<p>L&rsquo;importance de cette journ\u00e9e d\u00e9di\u00e9e \u00e0 la reconnaissance de nos droits au m\u00eame titre que ceux des hommes est capitale. Pour nous, pour nos filles, mais surtout pour les femmes du monde entier&nbsp;: il faut en parler, les d\u00e9fendre et les revendiquer. Il est assez navrant, en 2021, de devoir encore se battre pour l&rsquo;\u00e9galit\u00e9 des droits homme\/femme.<\/p>\n<p>Beaucoup l&rsquo;appellent plus simplement la \u00ab&nbsp;journ\u00e9e de la femme&nbsp;\u00bb, mais tous les jours sont des journ\u00e9es de la femme. Je trouve qu&rsquo;elle est c\u00e9l\u00e9br\u00e9e r\u00e9guli\u00e8rement dans sa vie de famille, par ses enfants, dans son travail, par ses coll\u00e8gues, dans les m\u00e9dias&#8230; elle est mise en avant pour son r\u00f4le de femme, de m\u00e8re, d&rsquo;\u00e9pouse, de collaboratrice&#8230;<\/p>\n<p>Toutes ces casquettes ne sont d&rsquo;ailleurs pas faciles \u00e0 porter au quotidien&nbsp;; la pression que les femmes s&rsquo;infligent pour \u00eatre parfaites dans toutes leurs t\u00e2ches a un tout nouveau nom, \u00ab&nbsp;la charge mentale&nbsp;\u00bb, m\u00eame si elle existe depuis toujours.<\/p>\n<p>Je ne dis pas qu&rsquo;elle n&rsquo;existe pas chez les hommes, mais j&rsquo;ai la sensation que c&rsquo;est quelque chose de typiquement f\u00e9minin de vouloir prouver qu&rsquo;on est \u00e0 la hauteur de toutes nos responsabilit\u00e9s sans faillir.<\/p>\n<p>Les femmes aujourd&rsquo;hui sont ind\u00e9pendantes, fortes, volontaires mais encore faut-il leur en laisser la possibilit\u00e9 et cela passe par l\u2019\u00e9galit\u00e9. L&rsquo;\u00e9galit\u00e9 dans les droits, les salaires et les responsabilit\u00e9s est indispensable dans notre soci\u00e9t\u00e9.<\/p>\n<p>Le droit d&rsquo;aller \u00e0 l&rsquo;\u00e9cole, d&rsquo;entreprendre ou d&rsquo;\u00eatre libre est indispensable dans notre monde.<\/p>\n<p>Je ne suis pas \u00ab&nbsp;f\u00e9ministe&nbsp;\u00bb avec un grand F, mais il me semble juste d&rsquo;en parler pour faire \u00e9voluer les choses et quelques mentalit\u00e9s, pour les g\u00e9n\u00e9rations futures. J&rsquo;ai connu ce genre de situation, notamment dans l&rsquo;h\u00f4tellerie restauration, o\u00f9 l\u2019on gagne moins parce que l&rsquo;on est une femme, o\u00f9 l\u2019on est un peu sous-estim\u00e9e&#8230; La chance d&rsquo;avoir entrepris avec mon mari est que l&rsquo;on est sur le m\u00eame pied d&rsquo;\u00e9galit\u00e9 et que \u00e7a fait du bien ![\/vc_column_text][vc_zigzag el_width=\u00a0\u00bb70&Prime;][\/vc_column_inner][\/vc_row_inner][vc_row_inner][vc_column_inner width=\u00a0\u00bb1\/2&Prime;][vc_single_image image=\u00a0\u00bb9335&Prime; alignment=\u00a0\u00bbright\u00a0\u00bb css_animation=\u00a0\u00bbrollIn\u00a0\u00bb][\/vc_column_inner][vc_column_inner width=\u00a0\u00bb1\/2&Prime;][vc_empty_space][vc_custom_heading text=\u00a0\u00bbChristelle\u00a0\u00bb][vc_custom_heading text=\u00a0\u00bbOpticienne\u00a0\u00bb font_container=\u00a0\u00bbtag:h3|text_align:left\u00a0\u00bb][\/vc_column_inner][\/vc_row_inner][vc_row_inner css=\u00a0\u00bb.vc_custom_1613051742211{margin-top: 10px !important;}\u00a0\u00bb][vc_column_inner][vc_column_text el_class=\u00a0\u00bbjustify\u00a0\u00bb]Je suis une femme professionnelle de sant\u00e9, chef d\u2019entreprise, conjointe et m\u00e8re \u00e0 la fois, qui concilie vie personnelle et professionnelle au quotidien. Il n\u2019y a pas une journ\u00e9e o\u00f9 je suis enti\u00e8rement l\u2019une ou l\u2019autre. Au cours d\u2019une m\u00eame journ\u00e9e, il faut jongler avec toutes les \u00ab&nbsp;casquettes&nbsp;\u00bb&nbsp;: il faut penser au rendez-vous chez le m\u00e9decin, alors qu\u2019on est au boulot, mais il faut aussi faire sa comptabilit\u00e9 sur les heures o\u00f9 son commerce est ferm\u00e9. C\u2019est un statut que j\u2019ai choisi, et o\u00f9 je m\u2019\u00e9panouis. C\u2019est le partage des t\u00e2ches personnelles (gestion des enfants, maison\u2026) avec mon conjoint qui permet cela. Je suis \u00e9panouie dans ma vie personnelle et dans ma vie professionnelle. Il ne reste plus qu\u2019\u00e0 d\u00e9velopper mon commerce, afin de pouvoir embaucher et ainsi me d\u00e9gager du temps libre pour mes enfants.<\/p>\n<p>Pour \u00eatre opticienne, j\u2019ai obtenu un BTS Optique Lunetterie que j\u2019ai r\u00e9alis\u00e9 en alternance. Il s\u2019agit d\u2019une r\u00e9orientation apr\u00e8s des \u00e9tudes de chimie (bac +3) et une ann\u00e9e de recherche d\u2019emploi infructueuse. Le fait d\u2019\u00eatre une femme ne m\u2019a ni facilit\u00e9 ni compliqu\u00e9 l\u2019acc\u00e8s \u00e0 cette profession, pas plus que je n\u2019ai \u00e9t\u00e9 censur\u00e9e ni dissuad\u00e9e dans mes choix de carri\u00e8re plus jeune&nbsp;: si j\u2019avais voulu \u00eatre ma\u00e7on, j\u2019aurais \u00e9t\u00e9 ma\u00e7on&nbsp;!!!!<\/p>\n<p>Mon m\u00e9tier consiste \u00e0 \u00e9quiper mes clients d\u2019une paire de lunettes adapt\u00e9e \u00e0 l\u2019ordonnance de l\u2019ophtalmologue&nbsp;: je les accompagne sur le choix de la monture en fonction des contraintes de corrections, la morphologie du visage ainsi que leurs go\u00fbts, je r\u00e9alise le montage des verres sur la monture, je g\u00e8re la partie administrative avec les mutuelles et la CPAM, et je peux \u00e9galement r\u00e9aliser, en amont, le contr\u00f4le de la vue, mon magasin \u00e9tant \u00e9quip\u00e9 du mat\u00e9riel n\u00e9cessaire. C\u2019est donc un m\u00e9tier tr\u00e8s complet, auquel s\u2019ajoute une activit\u00e9 compl\u00e9mentaire de r\u00e9alisation de photos d\u2019identit\u00e9s.<\/p>\n<p>Ce m\u00e9tier, traditionnellement exerc\u00e9 par des hommes, s\u2019est f\u00e9minis\u00e9 depuis quelques ann\u00e9es d\u00e9j\u00e0. Il n\u2019y a aucune contrainte \u00e0 \u00eatre une femme pour l\u2019exercer. C\u2019est plut\u00f4t le c\u00f4t\u00e9 \u00ab chef d\u2019entreprise \u00bb qui pose question : on m\u2019a plusieurs fois demand\u00e9 si le patron \u00e9tait pr\u00e9sent ! Mais \u00e7a n\u2019a pas fait fuir les clients. \ud83d\ude42<\/p>\n<p>La femme et l\u2019homme ont tous deux les capacit\u00e9s de g\u00e9rer des postes \u00e0 responsabilit\u00e9s. Comme pour les hommes, il est impossible \u00e0 une femme d\u2019\u00eatre \u00ab&nbsp;au top&nbsp;\u00bb sur tous les fronts. Mais la femme a toujours la pression de la soci\u00e9t\u00e9. Elle est jug\u00e9e en permanence sur ses capacit\u00e9s \u00e0 g\u00e9rer aussi bien son foyer que son travail. Contrairement \u00e0 l\u2019homme, elle doit \u00eatre aussi parfaite sur le plan personnel que professionnel. Du coup, elle est souvent rel\u00e9gu\u00e9e \u00e0 la gestion du foyer et des enfants, tandis que l\u2019homme se consacre \u00e0 sa profession.<\/p>\n<p>La femme du XXI<sup>\u00e8me<\/sup> si\u00e8cle, dans les pays d\u00e9velopp\u00e9s, est une femme qui a les capacit\u00e9s d\u2019\u00eatre ind\u00e9pendante, tant sur le plan personnel que professionnel. Elle est libre de ses choix. Dans les pays sous-d\u00e9velopp\u00e9s, c\u2019est plus compliqu\u00e9 \u00e0 cause des probl\u00e8mes li\u00e9s \u00e0 l\u2019acc\u00e8s \u00e0 l\u2019\u00e9ducation et au non-respect de la femme.<\/p>\n<p>Au fil du si\u00e8cle, la condition f\u00e9minine a \u00e9volu\u00e9, avec l\u2019acc\u00e8s \u00e0 la contraception, \u00e0 l\u2019IVG, au divorce, au vote, ainsi que la lib\u00e9ration de la parole. Tous ces \u00e9l\u00e9ments permettent aujourd\u2019hui \u00e0 la femme de se lib\u00e9rer des choix de l\u2019homme. Mais il reste, \u00e0 mon sens, encore du travail \u00e0 faire sur l\u2019\u00e9galit\u00e9 de la r\u00e9mun\u00e9ration \u00e0 poste \u00e9quivalent, ainsi que sur la possession enti\u00e8re de son corps et de son image. La femme est en permanence jug\u00e9e sur son physique ou sur sa fa\u00e7on de s\u2019habiller (d\u00e9collet\u00e9 trop profond ou pas assez, jupe trop courte ou pas assez\u2026).<\/p>\n<p>Malgr\u00e9 tout, \u00eatre une femme au XXI<sup>\u00e8me<\/sup> si\u00e8cle, dans notre pays, est plut\u00f4t facile&nbsp;: nous sommes libres de nos choix et chacune d\u2019entre nous est libre de les assumer ou pas. C\u2019est comme \u00e7a que j\u2019\u00e9duque mes filles au quotidien&nbsp;: choisir tout en se respectant.[\/vc_column_text][\/vc_column_inner][\/vc_row_inner][vc_row_inner][vc_column_inner width=\u00a0\u00bb1\/2&Prime;][vc_single_image image=\u00a0\u00bb9336&Prime; alignment=\u00a0\u00bbright\u00a0\u00bb css_animation=\u00a0\u00bbrollIn\u00a0\u00bb][\/vc_column_inner][vc_column_inner width=\u00a0\u00bb1\/2&Prime;][vc_empty_space][vc_custom_heading text=\u00a0\u00bbEquidad\u00a0\u00bb][vc_custom_heading text=\u00a0\u00bbChanteuse\u00a0\u00bb font_container=\u00a0\u00bbtag:h3|text_align:left\u00a0\u00bb][\/vc_column_inner][\/vc_row_inner][vc_row_inner css=\u00a0\u00bb.vc_custom_1613051742211{margin-top: 10px !important;}\u00a0\u00bb][vc_column_inner][vc_column_text el_class=\u00a0\u00bbjustify\u00a0\u00bb]\u00ab&nbsp;On peut dire que je suis une artiste au sens large, puisque je pratique plusieurs arts.<\/p>\n<p>Je n\u2019ai pas re\u00e7u de formation particuli\u00e8re pour le chant, que je pratique de fa\u00e7on inn\u00e9e depuis toujours. Il en est de m\u00eame pour mon 1<sup>er<\/sup> m\u00e9tier (dessinatrice publicitaire), pour lequel j\u2019ai suivi des cours aux Beaux-Arts, en Espagne, pour d\u00e9velopper les pr\u00e9dispositions remarqu\u00e9es par mon entourage lorsque j\u2019\u00e9tais plus jeune.<\/p>\n<p>Si je devais me d\u00e9finir, je dirais que je suis une femme enti\u00e8re &#8211; c\u2019est-\u00e0-dire \u00e0 la fois une femme, une \u00e9pouse, une m\u00e8re et une artiste -, et que je parviens sans difficult\u00e9 \u00e0 tout concilier au quotidien gr\u00e2ce \u00e0 une organisation mentale qui me permet d\u2019assumer le maximum, pour le confort des autres mais aussi pour le mien, en premier lieu. Aucune de ces \u00ab&nbsp;casquette&nbsp;\u00bb ne prend le dessus&nbsp;: je suis enti\u00e8re dans tous les domaines.<\/p>\n<p>Le fait d\u2019\u00eatre une femme n\u2019a ni facilit\u00e9 ni compliqu\u00e9 mon acc\u00e8s \u00e0 la profession de chanteuse, ni sa pratique. J\u2019ai eu la chance que mes capacit\u00e9s soient reconnues par les hommes de mon m\u00e9tier &#8211; et d\u2019autant plus, par les hommes avec lesquels je travaille -, m\u00eame s\u2019il leur est parfois difficile d\u2019accepter ma personnalit\u00e9 quelque peu \u00ab insoumise \u00bb &#8211; je veux dire par l\u00e0 que je suis peu dispos\u00e9e \u00e0 tout accepter sans exprimer ma volont\u00e9. Autrement dit, j\u2019ai toujours eu de bonnes relations avec mes coll\u00e8gues masculins, parce qu\u2019ils ont fait ce que je voulais !&#8230; Et comme je ne veux que des bonnes choses, ils sont oblig\u00e9s de suivre ! &nbsp;\ud83d\ude42<\/p>\n<p>Cela signifie aussi que je n\u2019ai jamais eu \u00e0 me censurer dans mes choix de carri\u00e8re du fait de mon sexe, et que personne ne m\u2019a jamais dissuad\u00e9e de choisir un m\u00e9tier pour cette raison non plus. L\u2019\u00e9ducation forte que j\u2019ai re\u00e7ue de mes parents m\u2019a construite. Je me sens \u00ab ind\u00e9tr\u00f4nable \u00bb &nbsp;\ud83d\ude42 &nbsp;C\u2019est aussi gr\u00e2ce \u00e0 cette \u00e9ducation que j\u2019exerce mon m\u00e9tier sans difficult\u00e9, car on m\u2019a appris \u00e0 faire le maximum avec le minimum, dans tous les domaines.<\/p>\n<p>Finalement, malgr\u00e9 les difficult\u00e9s que j\u2019ai travers\u00e9es dans ma vie, je peux dire que je suis une femme heureuse ! Je consid\u00e8re que ce que j\u2019ai me suffit, mais j\u2019aimerais continuer \u00e0 avoir des id\u00e9es et \u00e0 d\u00e9couvrir de nouvelles choses.<\/p>\n<p>De mani\u00e8re g\u00e9n\u00e9rale, la femme du XXI<sup>\u00e8me<\/sup> si\u00e8cle devrait \u00eatre plus responsable, autonome et aimante. Elle occupe une place primordiale dans le monde, mais qui n\u2019est \u2013 h\u00e9las&nbsp;! &#8211; pas reconnue comme telle encore aujourd\u2019hui&nbsp;! Les femmes revendiquent l\u2019\u00e9galit\u00e9 mais il faudrait plut\u00f4t parler d\u2019&nbsp;\u00ab&nbsp;<em>\u00e9quivalence<\/em> \u00bb, c\u2019est-\u00e0-dire d\u2019\u00ab <em>\u00e9galit\u00e9 de valeur \u00bb<\/em>. Par exemple, dans mon m\u00e9tier, qui est vari\u00e9, la r\u00e9mun\u00e9ration d\u00e9pend de la qualit\u00e9 du travail fourni. Malgr\u00e9 tout, une am\u00e9lioration des salaires, dans tous les secteurs, me para\u00eetrait \u00eatre une n\u00e9cessit\u00e9.<\/p>\n<p>Bien s\u00fbr, hommes et femmes sont diff\u00e9rents par essence. Mais depuis des mill\u00e9naires, la force \u00ab&nbsp;physique&nbsp;\u00bb des hommes a abus\u00e9 de la force \u00ab&nbsp;physique&nbsp;\u00bb des femmes.<\/p>\n<p>D\u2019ailleurs, si l\u2019on compare au si\u00e8cle dernier, la condition f\u00e9minine, n\u2019a pas \u00e9volu\u00e9 de fa\u00e7on positive car l\u2019\u00e9volution que l\u2019on croit avoir eue en 1968 est un leurre&nbsp;: en effet, c\u2019est d\u00e9j\u00e0 \u00e0 ce moment-l\u00e0 qu\u2019il aurait fallu d\u00e9fendre l\u2019\u00e9galit\u00e9 des salaires pour un m\u00eame travail, et mieux consid\u00e9rer la position des femmes au foyer en d\u00e9cidant que ce travail, comme tout autre, m\u00e9ritait salaire. Encore aujourd\u2019hui, une femme qui travaille \u00e0 l\u2019ext\u00e9rieur travaille aussi \u00e0 la maison, mais sans \u00eatre pay\u00e9e davantage pour autant.<\/p>\n<p>Il est difficile d\u2019obtenir la reconnaissance, en tant que femme, que professionnelle, qu\u2019entit\u00e9.&nbsp; L\u2019\u00e9ducation qui apprenait \u00e0 bien se tenir en soci\u00e9t\u00e9 s\u2019est perdue, ce qui fait que les femmes subissent encore aujourd\u2019hui les d\u00e9g\u00e2ts de ces carences d\u2019\u00e9ducation.<\/p>\n<p>\u00c9videmment, si je me r\u00e9f\u00e8re \u00e0 mon parcours personnel, je ne peux pas dire qu\u2019il est difficile d\u2019\u00eatre une femme au XXI<sup>\u00e8me<\/sup> si\u00e8cle. Pour autant, je sais que c\u2019est difficile pour la plupart des femmes, et que tout reste \u00e0 faire. &nbsp;<\/p>\n<p>Dans le futur, les femmes devront continuer \u00e0 \u00eatre responsables, autonomes, aimantes, et avoir le go\u00fbt de vivre&nbsp;: c\u2019est indispensable, et m\u00eame vital. Tout comme il est vital que nous tentions de nous comprendre, entre femmes, et avec les hommes.&nbsp;<\/p>\n<p>Il faut un peu d\u2019utopie pour s\u2019\u00e9lever, vouloir et voir du mieux ! &nbsp;\ud83d\ude42[\/vc_column_text][\/vc_column_inner][\/vc_row_inner][vc_row_inner][vc_column_inner width=\u00a0\u00bb1\/2&Prime;][vc_empty_space][vc_custom_heading text=\u00a0\u00bbIsabelle\u00a0\u00bb][vc_custom_heading text=\u00a0\u00bbEnseignante et Plasticienne\u00a0\u00bb font_container=\u00a0\u00bbtag:h3|text_align:left\u00a0\u00bb][\/vc_column_inner][vc_column_inner width=\u00a0\u00bb1\/2&Prime;][vc_single_image image=\u00a0\u00bb9337&Prime; alignment=\u00a0\u00bbright\u00a0\u00bb css_animation=\u00a0\u00bbrollIn\u00a0\u00bb][\/vc_column_inner][\/vc_row_inner][vc_row_inner css=\u00a0\u00bb.vc_custom_1613051742211{margin-top: 10px !important;}\u00a0\u00bb][vc_column_inner][vc_column_text el_class=\u00a0\u00bbjustify\u00a0\u00bb]J\u2019ai, disons, une \u00ab&nbsp;double casquette&nbsp;\u00bb : enseignante et artiste plasticienne. Mais je ne parlerai pas vraiment de \u00ab&nbsp;m\u00e9tier&nbsp;\u00bb concernant l\u2019art, m\u00eame s\u2019il demande travail et pratique, et offre la possibilit\u00e9 de gagner sa vie (difficilement pour la majorit\u00e9 des artistes). L\u2019art est pour moi un domaine qui englobe l\u2019\u00eatre entier, la vie et l\u2019\u0153uvre. Je ne suis pas malheureuse, dans ma vie professionnelle, mais je serai pleinement heureuse lorsque je pourrai revenir \u00e0 mes premi\u00e8res amours : l\u2019art, et rien que l\u2019art !<\/p>\n<p>J\u2019ai suivi une formation universitaire en arts plastiques, qui m\u2019a amen\u00e9e \u00e0 obtenir une agr\u00e9gation et \u00e0 exercer le m\u00e9tier d\u2019enseignante en arts plastiques. Parall\u00e8lement \u00e0 mon m\u00e9tier, j\u2019ai essay\u00e9 de maintenir une pratique artistique, mais les deux sont difficilement conciliables, tout du moins de fa\u00e7on r\u00e9guli\u00e8re et permanente, car l\u2019art demande une disponibilit\u00e9 d\u2019esprit et d\u2019\u00eatre \u00e0 part enti\u00e8re, ce que l\u2019enseignement (malgr\u00e9 les vacances !) ne laisse pas forc\u00e9ment.<\/p>\n<p>L\u2019enseignement est un secteur fortement f\u00e9minis\u00e9. Pour ma part, j\u2019ai exerc\u00e9 ce m\u00e9tier sans jamais ressentir de diff\u00e9rence entre le fait d\u2019\u00eatre une femme ou un homme, mais il existe cependant quelques in\u00e9galit\u00e9s, puisque les femmes ont parfois moins acc\u00e8s \u00e0 certains postes \u00e9lev\u00e9s, et que l\u2019\u00e9galit\u00e9 salariale (\u00ab \u00e0 travail \u00e9gal, salaire \u00e9gal \u00bb) n\u2019est pas toujours effective. Par ailleurs, dans la pratique du m\u00e9tier, je per\u00e7ois parfois (surtout pas de g\u00e9n\u00e9ralit\u00e9s) plus de diff\u00e9rence entre hommes et femmes au niveau de la figure autoritaire que peut avoir un enseignant homme face aux adolescents, ainsi qu\u2019au niveau d\u2019une certaine fatigue physique et nerveuse, davantage exprim\u00e9e chez les enseignantes. Du c\u00f4t\u00e9 du public d\u2019adolescents, j\u2019ai constat\u00e9 tr\u00e8s souvent une plus grande maturit\u00e9 chez les filles, \u00e0 \u00e2ge \u00e9gal&#8230; m\u00eame s\u2019il ne faut pas g\u00e9n\u00e9raliser, bien s\u00fbr ! &nbsp;\ud83d\ude42<\/p>\n<p>Je pense que l\u2019on ne peut pas parler de la femme du XXI<sup>\u00e8me<\/sup> si\u00e8cle sans la replacer dans la lign\u00e9e de femmes qui se sont battues avant elle afin d\u2019obtenir certains droits, au m\u00eame titre que les hommes. Sans pour autant dresser une liste exhaustive, je souhaiterais citer certaines figures, ou certaines dates cl\u00e9s importantes dans l\u2019avanc\u00e9e des droits de la femme.<\/p>\n<p>Ainsi, fin XVIII<sup>\u00e8me<\/sup> si\u00e8cle, Olympe de Gouges (n\u00e9e \u00e0 Montauban), consid\u00e9r\u00e9e comme pionni\u00e8re du f\u00e9minisme en France, femme de lettres et femme politique, r\u00e9digea une d\u00e9claration : \u00ab&nbsp;La femme na\u00eet libre et demeure \u00e9gale \u00e0 l\u2019homme en droits&nbsp;\u00bb. Fin XIX<sup>\u00e8me<\/sup> si\u00e8cle, sous la III<sup>\u00e8me<\/sup> R\u00e9publique, les jeunes filles ont droit \u00e0 l\u2019instruction au m\u00eame titre que les gar\u00e7ons. En 1945, les femmes obtiennent le droit de vote. En 1965, elles peuvent ouvrir un compte bancaire. En 1971 para\u00eet le manifeste des \u00ab&nbsp;343 salopes&nbsp;\u00bb qui r\u00e9clament l\u2019avortement libre, avec notamment Gis\u00e8le Halimi et Simone de Beauvoir. En 1975, est vot\u00e9 le droit \u00e0 l\u2019IVG, gr\u00e2ce \u00e0 Simone Veil, qui fait adopter la \u00ab&nbsp;loi Veil&nbsp;\u00bb et devient ic\u00f4ne de la lutte contre la discrimination des femmes en France\u2026<\/p>\n<p>Au XXI<sup>\u00e8me<\/sup> si\u00e8cle, d\u2019autres combats sont men\u00e9s ou restent \u00e0 mener comme, par exemple, la parit\u00e9 entre hommes et femmes, l\u2019\u00e9galit\u00e9 professionnelle, l\u2019\u00e9galit\u00e9 dans le traitement des salaires, la lutte contre les violences faites aux femmes, contre les agissements sexistes, contre le harc\u00e8lement sexuel, contre le mariage forc\u00e9, l\u2019excision\u2026<\/p>\n<p>Aujourd\u2019hui, est mise en question la notion du genre f\u00e9minin\/masculin. Il y a aussi un grand mouvement de lib\u00e9ration de la parole, des Femen \u00e0 #MeToo, en passant par #BalanceTon porc, apr\u00e8s certaines r\u00e9v\u00e9lations et les t\u00e9moignages de victimes d\u2019agressions sexuelles comme, par exemple, l\u2019affaire du producteur de cin\u00e9ma Weinstein. La voie est ouverte pour faire entendre la voix des femmes\u2026<\/p>\n<p>Si actuellement, dans les soci\u00e9t\u00e9s occidentales, la femme a acquis des droits comblant les in\u00e9galit\u00e9s au niveau social entre hommes et femmes, il y a cependant des r\u00e9gressions comme par exemple en Pologne, avec un retour en arri\u00e8re et une quasi interdiction de l\u2019IVG, ou encore aux USA, o\u00f9 cette libert\u00e9 est menac\u00e9e par les mouvements anti-avortement des catholiques traditionnalistes.<\/p>\n<p>Hors occident, de nombreux pays bafouent les droits des femmes comme en Arabie Saoudite, en Somalie, en Syrie, en Afghanistan (\u2026), o\u00f9 celles-ci n\u2019ont aucun droit : mariage forc\u00e9, excision, obligation d\u2019\u00eatre vierge avant le mariage, lapidation pour adult\u00e8re, interdiction de sortir seule, d\u2019\u00eatre scolaris\u00e9e\u2026<\/p>\n<p>Tant de parcours encore reste \u00e0 accomplir, de par le monde, en faveur de l\u2019\u00e9galit\u00e9 homme\/femme au niveau social, politique, \u00e9conomique ou l\u00e9gal, et cela quelle que soit la culture; ou le pays !<\/p>\n<p>Malgr\u00e9 tout, s\u2019agissant d\u2019une soci\u00e9t\u00e9 dans laquelle les droits fondamentaux de tout \u00eatre humain sont respect\u00e9s, il est plus facile d\u2019\u00eatre une femme au XXI<sup>\u00e8me<\/sup>&nbsp;si\u00e8cle &#8211; en tous cas dans les soci\u00e9t\u00e9s occidentales \u2013 mais, au-del\u00e0 d\u2019\u00eatre une femme, il existe aussi des facteurs plus personnels et psychologiques qui permettent de se r\u00e9aliser tels que sa capacit\u00e9 \u00e0 s\u2019affirmer, \u00e0 avoir une bonne estime de soi, \u00e0 faire ses propres choix sans influence, \u00e0 sentir ce qui est bon pour soi et aller au bout de ses r\u00eaves\u2026.<\/p>\n<p>Pour parler d\u2019un domaine que je connais, &#8211; sans diff\u00e9rencier le domaine artistique en fonction du genre f\u00e9minin\/masculin-, certaines femmes artistes ont d\u00fb se battre afin d&rsquo;acqu\u00e9rir une place au m\u00eame titre que les hommes et, gr\u00e2ce \u00e0 la force de leur art et \u00e0 leur engagement, ont contribu\u00e9 \u00e0 modifier le regard de la soci\u00e9t\u00e9 vis-\u00e0-vis d\u2019elles.<\/p>\n<p>Prenons, par exemple, Elisabeth Vig\u00e9e Lebrun qui, \u00e0 la fin du XVIII<sup>\u00e8me<\/sup> si\u00e8cle acc\u00e8de \u00e0 la tr\u00e8s masculine Acad\u00e9mie Royale de peinture et de sculpture, alors qu\u2019\u00e0 l\u2019\u00e9poque les artistes femmes n\u2019avaient m\u00eame pas le droit d\u2019acc\u00e9der aux ateliers de nus, sauf comme mod\u00e8le !<\/p>\n<p>Plus proche de nous, Niki de Saint Phalle, d\u2019abord mannequin puis artiste a, par sa vie et son \u0153uvre &#8211; dont la s\u00e9rie des \u00ab&nbsp; Nanas&nbsp; \u00bb ou les \u00ab&nbsp; Nanas noires&nbsp; \u00bb -, contribu\u00e9 \u00e0 modifier le regard port\u00e9 sur la femme ou encore, a soulev\u00e9 des questions telles que la difficult\u00e9 des personnes de couleur \u00e0 s&rsquo;imposer dans un monde de blancs, tout comme la difficult\u00e9 pour les femmes de trouver leur place dans un monde d&rsquo;hommes.<\/p>\n<p>Je pourrais aussi \u00e9voquer Georgia O\u2019keefe, \u00e0 qui le pr\u00e9sident Gerald Ford remit, en 1977, la m\u00e9daille pr\u00e9sidentielle de la Libert\u00e9. Cette artiste, pionni\u00e8re de l\u2019abstraction et figure mod\u00e8le pour les critiques f\u00e9ministes, a toujours r\u00e9fut\u00e9 l\u2019id\u00e9e d&rsquo;associer son art \u00e0 son corps de femme, et son regard a t\u00e9moign\u00e9 de la difficult\u00e9 d\u2019\u00eatre artiste avant d\u2019\u00eatre femme.<\/p>\n<p>Enfin, je citerai Louise Bourgeois qui, dans les ann\u00e9es 1970, a soutenu de jeunes artistes femmes et a particip\u00e9 \u00e0 des expositions militantes organis\u00e9es par le MLF (Mouvement de Lib\u00e9ration des Femmes). Pour autant, Louise Bourgeois ne se revendiqua pas comme \u00ab&nbsp;f\u00e9ministe&nbsp;\u00bb&nbsp;: \u00ab&nbsp; Je suis une femme, je n&rsquo;ai donc pas besoin d&rsquo;\u00eatre f\u00e9ministe&nbsp; \u00bb. &nbsp;<\/p>\n<p>Quant aux futures g\u00e9n\u00e9rations de femmes, il ne faut pas se cacher que, malgr\u00e9 les avanc\u00e9es, les batailles men\u00e9es et gagn\u00e9es, rien ne va de soi, et il faut \u00eatre vigilant afin de garder les acquis des g\u00e9n\u00e9rations pr\u00e9c\u00e9dentes et continuer dans cette voie pour les g\u00e9n\u00e9rations futures. Je crois \u00e0 l\u2019individu, \u00e0 sa capacit\u00e9 de faire bouger les choses \u00e0 sa mesure, autour de lui, et ainsi faire \u00ab&nbsp;boule de neige&nbsp;\u00bb.<\/p>\n<p>Chacun de nous, homme et femme, porte la responsabilit\u00e9 de ce qui peut advenir des g\u00e9n\u00e9rations futures, concernant les droits de la femme, mais aussi et plus largement, des droits de l\u2019Homme et, je dirais, de tout \u00eatre vivant, de l\u2019animal &#8211; l\u2019Homme faisant parti du r\u00e8gne animal &#8211; \u00e0 son milieu de vie naturel qu\u2019il faut pr\u00e9server.<\/p>\n<p>Je voudrais conclure en rendant un hommage personnel aux femmes de ma famille, mais pas que\u2026&nbsp;: &nbsp;<\/p>\n<ul>\n<li>&nbsp;\u00e0 ma grand-m\u00e8re maternelle qui, ayant perdu ses parents tr\u00e8s jeune, a d\u00fb travailler avec courage \u00e0 l\u2019\u00e2ge de 9 ans,<\/li>\n<li>&nbsp;\u00e0 ma grand-m\u00e8re paternelle qui, ayant perdu son mari pendant la Grande Guerre, a d\u00fb voir son fils et son gendre partir \u00e0 la guerre 39-45 et a fait face avec courage, comme nombre de femmes \u00e0 cette \u00e9poque.<\/li>\n<li>&nbsp; \u00e0 ma m\u00e8re, qui a sacrifi\u00e9 une partie de sa vie afin de s\u2019occuper des autres,<\/li>\n<li>&nbsp;\u00e0 mon p\u00e8re, enfin, qui f\u00fbt pour moi un mod\u00e8le : non pas \u00ab l\u2019homme qui aimait les femmes \u00bb &#8211; ce serait mal interpr\u00e9t\u00e9 ! -, mais un homme respectueux de la femme et de tout \u00eatre humain.<\/li>\n<\/ul>\n<p>[\/vc_column_text][\/vc_column_inner][\/vc_row_inner][vc_row_inner][vc_column_inner width=\u00a0\u00bb1\/2&Prime;][vc_single_image image=\u00a0\u00bb9326&Prime; alignment=\u00a0\u00bbright\u00a0\u00bb css_animation=\u00a0\u00bbrollIn\u00a0\u00bb][\/vc_column_inner][vc_column_inner width=\u00a0\u00bb1\/2&Prime;][vc_empty_space][vc_custom_heading text=\u00a0\u00bbLaure\u00a0\u00bb][vc_custom_heading text=\u00a0\u00bbAgricultrice\u00a0\u00bb font_container=\u00a0\u00bbtag:h3|text_align:left\u00a0\u00bb][\/vc_column_inner][\/vc_row_inner][vc_row_inner css=\u00a0\u00bb.vc_custom_1613051742211{margin-top: 10px !important;}\u00a0\u00bb][vc_column_inner][vc_column_text el_class=\u00a0\u00bbjustify\u00a0\u00bb]Je me d\u00e9finis comme une femme chef d\u2019entreprise. J\u2019ai une formation agricole (BTS de gestion des entreprises agricoles), \u00e0 laquelle j\u2019ai pu acc\u00e9der facilement, m\u00eame en \u00e9tant une femme, mais dans laquelle j\u2019ai d\u00fb faire mes preuves pour m\u2019imposer&nbsp;: en classe, nous n\u2019\u00e9tions que 4 ou 5 filles pour 20 gar\u00e7ons. Cette formation, je l\u2019ai choisie en c\u00f4toyant mes grands-parents qui \u00e9taient m\u00e9tayers&nbsp;: un jour j\u2019ai d\u00fb courir apr\u00e8s les vaches pour les rattraper et j\u2019ai eu le d\u00e9clic&nbsp;! Avant cela, je me destinais soit au m\u00e9tier de chauffeur de poids-lourds, soit \u00e0 celui d\u2019infirmi\u00e8re. Mes parents ont respect\u00e9 mon choix&nbsp;; Papa \u00e9tait plut\u00f4t content, d\u2019ailleurs, comme je trainais toujours avec lui, dans le jardin, ou \u00e0 faire de la m\u00e9canique ou du bricolage&nbsp;; par contre, mes parents n\u2019ont jamais voulu que je passe le permis de chasse&nbsp;: mon grand-p\u00e8re voulait me donner son fusil, puisque je le suivais \u00e0 la chasse, mais j\u2019ai d\u00fb attendre l\u2019\u00e2ge de 40 ans pour passer le permis. Aujourd\u2019hui, je chasse le gros gibier&nbsp;; mais je confirme que le monde de la chasse est bel et bien un monde d\u2019hommes&nbsp;: lorsque j\u2019ai pass\u00e9 le permis, nous \u00e9tions seulement deux femmes&nbsp;!<\/p>\n<p>Je suis une femme d\u00e9termin\u00e9e. Pour chaque difficult\u00e9 qui se pr\u00e9sente \u00e0 moi, je fais en sorte de la contourner ou de mettre en place des strat\u00e9gies pour la passer. J\u2019\u00e9volue constamment dans ma vie. Je ne suis pas du genre fataliste ni du genre \u00e0 subir en me disant que c\u2019est comme \u00e7a et que je n\u2019y peux rien. Cela prend parfois plus de temps, mais j\u2019essaie toujours d\u2019arriver \u00e0 mes fins.<\/p>\n<p>Ma journ\u00e9e type commence \u00e0 6 h, 7 jours sur 7. Je d\u00e9marre la journ\u00e9e avec ma casquette de \u00ab&nbsp;Femme d\u2019int\u00e9rieur&nbsp;\u00bb : lessive, pr\u00e9paration des repas, et petit d\u00e9jeuner. Puis, \u00e0 7 h, direction le poulailler pour trois bonnes heures de travail&nbsp;: soins \u00e0 mes poules et ramassage des \u0153ufs. Le plus difficile, au quotidien, c\u2019est le poids que je dois porter (seaux d\u2019\u0153ufs et balles de foin), et les r\u00e9parations \u00e0 faire en cas de panne. Mais je mets un point d\u2019honneur \u00e0 me d\u00e9brouiller seule &#8211; sans doute par fiert\u00e9 \u2013 et je n\u2019appelle au secours qu\u2019en tout dernier recours. En milieu de matin\u00e9e, je rentre \u00e0 la maison pour du travail de bureau ou de m\u00e9nage, suivant les jours. Je mets ma casquette d\u2019\u00e9pouse au moment du repas puis, vers 14h, je repars au poulailler jusqu\u2019\u00e0 17 h. Souvent, j\u2019ai la fin de journ\u00e9e pour moi\u2026 mais en ce moment, avec le couvre-feu, je ne peux pas faire grand-chose\u2026<\/p>\n<p>En fin de compte, ce qui me manque le plus dans ma vie, c\u2019est de ne plus voyager. Lorsque j\u2019\u00e9tais jeune, le travail de mon p\u00e8re faisait que nous voyagions beaucoup. La s\u00e9dentarit\u00e9 li\u00e9e \u00e0 mon m\u00e9tier me p\u00e8se un peu, parfois.&nbsp;<\/p>\n<p>Le monde agricole est un monde traditionnel, avec plein de codes qui persistent, et qui n\u2019\u00e9voluent que tr\u00e8s lentement. Lorsque j\u2019ai commenc\u00e9, les anciennes g\u00e9n\u00e9rations ne comprenaient pas qu\u2019une femme pr\u00e9f\u00e8re travailler \u00e0 l\u2019ext\u00e9rieur plut\u00f4t que rester \u00e0 la maison \u00e0 s\u2019occuper des t\u00e2ches m\u00e9nag\u00e8res et du foyer. Je me suis souvent entendue dire que \u00e7a ne valait pas le coup, financi\u00e8rement parlant, puisqu\u2019il fallait faire garder les enfants, et payer une femme de m\u00e9nage. J\u2019ai donc d\u00fb apporter la preuve, bulletin de paie \u00e0 l\u2019appui, que j\u2019avais fait le bon choix, que je gagnais effectivement ma vie en travaillant \u00e0 l\u2019ext\u00e9rieur. Pour les nouvelles g\u00e9n\u00e9rations, ce probl\u00e8me ne se posera pas&nbsp;: l\u2019\u00e9ducation actuelle ne pr\u00f4ne plus la \u00ab&nbsp;femme au foyer&nbsp;\u00bb \u00e0 tout prix.<\/p>\n<p>Les femmes se sont battues pour conqu\u00e9rir leur place dans la soci\u00e9t\u00e9, que ce soit pour acc\u00e9der \u00e0 tous les m\u00e9tiers, ou dans leur quotidien (vie familiale, associative,&#8230;). Et, depuis l\u2019apr\u00e8s-guerre, nous avons assist\u00e9 \u00e0 des avanc\u00e9es impressionnantes&nbsp;: la technologie est venue aider les femmes dans leur quotidien, l\u2019\u00e9lectricit\u00e9 et l\u2019eau ont \u00e9t\u00e9 amen\u00e9es jusqu\u2019aux maisons, &#8230;etc. Tout cela a consid\u00e9rablement facilit\u00e9 la vie des femmes.<\/p>\n<p>A mon avis, la soci\u00e9t\u00e9 a d\u00e9sormais atteint une sorte de palier dans le progr\u00e8s, et il ne faudrait pas tomber dans l\u2019exc\u00e8s inverse, c\u2019est-\u00e0-dire cr\u00e9er un d\u00e9s\u00e9quilibre dans l\u2019autre sens, en g\u00e9n\u00e9rant des \u00ab&nbsp;hommes au foyer&nbsp;\u00bb \u00e0 qui l\u2019on ferait subir ce qu\u2019ils nous ont fait subir. Reste \u00e0 savoir si la soci\u00e9t\u00e9 sera assez sage pour conserver l\u2019\u00e9quilibre&nbsp;?<\/p>\n<p>Cela dit, il reste de nombreux progr\u00e8s \u00e0 faire sur le plan comportemental&nbsp;: on entend encore trop souvent parler de femmes rabaiss\u00e9es, battues, viol\u00e9es&#8230; Sans doute que la circulation de l\u2019information favorise notre connaissance accrue de ce ph\u00e9nom\u00e8ne qui existait d\u00e9j\u00e0, mais cela reste bien trop fr\u00e9quent et inacceptable, malgr\u00e9 tout. Heureusement, certaines associations contribuent \u00e0 am\u00e9liorer la condition f\u00e9minine, en France et dans le monde car, dans certains pays, encore aujourd\u2019hui, tout ce que la soci\u00e9t\u00e9 attend d\u2019une femme, c\u2019est \u00ab&nbsp;sois belle, tais-toi et fais \u00e0 manger&nbsp;\u00bb&nbsp;!<\/p>\n<p>Ce n\u2019est pas toujours facile, d\u2019\u00eatre une femme au XXI<sup>\u00e8me<\/sup> si\u00e8cle : il faut \u00eatre tr\u00e8s \u00e9nergique, pour tout assumer au quotidien&nbsp;! Certes, nous avons revendiqu\u00e9 ce mode de vie, mais ce n\u2019est pas facile \u00e0 g\u00e9rer au jour le jour pour autant. Il faut assumer l\u2019\u00e9galit\u00e9, sachant que les hommes de notre entourage n\u2019ont pas toujours cette vision-l\u00e0 des choses, de par leur \u00e9ducation. &nbsp;<\/p>\n<p>Pour ma part, j\u2019ai mis en place des strat\u00e9gies pour me faciliter le quotidien, strat\u00e9gies qui sont d\u2019ailleurs parfois reprises par les hommes&nbsp;! Comme j\u2019ai tenu \u00e0 ce que les enfants fassent des activit\u00e9s en dehors du cercle familial, pour favoriser leur \u00e9panouissement, il a fallu jongler entre mon travail et leurs emplois du temps respectifs&nbsp;; je dois avouer que cela m\u2019a co\u00fbt\u00e9 en terme de disponibilit\u00e9 et donc de temps r\u00e9serv\u00e9 pour moi. C\u2019est pourquoi, j\u2019ai entrepris de d\u00e9l\u00e9guer certaines t\u00e2ches \u00e0 mes enfants, lorsque j\u2019estimais qu\u2019ils en \u00e9taient capables. Cela n\u2019a pas \u00e9t\u00e9 simple tous les jours&nbsp;; j\u2019ai d\u00fb g\u00e9rer ma maison un peu comme une entreprise. Mais j\u2019avais besoin de prendre un peu de temps pour moi, ce que j\u2019ai fait en m\u2019investissant dans le monde associatif pendant 6 ans, pour sortir du quotidien de mon activit\u00e9. Ainsi, je suis devenue b\u00e9n\u00e9vole aux \u00ab&nbsp;Restos du C\u0153ur&nbsp;\u00bb puis responsable de centre pendant 3 ans. J\u2019aime les petits challenges qui changent le quotidien. Mais je reconnais que cela n\u2019a \u00e9t\u00e9 possible que parce que j\u2019ai su d\u00e9l\u00e9guer. Autrement dit, pour \u00eatre une femme du XXI<sup>\u00e8me<\/sup> si\u00e8cle avec plusieurs casquettes, savoir d\u00e9l\u00e9guer est primordial&nbsp;! D\u2019ailleurs, je pense que cela a rendu service \u00e0 mes enfants, en fin de compte, \u00e7a les a pr\u00e9par\u00e9s \u00e0 la vie active.<\/p>\n<p>A pr\u00e9sent que les enfants sont grands, j\u2019ai trouv\u00e9 le moyen de m\u2019am\u00e9nager du temps pour moi en recrutant une aide pour mon activit\u00e9&nbsp;; mais ce temps en plus, je dois finalement le consacrer \u00e0 d\u2019autres t\u00e2ches familiales impr\u00e9vues&nbsp;!&nbsp; Malgr\u00e9 tout, cela ne m\u2019emp\u00eache pas d\u2019\u00eatre heureuse, et je suis tr\u00e8s fi\u00e8re de mes enfants&nbsp;: tous trois ont un emploi, un logement et ils ont r\u00e9ussi&#8230;. que pouvais-je esp\u00e9rer de mieux&nbsp;?&nbsp;![\/vc_column_text][\/vc_column_inner][\/vc_row_inner][vc_row_inner][vc_column_inner width=\u00a0\u00bb1\/2&Prime;][vc_single_image image=\u00a0\u00bb9327&Prime; alignment=\u00a0\u00bbright\u00a0\u00bb css_animation=\u00a0\u00bbrollIn\u00a0\u00bb][\/vc_column_inner][vc_column_inner width=\u00a0\u00bb1\/2&Prime;][vc_empty_space][vc_custom_heading text=\u00a0\u00bbLaurie\u00a0\u00bb][vc_custom_heading text=\u00a0\u00bb\u00c9tudiante\u00a0\u00bb font_container=\u00a0\u00bbtag:h3|text_align:left\u00a0\u00bb][\/vc_column_inner][\/vc_row_inner][vc_row_inner css=\u00a0\u00bb.vc_custom_1613051742211{margin-top: 10px !important;}\u00a0\u00bb][vc_column_inner][vc_column_text el_class=\u00a0\u00bbjustify\u00a0\u00bb]Je me d\u00e9finis comme une jeune femme \u00e9tudiante, actuellement en deuxi\u00e8me ann\u00e9e de licence de psychologie. Dans ce milieu-l\u00e0, il faut savoir se d\u00e9marquer&nbsp;: j\u2019ai pour principe de ne jamais abandonner, quel que soit le projet que j\u2019entreprends (\u00e9tudes, vie personnelle, projet au sein de mon universit\u00e9).<\/p>\n<p>Pour autant, le fait d\u2019\u00eatre une femme n\u2019a pas frein\u00e9 mon entr\u00e9e \u00e0 l\u2019universit\u00e9, puisque la s\u00e9lection se faisait sur dossier. De m\u00eame, pour ma future profession de psychologue, je ne pense pas que cela soit un frein, car nous sommes majoritairement des filles, dans notre promotion et dans ce secteur. Cela pourrait m\u00eame \u00eatre b\u00e9n\u00e9fique, au dire de certains professeurs, qui nous consid\u00e8rent plus s\u00e9rieuses au vu des meilleurs r\u00e9sultats scolaires. Je n\u2019ai jamais remarqu\u00e9 cela, personnellement, mais cette diff\u00e9rence, nous l\u2019avons d\u00e9duite, mes coll\u00e8gues et moi, dans le cadre d\u2019un dossier sur l\u2019influence du sexe sur l\u2019orientation des \u00e9l\u00e8ves, \u00e0 partir d\u2019une analyse que nous avons faites des \u00e9l\u00e9ments th\u00e9oriques de diff\u00e9rents chercheurs, pour lesquels cette conclusion ressortait tr\u00e8s souvent.<\/p>\n<p>D\u2019ailleurs, je ne pense pas non plus qu\u2019il s\u2019agisse de favoritisme envers les filles, mais plut\u00f4t que les filles y accordent plus d\u2019int\u00e9r\u00eat, peut-\u00eatre de mani\u00e8re inconsciente. Pour ma part, j\u2019ai toujours voulu faire un m\u00e9tier dans le social&nbsp;; ce n\u2019est pas le r\u00e9sultat d\u2019une \u00ab&nbsp;autocensure&nbsp;\u00bb m\u2019interdisant de choisir un m\u00e9tier en raison de mon sexe.<\/p>\n<p>Dans notre universit\u00e9, la diff\u00e9rence homme\/femme n\u2019existe pas forc\u00e9ment, il n\u2019y a aucun jugement. La majorit\u00e9 des personnes ont l\u2019esprit ouvert, pour \u00e9changer et travailler avec tout le monde, quel que soit le sexe et\/ou le genre. Dans mes \u00e9tudes, nous devons assister \u00e0 diff\u00e9rents cours (psychologie sociale, cognitive\u2026) et tr\u00e8s souvent travailler en groupe, avec des personnes que nous ne connaissons pas toujours. Pour ma part, je ne ressens aucune diff\u00e9rence entre filles et gar\u00e7ons, que ce soit entre nous ou les professeurs envers nous.&nbsp;<\/p>\n<p>Par cons\u00e9quent, je peux dire que je suis heureuse et \u00e9panouie dans mes \u00e9tudes. M\u00eame si, le contexte fait qu\u2019\u00e9tant \u00e9tudiante, le \u00ab&nbsp;distanciel&nbsp;\u00bb et la rupture de nos liens sociaux ne sont pas faciles \u00e0 vivre, surtout en psychologie qui fait partie des sciences humaines et sociales\u2026c\u2019est un peu contradictoire, mais nous n\u2019avons pas le choix&nbsp;!<\/p>\n<p>Dans notre soci\u00e9t\u00e9, je trouve que la femme est davantage mise en valeur qu\u2019autrefois. En effet, avant, elle n\u2019avait pas forc\u00e9ment acc\u00e8s \u00e0 tous types de m\u00e9tiers \u2013 bien qu\u2019aujourd\u2019hui, certaines professions ne leur soient pas trop accessibles \u2013, mais \u00e0 pr\u00e9sent, elles obtiennent de plus en plus de responsabilit\u00e9s dans ce domaine-l\u00e0, comme dans la direction d\u2019entreprises. De plus, il y avait une in\u00e9galit\u00e9 de salaires entre les hommes et les femmes, mais j\u2019ai l\u2019impression que cette diff\u00e9rence tend \u00e0 se r\u00e9duire progressivement, avec le temps. Cependant, la femme reste parfois fragile et soumise, comme dans le cas des violences conjugales, qui restent un sujet majeur dans la soci\u00e9t\u00e9 fran\u00e7aise, n\u00e9cessitant encore une am\u00e9lioration.<\/p>\n<p>La femme du XXI<sup>\u00e8me<\/sup> si\u00e8cle dispose de plusieurs opportunit\u00e9s qu\u2019elle ne pouvait pas forc\u00e9ment avoir auparavant, comme dans le domaine du travail ou encore au niveau de son temps libre. Elle est de moins en moins associ\u00e9e \u00e0 certains st\u00e9r\u00e9otypes tels que&nbsp;: \u00ab&nbsp;La femme doit rester \u00e0 la maison pour ex\u00e9cuter les t\u00e2ches m\u00e9nag\u00e8res.&nbsp;\u00bb, et nous constatons une lib\u00e9ration de la parole des femmes.<\/p>\n<p>Il y a eu une \u00e9volution positive, m\u00eame si certaines diff\u00e9rences restent encore pr\u00e9sentes (salaire, favoritisme dans certains m\u00e9tiers). Les femmes sont davantage \u00e9cout\u00e9es et de nombreuses associations sont cr\u00e9\u00e9es afin de les accompagner dans diverses situations difficiles (planning familial, violences conjugales\u2026).<\/p>\n<p>A mon avis, les femmes des g\u00e9n\u00e9rations futures seront de plus en plus mises en valeur&nbsp;: nous le voyons d\u00e8s \u00e0 pr\u00e9sent dans la justice, qui prend en compte la condition de la femme dans notre soci\u00e9t\u00e9 et favorise la libert\u00e9 de parole des femmes. Elles ont d\u00e9sormais la possibilit\u00e9 de pratiquer des sports auparavant consid\u00e9r\u00e9s comme \u00ab&nbsp;r\u00e9serv\u00e9s&nbsp;\u00bb aux gar\u00e7ons, ou encore de prendre du temps pour elles. Toutes ces modifications sont, pour moi, de bon augure pour la suite.[\/vc_column_text][\/vc_column_inner][\/vc_row_inner][vc_row_inner css=\u00a0\u00bb.vc_custom_1613053118412{margin-top: 0px !important;}\u00a0\u00bb][vc_column_inner width=\u00a0\u00bb1\/2&Prime;][vc_empty_space][vc_custom_heading text=\u00a0\u00bbMyuzhgyan\u00a0\u00bb font_container=\u00a0\u00bbtag:h2|text_align:right\u00a0\u00bb][vc_custom_heading text=\u00a0\u00bbAdjointe Technique\u00a0\u00bb font_container=\u00a0\u00bbtag:h3|text_align:right\u00a0\u00bb][\/vc_column_inner][vc_column_inner width=\u00a0\u00bb1\/2&Prime;][vc_single_image image=\u00a0\u00bb9340&Prime; css_animation=\u00a0\u00bbrollIn\u00a0\u00bb][\/vc_column_inner][\/vc_row_inner][vc_row_inner css=\u00a0\u00bb.vc_custom_1613052066851{margin-top: 10px !important;}\u00a0\u00bb][vc_column_inner][vc_column_text el_class=\u00a0\u00bbjustify\u00a0\u00bb]Le sentiment le plus fier, dans ce monde, est d&rsquo;\u00eatre une femme, mais aussi d&rsquo;\u00eatre une femme dans la t\u00e2che la plus difficile.<\/p>\n<p>La femme fran\u00e7aise a parcouru un long chemin d&rsquo;hier \u00e0 aujourd&rsquo;hui, comme les femmes du monde.<\/p>\n<p>Nous avons d\u00e9sormais un profil f\u00e9minin fort et libre, qui met davantage l&rsquo;accent sur la vie professionnelle. Je crois que nous avons r\u00e9ussi \u00e0 \u00eatre \u00e0 la fois une bonne \u00e9pouse, une bonne m\u00e8re et une bonne femme au foyer, tout en dirigeant notre vie professionnelle en m\u00eame temps. Je pense que nous avons montr\u00e9 aux jeunes g\u00e9n\u00e9rations que les femmes peuvent \u00eatre fortes et \u00e9gales aux hommes.<\/p>\n<p>Je suis tr\u00e8s heureuse d\u2019\u00eatre n\u00e9e femme, et je crois que toutes les femmes sont d&rsquo;accord avec moi.[\/vc_column_text][vc_zigzag el_width=\u00a0\u00bb70&Prime;][\/vc_column_inner][\/vc_row_inner][vc_row_inner css=\u00a0\u00bb.vc_custom_1613053118412{margin-top: 0px !important;}\u00a0\u00bb][vc_column_inner width=\u00a0\u00bb1\/2&Prime;][vc_empty_space][vc_custom_heading text=\u00a0\u00bbPierrette\u00a0\u00bb font_container=\u00a0\u00bbtag:h2|text_align:right\u00a0\u00bb][vc_custom_heading text=\u00a0\u00bbRetrait\u00e9e \u2013 Vie Associative\u00a0\u00bb font_container=\u00a0\u00bbtag:h3|text_align:right\u00a0\u00bb][\/vc_column_inner][vc_column_inner width=\u00a0\u00bb1\/2&Prime;][vc_single_image image=\u00a0\u00bb9328&Prime; css_animation=\u00a0\u00bbrollIn\u00a0\u00bb][\/vc_column_inner][\/vc_row_inner][vc_row_inner css=\u00a0\u00bb.vc_custom_1613052066851{margin-top: 10px !important;}\u00a0\u00bb][vc_column_inner][vc_column_text el_class=\u00a0\u00bbjustify\u00a0\u00bb]Si je devais me d\u00e9finir, je dirais que je suis une femme \u00e9quilibr\u00e9e, remplissant au mieux son r\u00f4le d\u2019\u00e9pouse et de ma\u00eetresse de maison, de m\u00e8re et de grand-m\u00e8re, et de responsable associative. Mon quotidien est rempli de ces diff\u00e9rentes \u00ab&nbsp;casquettes&nbsp;\u00bb, que je concilie avec bonne volont\u00e9 et disponibilit\u00e9, et mon engagement dans la vie culturelle et associative parach\u00e8ve mon \u00e9panouissement.<\/p>\n<p>Autrement dit, je suis une femme de mon temps, puisque la femme du XXI<sup>\u00e8me<\/sup> si\u00e8cle est plus libre, moderne et surtout \u00ab&nbsp;multit\u00e2che&nbsp;\u00bb, conciliant \u00e0 la fois son r\u00f4le d\u2019\u00e9pouse, de m\u00e8re et sa place dans le monde du travail, puisqu\u2019elle a d\u00e9sormais, partout dans le monde, acc\u00e8s \u00e0 des fonctions sociales et politiques qui lui \u00e9taient interdites auparavant. Dans la soci\u00e9t\u00e9 fran\u00e7aise, la femme s\u2019est \u00e9mancip\u00e9e gr\u00e2ce aux lois successives qui ont permis ce lent cheminement. Malheureusement, elle fait encore l\u2019objet de discriminations sexistes et seule une partie de la soci\u00e9t\u00e9 lui permet de se hisser au niveau des hommes.<\/p>\n<p>Certes, il est plus facile d\u2019\u00eatre une femme en 2021, mais les enjeux primordiaux restent la parit\u00e9 \u00e0 tous les niveaux, permettant l\u2019\u00e9galit\u00e9 des salaires, dont d\u00e9coule l\u2019autonomie financi\u00e8re. Le travail \u00e0 temps partiel &#8211; pour raison familiale ou personnelle &#8211; permet aussi de mener de front vie de famille et vie professionnelle.<\/p>\n<p>La condition f\u00e9minine a \u00e9volu\u00e9 de fa\u00e7on positive dans les milieux sociaux, \u00e9conomiques, civiques, politiques et professionnels. L\u2019I.V.G., la contraception, l\u2019acc\u00e8s aux mandats \u00e9lectoraux sont autant d\u2019avanc\u00e9es qui ont b\u00e9n\u00e9fici\u00e9 \u00e0 la condition f\u00e9minine. Mais la discrimination est encore bien pr\u00e9sente quant \u00e0 l\u2019acc\u00e8s \u00e0 certaines fonctions largement masculines, et harc\u00e8lement et violences faites aux femmes sont les fl\u00e9aux de notre soci\u00e9t\u00e9. Il reste donc des progr\u00e8s \u00e0 faire en termes d\u2019\u00e9galit\u00e9 des salaires, de mixit\u00e9 des m\u00e9tiers accessibles aux femmes, et de sanctions contre les violences sexistes.[\/vc_column_text][vc_zigzag el_width=\u00a0\u00bb70&Prime;][\/vc_column_inner][\/vc_row_inner][vc_row_inner css=\u00a0\u00bb.vc_custom_1613053118412{margin-top: 0px !important;}\u00a0\u00bb][vc_column_inner width=\u00a0\u00bb1\/2&Prime;][vc_empty_space][vc_custom_heading text=\u00a0\u00bbS\u00e9verine\u00a0\u00bb font_container=\u00a0\u00bbtag:h2|text_align:right\u00a0\u00bb][vc_custom_heading text=\u00a0\u00bbAgricultrice\u00a0\u00bb font_container=\u00a0\u00bbtag:h3|text_align:right\u00a0\u00bb][\/vc_column_inner][vc_column_inner width=\u00a0\u00bb1\/2&Prime;][vc_single_image image=\u00a0\u00bb9329&Prime; css_animation=\u00a0\u00bbrollIn\u00a0\u00bb][\/vc_column_inner][\/vc_row_inner][vc_row_inner css=\u00a0\u00bb.vc_custom_1613052066851{margin-top: 10px !important;}\u00a0\u00bb][vc_column_inner][vc_column_text el_class=\u00a0\u00bbjustify\u00a0\u00bb]Selon moi, la femme du XXI<sup>\u00e8me<\/sup> &nbsp;si\u00e8cle est une femme moderne, dynamique et libre et, tout comme l&rsquo;homme, elle a une place importante dans la soci\u00e9t\u00e9.<\/p>\n<p>En ce qui me concerne, je suis heureuse d&rsquo;\u00eatre une femme et heureuse d&rsquo;\u00eatre la femme que je suis ! J&rsquo;aime ma situation car je peux tour \u00e0 tour \u00eatre <em>femme<\/em> &#8211; appr\u00eat\u00e9e, maquill\u00e9e, &#8230;etc. -, <em>m\u00e8re <\/em>&#8211; le plus beau m\u00e9tier, le plus beau pr\u00e9sent que l&rsquo;on puisse faire \u00e0 une femme ! -, et <em>conjointe<\/em> d&rsquo;un homme aupr\u00e8s de qui je m&rsquo;\u00e9panouis au fil du temps et avec qui s&rsquo;\u00e9tablit une compl\u00e9mentarit\u00e9.<\/p>\n<p>J&rsquo;ai eu la chance, dans ma vie, de ne jamais \u00eatre jug\u00e9e parce que j\u2019\u00e9tais une fille ou une femme&nbsp;; au contraire !\u00a0\u00bb<\/p>\n<p>Ma profession, conjointe collaboratrice, est en ad\u00e9quation avec ce que je suis et correspond compl\u00e8tement \u00e0 mon temp\u00e9rament : le fait d&rsquo;\u00eatre \u00ab\u00a0multicartes\u00a0\u00bb me convient tout \u00e0 fait ! Sur l&rsquo;exploitation, aupr\u00e8s des animaux, parfois dans les champs, mais aussi au bureau ou \u00e0 la vente dans notre boutique, c&rsquo;est l&rsquo;id\u00e9al !<\/p>\n<p>Et comme dans ma vie personnelle, on retrouve cette compl\u00e9mentarit\u00e9 au travail : chacun trouve sa place et, avec les hommes de l&rsquo;exploitation, nous formons une belle \u00e9quipe ![\/vc_column_text][vc_zigzag el_width=\u00a0\u00bb70&Prime;][\/vc_column_inner][\/vc_row_inner][vc_row_inner][vc_column_inner width=\u00a0\u00bb1\/2&Prime;][vc_single_image image=\u00a0\u00bb9339&Prime; alignment=\u00a0\u00bbright\u00a0\u00bb css_animation=\u00a0\u00bbrollIn\u00a0\u00bb][\/vc_column_inner][vc_column_inner width=\u00a0\u00bb1\/2&Prime;][vc_empty_space][vc_custom_heading text=\u00a0\u00bbSylvie\u00a0\u00bb][vc_custom_heading text=\u00a0\u00bbCommer\u00e7ante\u00a0\u00bb font_container=\u00a0\u00bbtag:h3|text_align:left\u00a0\u00bb][\/vc_column_inner][\/vc_row_inner][vc_row_inner css=\u00a0\u00bb.vc_custom_1613051742211{margin-top: 10px !important;}\u00a0\u00bb][vc_column_inner][vc_column_text el_class=\u00a0\u00bbjustify\u00a0\u00bb]Dans mon m\u00e9tier de la vente, il y a autant d\u2019hommes que de femmes, mais dans le pr\u00eat-\u00e0-porter, il y a davantage de femmes. Au d\u00e9part, j\u2019ai une formation de comptable et de secr\u00e9taire m\u00e9dicale, puis je suis partie dans le commerce. Je suis une femme qui travaille, et qui s\u2019assume et s\u2019\u00e9panouit \u00e0 travers son m\u00e9tier, ce qui ne m\u2019emp\u00eache pas d\u2019\u00eatre aussi une \u00e9pouse et une maman. Pour moi, toutes ces \u00ab&nbsp;casquettes&nbsp;\u00bb sont compatibles, et aucune ne prend le dessus&nbsp;: il suffit de s\u2019organiser pour toutes les concilier. Personnellement, je suis heureuse en tant que femme, m\u00e8re et \u00e9pouse d\u2019un homme que j\u2019aime.<\/p>\n<p>Depuis le si\u00e8cle dernier, l\u2019\u00e9mancipation de la femme a repr\u00e9sent\u00e9 une belle envol\u00e9e dans son \u00e9volution&nbsp;: maintenant, elle travaille et s\u2019assume. Mais cela ne s\u2019est pas fait sans difficult\u00e9s&nbsp;: in\u00e9galit\u00e9 des t\u00e2ches, pr\u00e9jug\u00e9s sur les comp\u00e9tences, salaire inf\u00e9rieur. Malgr\u00e9 tout, dans le monde, la femme a une place importante, avec des postes \u00e0 responsabilit\u00e9, comme Angela Merkel, Chanceli\u00e8re d\u2019Allemagne, ou encore Christine Lagarde, Pr\u00e9sidente de la Banque Centrale Europ\u00e9enne.&nbsp;<\/p>\n<p>Selon moi, la femme du XXI<sup>\u00e8me<\/sup> si\u00e8cle est une femme \u00e9panouie, ind\u00e9pendante, s\u00fbre d\u2019elle et \u00e9gale \u00e0 l\u2019homme. Je pense que l\u2019avenir de la femme ne va pas cesser de s\u2019am\u00e9liorer, notamment gr\u00e2ce \u00e0 l\u2019intelligence artificielle qui va lui faciliter le quotidien.[\/vc_column_text][\/vc_column_inner][\/vc_row_inner][\/vc_column][\/vc_row]<\/p>\n","protected":false},"excerpt":{"rendered":"<p>Chaque ann\u00e9e, dans le cadre de la Journ\u00e9e Internationale des Droits des Femmes, la municipalit\u00e9 propose une pi\u00e8ce de th\u00e9\u00e2tre pour c\u00e9l\u00e9brer les femmes. Cette ann\u00e9e, crise sanitaire oblige, nous n\u2019avons pas pu proposer ce traditionnel rendez-vous, mais nous souhaitions tout de m\u00eame marquer le coup. C\u2019est pourquoi, nous avons d\u00e9cid\u00e9 de mettre \u00e0 l\u2019honneur [&hellip;]<\/p>\n","protected":false},"author":1,"featured_media":9428,"comment_status":"closed","ping_status":"open","sticky":false,"template":"","format":"standard","meta":{"_uag_custom_page_level_css":"","ngg_post_thumbnail":0,"footnotes":""},"categories":[1,47,44,42,71],"tags":[],"class_list":["post-9320","post","type-post","status-publish","format-standard","has-post-thumbnail","hentry","category-actualites","category-ceremonies","category-infos-mairie","category-solidarite-actualites","category-vie-locale"],"yoast_head":"<!-- This site is optimized with the Yoast SEO plugin v27.5 - https:\/\/yoast.com\/product\/yoast-seo-wordpress\/ -->\n<title>Paroles de Villemuriennes ! - Mairie Villemur-sur-Tarn<\/title>\n<meta name=\"robots\" content=\"index, follow, max-snippet:-1, max-image-preview:large, max-video-preview:-1\" \/>\n<link rel=\"canonical\" href=\"https:\/\/www.mairie-villemur-sur-tarn.fr\/site\/paroles-de-villemuriennes\/\" \/>\n<meta property=\"og:locale\" content=\"fr_FR\" \/>\n<meta property=\"og:type\" content=\"article\" \/>\n<meta property=\"og:title\" content=\"Paroles de Villemuriennes ! - Mairie Villemur-sur-Tarn\" \/>\n<meta property=\"og:description\" content=\"Chaque ann\u00e9e, dans le cadre de la Journ\u00e9e Internationale des Droits des Femmes, la municipalit\u00e9 propose une pi\u00e8ce de th\u00e9\u00e2tre pour c\u00e9l\u00e9brer les femmes. Cette ann\u00e9e, crise sanitaire oblige, nous n\u2019avons pas pu proposer ce traditionnel rendez-vous, mais nous souhaitions tout de m\u00eame marquer le coup. C\u2019est pourquoi, nous avons d\u00e9cid\u00e9 de mettre \u00e0 l\u2019honneur [&hellip;]\" \/>\n<meta property=\"og:url\" content=\"https:\/\/www.mairie-villemur-sur-tarn.fr\/site\/paroles-de-villemuriennes\/\" \/>\n<meta property=\"og:site_name\" content=\"Mairie Villemur-sur-Tarn\" \/>\n<meta property=\"article:publisher\" content=\"https:\/\/www.facebook.com\/mairievillemursurtarn\" \/>\n<meta property=\"article:published_time\" content=\"2021-02-23T13:45:58+00:00\" \/>\n<meta property=\"article:modified_time\" content=\"2024-06-26T14:10:41+00:00\" \/>\n<meta property=\"og:image\" content=\"https:\/\/www.mairie-villemur-sur-tarn.fr\/site\/wp-content\/uploads\/2002\/03\/journee-des-femmes-v3.jpg\" \/>\n\t<meta property=\"og:image:width\" content=\"960\" \/>\n\t<meta property=\"og:image:height\" content=\"1354\" \/>\n\t<meta property=\"og:image:type\" content=\"image\/jpeg\" \/>\n<meta name=\"author\" content=\"Mairie de Villemur-sur-Tarn\" \/>\n<meta name=\"twitter:card\" content=\"summary_large_image\" \/>\n<meta name=\"twitter:label1\" content=\"\u00c9crit par\" \/>\n\t<meta name=\"twitter:data1\" content=\"Mairie de Villemur-sur-Tarn\" \/>\n\t<meta name=\"twitter:label2\" content=\"Dur\u00e9e de lecture estim\u00e9e\" \/>\n\t<meta name=\"twitter:data2\" content=\"44 minutes\" \/>\n<script type=\"application\/ld+json\" class=\"yoast-schema-graph\">{\"@context\":\"https:\\\/\\\/schema.org\",\"@graph\":[{\"@type\":\"Article\",\"@id\":\"https:\\\/\\\/www.mairie-villemur-sur-tarn.fr\\\/site\\\/paroles-de-villemuriennes\\\/#article\",\"isPartOf\":{\"@id\":\"https:\\\/\\\/www.mairie-villemur-sur-tarn.fr\\\/site\\\/paroles-de-villemuriennes\\\/\"},\"author\":{\"name\":\"Mairie de Villemur-sur-Tarn\",\"@id\":\"https:\\\/\\\/www.mairie-villemur-sur-tarn.fr\\\/site\\\/#\\\/schema\\\/person\\\/3318652f2f5aec5902bf70eca266c017\"},\"headline\":\"Paroles de Villemuriennes !\",\"datePublished\":\"2021-02-23T13:45:58+00:00\",\"dateModified\":\"2024-06-26T14:10:41+00:00\",\"mainEntityOfPage\":{\"@id\":\"https:\\\/\\\/www.mairie-villemur-sur-tarn.fr\\\/site\\\/paroles-de-villemuriennes\\\/\"},\"wordCount\":8782,\"publisher\":{\"@id\":\"https:\\\/\\\/www.mairie-villemur-sur-tarn.fr\\\/site\\\/#organization\"},\"image\":{\"@id\":\"https:\\\/\\\/www.mairie-villemur-sur-tarn.fr\\\/site\\\/paroles-de-villemuriennes\\\/#primaryimage\"},\"thumbnailUrl\":\"https:\\\/\\\/www.mairie-villemur-sur-tarn.fr\\\/site\\\/wp-content\\\/uploads\\\/2002\\\/03\\\/journee-des-femmes-v3.jpg\",\"articleSection\":[\"Actualit\u00e9s\",\"C\u00e9r\u00e9monies\",\"Infos Mairie\",\"Solidarit\u00e9\",\"Vie locale\"],\"inLanguage\":\"fr-FR\"},{\"@type\":\"WebPage\",\"@id\":\"https:\\\/\\\/www.mairie-villemur-sur-tarn.fr\\\/site\\\/paroles-de-villemuriennes\\\/\",\"url\":\"https:\\\/\\\/www.mairie-villemur-sur-tarn.fr\\\/site\\\/paroles-de-villemuriennes\\\/\",\"name\":\"Paroles de Villemuriennes ! - Mairie Villemur-sur-Tarn\",\"isPartOf\":{\"@id\":\"https:\\\/\\\/www.mairie-villemur-sur-tarn.fr\\\/site\\\/#website\"},\"primaryImageOfPage\":{\"@id\":\"https:\\\/\\\/www.mairie-villemur-sur-tarn.fr\\\/site\\\/paroles-de-villemuriennes\\\/#primaryimage\"},\"image\":{\"@id\":\"https:\\\/\\\/www.mairie-villemur-sur-tarn.fr\\\/site\\\/paroles-de-villemuriennes\\\/#primaryimage\"},\"thumbnailUrl\":\"https:\\\/\\\/www.mairie-villemur-sur-tarn.fr\\\/site\\\/wp-content\\\/uploads\\\/2002\\\/03\\\/journee-des-femmes-v3.jpg\",\"datePublished\":\"2021-02-23T13:45:58+00:00\",\"dateModified\":\"2024-06-26T14:10:41+00:00\",\"breadcrumb\":{\"@id\":\"https:\\\/\\\/www.mairie-villemur-sur-tarn.fr\\\/site\\\/paroles-de-villemuriennes\\\/#breadcrumb\"},\"inLanguage\":\"fr-FR\",\"potentialAction\":[{\"@type\":\"ReadAction\",\"target\":[\"https:\\\/\\\/www.mairie-villemur-sur-tarn.fr\\\/site\\\/paroles-de-villemuriennes\\\/\"]}]},{\"@type\":\"ImageObject\",\"inLanguage\":\"fr-FR\",\"@id\":\"https:\\\/\\\/www.mairie-villemur-sur-tarn.fr\\\/site\\\/paroles-de-villemuriennes\\\/#primaryimage\",\"url\":\"https:\\\/\\\/www.mairie-villemur-sur-tarn.fr\\\/site\\\/wp-content\\\/uploads\\\/2002\\\/03\\\/journee-des-femmes-v3.jpg\",\"contentUrl\":\"https:\\\/\\\/www.mairie-villemur-sur-tarn.fr\\\/site\\\/wp-content\\\/uploads\\\/2002\\\/03\\\/journee-des-femmes-v3.jpg\",\"width\":960,\"height\":1354},{\"@type\":\"BreadcrumbList\",\"@id\":\"https:\\\/\\\/www.mairie-villemur-sur-tarn.fr\\\/site\\\/paroles-de-villemuriennes\\\/#breadcrumb\",\"itemListElement\":[{\"@type\":\"ListItem\",\"position\":1,\"name\":\"Accueil\",\"item\":\"https:\\\/\\\/www.mairie-villemur-sur-tarn.fr\\\/site\\\/\"},{\"@type\":\"ListItem\",\"position\":2,\"name\":\"Paroles de Villemuriennes !\"}]},{\"@type\":\"WebSite\",\"@id\":\"https:\\\/\\\/www.mairie-villemur-sur-tarn.fr\\\/site\\\/#website\",\"url\":\"https:\\\/\\\/www.mairie-villemur-sur-tarn.fr\\\/site\\\/\",\"name\":\"Mairie Villemur-sur-Tarn\",\"description\":\"Site officiel canton Villemur Toulouse Nord. D\u00e9marches en ligne, conseil municipal, actualit\u00e9s Villemur, Annuaire Villemur, March\u00e9s...\",\"publisher\":{\"@id\":\"https:\\\/\\\/www.mairie-villemur-sur-tarn.fr\\\/site\\\/#organization\"},\"potentialAction\":[{\"@type\":\"SearchAction\",\"target\":{\"@type\":\"EntryPoint\",\"urlTemplate\":\"https:\\\/\\\/www.mairie-villemur-sur-tarn.fr\\\/site\\\/?s={search_term_string}\"},\"query-input\":{\"@type\":\"PropertyValueSpecification\",\"valueRequired\":true,\"valueName\":\"search_term_string\"}}],\"inLanguage\":\"fr-FR\"},{\"@type\":\"Organization\",\"@id\":\"https:\\\/\\\/www.mairie-villemur-sur-tarn.fr\\\/site\\\/#organization\",\"name\":\"Mairie Villemur-sur-Tarn\",\"url\":\"https:\\\/\\\/www.mairie-villemur-sur-tarn.fr\\\/site\\\/\",\"logo\":{\"@type\":\"ImageObject\",\"inLanguage\":\"fr-FR\",\"@id\":\"https:\\\/\\\/www.mairie-villemur-sur-tarn.fr\\\/site\\\/#\\\/schema\\\/logo\\\/image\\\/\",\"url\":\"https:\\\/\\\/www.mairie-villemur-sur-tarn.fr\\\/site\\\/wp-content\\\/uploads\\\/Villemur-LOGO-carre-PNG.png\",\"contentUrl\":\"https:\\\/\\\/www.mairie-villemur-sur-tarn.fr\\\/site\\\/wp-content\\\/uploads\\\/Villemur-LOGO-carre-PNG.png\",\"width\":887,\"height\":886,\"caption\":\"Mairie Villemur-sur-Tarn\"},\"image\":{\"@id\":\"https:\\\/\\\/www.mairie-villemur-sur-tarn.fr\\\/site\\\/#\\\/schema\\\/logo\\\/image\\\/\"},\"sameAs\":[\"https:\\\/\\\/www.facebook.com\\\/mairievillemursurtarn\",\"https:\\\/\\\/www.instagram.com\\\/villemur_sur_tarn\\\/\"]},{\"@type\":\"Person\",\"@id\":\"https:\\\/\\\/www.mairie-villemur-sur-tarn.fr\\\/site\\\/#\\\/schema\\\/person\\\/3318652f2f5aec5902bf70eca266c017\",\"name\":\"Mairie de Villemur-sur-Tarn\",\"image\":{\"@type\":\"ImageObject\",\"inLanguage\":\"fr-FR\",\"@id\":\"https:\\\/\\\/secure.gravatar.com\\\/avatar\\\/85f71256c4710d707e4b698b3b804ce8e2f0b784b59af41d4da67373b81658c9?s=96&d=mm&r=g\",\"url\":\"https:\\\/\\\/secure.gravatar.com\\\/avatar\\\/85f71256c4710d707e4b698b3b804ce8e2f0b784b59af41d4da67373b81658c9?s=96&d=mm&r=g\",\"contentUrl\":\"https:\\\/\\\/secure.gravatar.com\\\/avatar\\\/85f71256c4710d707e4b698b3b804ce8e2f0b784b59af41d4da67373b81658c9?s=96&d=mm&r=g\",\"caption\":\"Mairie de Villemur-sur-Tarn\"},\"url\":\"https:\\\/\\\/www.mairie-villemur-sur-tarn.fr\\\/site\\\/author\\\/villmurtarn_admin\\\/\"}]}<\/script>\n<!-- \/ Yoast SEO plugin. -->","yoast_head_json":{"title":"Paroles de Villemuriennes ! - Mairie Villemur-sur-Tarn","robots":{"index":"index","follow":"follow","max-snippet":"max-snippet:-1","max-image-preview":"max-image-preview:large","max-video-preview":"max-video-preview:-1"},"canonical":"https:\/\/www.mairie-villemur-sur-tarn.fr\/site\/paroles-de-villemuriennes\/","og_locale":"fr_FR","og_type":"article","og_title":"Paroles de Villemuriennes ! - Mairie Villemur-sur-Tarn","og_description":"Chaque ann\u00e9e, dans le cadre de la Journ\u00e9e Internationale des Droits des Femmes, la municipalit\u00e9 propose une pi\u00e8ce de th\u00e9\u00e2tre pour c\u00e9l\u00e9brer les femmes. Cette ann\u00e9e, crise sanitaire oblige, nous n\u2019avons pas pu proposer ce traditionnel rendez-vous, mais nous souhaitions tout de m\u00eame marquer le coup. C\u2019est pourquoi, nous avons d\u00e9cid\u00e9 de mettre \u00e0 l\u2019honneur [&hellip;]","og_url":"https:\/\/www.mairie-villemur-sur-tarn.fr\/site\/paroles-de-villemuriennes\/","og_site_name":"Mairie Villemur-sur-Tarn","article_publisher":"https:\/\/www.facebook.com\/mairievillemursurtarn","article_published_time":"2021-02-23T13:45:58+00:00","article_modified_time":"2024-06-26T14:10:41+00:00","og_image":[{"width":960,"height":1354,"url":"https:\/\/www.mairie-villemur-sur-tarn.fr\/site\/wp-content\/uploads\/2002\/03\/journee-des-femmes-v3.jpg","type":"image\/jpeg"}],"author":"Mairie de Villemur-sur-Tarn","twitter_card":"summary_large_image","twitter_misc":{"\u00c9crit par":"Mairie de Villemur-sur-Tarn","Dur\u00e9e de lecture estim\u00e9e":"44 minutes"},"schema":{"@context":"https:\/\/schema.org","@graph":[{"@type":"Article","@id":"https:\/\/www.mairie-villemur-sur-tarn.fr\/site\/paroles-de-villemuriennes\/#article","isPartOf":{"@id":"https:\/\/www.mairie-villemur-sur-tarn.fr\/site\/paroles-de-villemuriennes\/"},"author":{"name":"Mairie de Villemur-sur-Tarn","@id":"https:\/\/www.mairie-villemur-sur-tarn.fr\/site\/#\/schema\/person\/3318652f2f5aec5902bf70eca266c017"},"headline":"Paroles de Villemuriennes !","datePublished":"2021-02-23T13:45:58+00:00","dateModified":"2024-06-26T14:10:41+00:00","mainEntityOfPage":{"@id":"https:\/\/www.mairie-villemur-sur-tarn.fr\/site\/paroles-de-villemuriennes\/"},"wordCount":8782,"publisher":{"@id":"https:\/\/www.mairie-villemur-sur-tarn.fr\/site\/#organization"},"image":{"@id":"https:\/\/www.mairie-villemur-sur-tarn.fr\/site\/paroles-de-villemuriennes\/#primaryimage"},"thumbnailUrl":"https:\/\/www.mairie-villemur-sur-tarn.fr\/site\/wp-content\/uploads\/2002\/03\/journee-des-femmes-v3.jpg","articleSection":["Actualit\u00e9s","C\u00e9r\u00e9monies","Infos Mairie","Solidarit\u00e9","Vie locale"],"inLanguage":"fr-FR"},{"@type":"WebPage","@id":"https:\/\/www.mairie-villemur-sur-tarn.fr\/site\/paroles-de-villemuriennes\/","url":"https:\/\/www.mairie-villemur-sur-tarn.fr\/site\/paroles-de-villemuriennes\/","name":"Paroles de Villemuriennes ! - Mairie Villemur-sur-Tarn","isPartOf":{"@id":"https:\/\/www.mairie-villemur-sur-tarn.fr\/site\/#website"},"primaryImageOfPage":{"@id":"https:\/\/www.mairie-villemur-sur-tarn.fr\/site\/paroles-de-villemuriennes\/#primaryimage"},"image":{"@id":"https:\/\/www.mairie-villemur-sur-tarn.fr\/site\/paroles-de-villemuriennes\/#primaryimage"},"thumbnailUrl":"https:\/\/www.mairie-villemur-sur-tarn.fr\/site\/wp-content\/uploads\/2002\/03\/journee-des-femmes-v3.jpg","datePublished":"2021-02-23T13:45:58+00:00","dateModified":"2024-06-26T14:10:41+00:00","breadcrumb":{"@id":"https:\/\/www.mairie-villemur-sur-tarn.fr\/site\/paroles-de-villemuriennes\/#breadcrumb"},"inLanguage":"fr-FR","potentialAction":[{"@type":"ReadAction","target":["https:\/\/www.mairie-villemur-sur-tarn.fr\/site\/paroles-de-villemuriennes\/"]}]},{"@type":"ImageObject","inLanguage":"fr-FR","@id":"https:\/\/www.mairie-villemur-sur-tarn.fr\/site\/paroles-de-villemuriennes\/#primaryimage","url":"https:\/\/www.mairie-villemur-sur-tarn.fr\/site\/wp-content\/uploads\/2002\/03\/journee-des-femmes-v3.jpg","contentUrl":"https:\/\/www.mairie-villemur-sur-tarn.fr\/site\/wp-content\/uploads\/2002\/03\/journee-des-femmes-v3.jpg","width":960,"height":1354},{"@type":"BreadcrumbList","@id":"https:\/\/www.mairie-villemur-sur-tarn.fr\/site\/paroles-de-villemuriennes\/#breadcrumb","itemListElement":[{"@type":"ListItem","position":1,"name":"Accueil","item":"https:\/\/www.mairie-villemur-sur-tarn.fr\/site\/"},{"@type":"ListItem","position":2,"name":"Paroles de Villemuriennes !"}]},{"@type":"WebSite","@id":"https:\/\/www.mairie-villemur-sur-tarn.fr\/site\/#website","url":"https:\/\/www.mairie-villemur-sur-tarn.fr\/site\/","name":"Mairie Villemur-sur-Tarn","description":"Site officiel canton Villemur Toulouse Nord. D\u00e9marches en ligne, conseil municipal, actualit\u00e9s Villemur, Annuaire Villemur, March\u00e9s...","publisher":{"@id":"https:\/\/www.mairie-villemur-sur-tarn.fr\/site\/#organization"},"potentialAction":[{"@type":"SearchAction","target":{"@type":"EntryPoint","urlTemplate":"https:\/\/www.mairie-villemur-sur-tarn.fr\/site\/?s={search_term_string}"},"query-input":{"@type":"PropertyValueSpecification","valueRequired":true,"valueName":"search_term_string"}}],"inLanguage":"fr-FR"},{"@type":"Organization","@id":"https:\/\/www.mairie-villemur-sur-tarn.fr\/site\/#organization","name":"Mairie Villemur-sur-Tarn","url":"https:\/\/www.mairie-villemur-sur-tarn.fr\/site\/","logo":{"@type":"ImageObject","inLanguage":"fr-FR","@id":"https:\/\/www.mairie-villemur-sur-tarn.fr\/site\/#\/schema\/logo\/image\/","url":"https:\/\/www.mairie-villemur-sur-tarn.fr\/site\/wp-content\/uploads\/Villemur-LOGO-carre-PNG.png","contentUrl":"https:\/\/www.mairie-villemur-sur-tarn.fr\/site\/wp-content\/uploads\/Villemur-LOGO-carre-PNG.png","width":887,"height":886,"caption":"Mairie Villemur-sur-Tarn"},"image":{"@id":"https:\/\/www.mairie-villemur-sur-tarn.fr\/site\/#\/schema\/logo\/image\/"},"sameAs":["https:\/\/www.facebook.com\/mairievillemursurtarn","https:\/\/www.instagram.com\/villemur_sur_tarn\/"]},{"@type":"Person","@id":"https:\/\/www.mairie-villemur-sur-tarn.fr\/site\/#\/schema\/person\/3318652f2f5aec5902bf70eca266c017","name":"Mairie de Villemur-sur-Tarn","image":{"@type":"ImageObject","inLanguage":"fr-FR","@id":"https:\/\/secure.gravatar.com\/avatar\/85f71256c4710d707e4b698b3b804ce8e2f0b784b59af41d4da67373b81658c9?s=96&d=mm&r=g","url":"https:\/\/secure.gravatar.com\/avatar\/85f71256c4710d707e4b698b3b804ce8e2f0b784b59af41d4da67373b81658c9?s=96&d=mm&r=g","contentUrl":"https:\/\/secure.gravatar.com\/avatar\/85f71256c4710d707e4b698b3b804ce8e2f0b784b59af41d4da67373b81658c9?s=96&d=mm&r=g","caption":"Mairie de Villemur-sur-Tarn"},"url":"https:\/\/www.mairie-villemur-sur-tarn.fr\/site\/author\/villmurtarn_admin\/"}]}},"uagb_featured_image_src":{"full":["https:\/\/www.mairie-villemur-sur-tarn.fr\/site\/wp-content\/uploads\/2002\/03\/journee-des-femmes-v3.jpg",960,1354,false],"thumbnail":["https:\/\/www.mairie-villemur-sur-tarn.fr\/site\/wp-content\/uploads\/2002\/03\/journee-des-femmes-v3-180x180.jpg",150,150,true],"medium":["https:\/\/www.mairie-villemur-sur-tarn.fr\/site\/wp-content\/uploads\/2002\/03\/journee-des-femmes-v3-750x510.jpg",300,204,true],"medium_large":["https:\/\/www.mairie-villemur-sur-tarn.fr\/site\/wp-content\/uploads\/2002\/03\/journee-des-femmes-v3-768x1083.jpg",768,1083,true],"large":["https:\/\/www.mairie-villemur-sur-tarn.fr\/site\/wp-content\/uploads\/2002\/03\/journee-des-femmes-v3-726x1024.jpg",726,1024,true],"1536x1536":["https:\/\/www.mairie-villemur-sur-tarn.fr\/site\/wp-content\/uploads\/2002\/03\/journee-des-femmes-v3.jpg",960,1354,false],"2048x2048":["https:\/\/www.mairie-villemur-sur-tarn.fr\/site\/wp-content\/uploads\/2002\/03\/journee-des-femmes-v3.jpg",960,1354,false],"post-thumbnail":["https:\/\/www.mairie-villemur-sur-tarn.fr\/site\/wp-content\/uploads\/2002\/03\/journee-des-femmes-v3-312x440.jpg",312,440,true],"winnex_medium":["https:\/\/www.mairie-villemur-sur-tarn.fr\/site\/wp-content\/uploads\/2002\/03\/journee-des-femmes-v3-500x375.jpg",500,375,true],"winnex_height":["https:\/\/www.mairie-villemur-sur-tarn.fr\/site\/wp-content\/uploads\/2002\/03\/journee-des-femmes-v3-400x468.jpg",400,468,true]},"uagb_author_info":{"display_name":"Mairie de Villemur-sur-Tarn","author_link":"https:\/\/www.mairie-villemur-sur-tarn.fr\/site\/author\/villmurtarn_admin\/"},"uagb_comment_info":0,"uagb_excerpt":"Chaque ann\u00e9e, dans le cadre de la Journ\u00e9e Internationale des Droits des Femmes, la municipalit\u00e9 propose une pi\u00e8ce de th\u00e9\u00e2tre pour c\u00e9l\u00e9brer les femmes. Cette ann\u00e9e, crise sanitaire oblige, nous n\u2019avons pas pu proposer ce traditionnel rendez-vous, mais nous souhaitions tout de m\u00eame marquer le coup. C\u2019est pourquoi, nous avons d\u00e9cid\u00e9 de mettre \u00e0 l\u2019honneur\u2026","_links":{"self":[{"href":"https:\/\/www.mairie-villemur-sur-tarn.fr\/site\/wp-json\/wp\/v2\/posts\/9320","targetHints":{"allow":["GET"]}}],"collection":[{"href":"https:\/\/www.mairie-villemur-sur-tarn.fr\/site\/wp-json\/wp\/v2\/posts"}],"about":[{"href":"https:\/\/www.mairie-villemur-sur-tarn.fr\/site\/wp-json\/wp\/v2\/types\/post"}],"author":[{"embeddable":true,"href":"https:\/\/www.mairie-villemur-sur-tarn.fr\/site\/wp-json\/wp\/v2\/users\/1"}],"replies":[{"embeddable":true,"href":"https:\/\/www.mairie-villemur-sur-tarn.fr\/site\/wp-json\/wp\/v2\/comments?post=9320"}],"version-history":[{"count":72,"href":"https:\/\/www.mairie-villemur-sur-tarn.fr\/site\/wp-json\/wp\/v2\/posts\/9320\/revisions"}],"predecessor-version":[{"id":9435,"href":"https:\/\/www.mairie-villemur-sur-tarn.fr\/site\/wp-json\/wp\/v2\/posts\/9320\/revisions\/9435"}],"wp:featuredmedia":[{"embeddable":true,"href":"https:\/\/www.mairie-villemur-sur-tarn.fr\/site\/wp-json\/wp\/v2\/media\/9428"}],"wp:attachment":[{"href":"https:\/\/www.mairie-villemur-sur-tarn.fr\/site\/wp-json\/wp\/v2\/media?parent=9320"}],"wp:term":[{"taxonomy":"category","embeddable":true,"href":"https:\/\/www.mairie-villemur-sur-tarn.fr\/site\/wp-json\/wp\/v2\/categories?post=9320"},{"taxonomy":"post_tag","embeddable":true,"href":"https:\/\/www.mairie-villemur-sur-tarn.fr\/site\/wp-json\/wp\/v2\/tags?post=9320"}],"curies":[{"name":"wp","href":"https:\/\/api.w.org\/{rel}","templated":true}]}}